{"id":50603,"date":"2025-12-30T18:24:33","date_gmt":"2025-12-30T18:24:33","guid":{"rendered":"https:\/\/historiografija.hr\/?p=50603"},"modified":"2025-12-30T18:24:33","modified_gmt":"2025-12-30T18:24:33","slug":"60-godina-kic-a-od-informacije-do-kulture","status":"publish","type":"post","link":"https:\/\/historiografija.hr\/?p=50603","title":{"rendered":"60 GODINA KIC-a: OD INFORMACIJE DO KULTURE"},"content":{"rendered":"\n<p>Kulturno informativni centar (KIC) obilje\u017eava svoju 60. obljetnicu atraktivnim programom koji \u0107e u srijedu, 17. prosinca 2025. ispuniti Galeriju Forum i druge KIC-ove prostore. Otvara se velika slavljeni\u010dka izlo\u017eba, lansira se novi digitalni arhiv dostupan na arhiv.kic.hr, a ve\u010der otvorenja dodatno \u0107e zaokru\u017eiti poseban jazz program inspiriran Modern Jazz Quartetom \u2013 svojevrsna glazbena posveta bogatoj KIC-ovoj povijesti i njegovoj ljubavi prema jazzu. Izlo\u017eba ostaje otvorena do kraja sije\u010dnja, dok novi online arhiv donosi digitaliziranu gra\u0111u iz svih \u0161est desetlje\u0107a djelovanja KIC-a.<\/p>\n\n\n\n<p><strong>Izlo\u017ebeni postav: fokus na razdoblje 1965.\u20131985.<\/strong><\/p>\n\n\n\n<p>Sredi\u0161nji dio programa \u010dini \u017eivopisni izlo\u017ebeni postav u Galeriji Forum koji prati prva dva desetlje\u0107a Centra i njegovu specifi\u010dnu ulogu u lokalnom kontekstu, u vrijeme socijalisti\u010dkog modernizma, obilje\u017eeno intenzivnim dru\u0161tvenim razvojem i specifi\u010dnim jugoslavenskim politi\u010dkim kontekstom. Instalaciju \u2013 koja uklju\u010duje multimedijalni sadr\u017eaj i svojom formom sugerira mozai\u010dnu strukturu online arhiva \u2013 oblikovale su dizajnerica Petra Mili\u010dki i arhitektica Iva Maria Juri\u0107, dok koncepciju potpisuje Jelena Pa\u0161i\u0107. Dinami\u010dno prezentiran arhivski materijal otkriva klju\u010dne pojmove, prakse i osobe koje su obilje\u017eile rani razvoj ustanove, pru\u017eaju\u0107i uvid u kulturni tempo i intelektualnu atmosferu Zagreba u tom razdoblju.<\/p>\n\n\n\n<p>Uz sredi\u0161nju izlo\u017ebu publika \u0107e imati priliku poslu\u0161ati i radijsku instalaciju sastavljenu od davnih glasova, misli i stihova velike \u0161estorice hrvatskih umjetnika \u2013 Ede Murti\u0107a, \u0110ure Sedera, Zlatka Price, Koste Angelija Radovanija, Ferdinanda Kulmera i Ivana Ko\u017eari\u0107a. U Galeriji na katu KIC-a projicirat \u0107e se audiovizualni tragovi i svjedo\u010danstava osoba \u010dije stvaranje dodiruje programe KIC-a i Galerije Forum u raznim razdobljima. Radijski i televizijski sadr\u017eaj potekao iz bogate ba\u0161tine Radija i Televizije Zagreb (dana\u0161njeg HRT-a, ujedno i partnera ovog projekta) posebno za ovu priliku oblikovali su monta\u017eerka Klara \u0160ovagovi\u0107 i oblikovatelj zvuka Luka Gamulin.<\/p>\n\n\n\n<p><strong>Dostupan i otvoren online arhiv<\/strong><\/p>\n\n\n\n<p>Novi online arhiv omogu\u0107uje javnosti pregled gra\u0111e koja uklju\u010duje plakate, fotografije, tiskane publikacije, filmske zapise i tonske snimke, nude\u0107i jedinstven uvid u \u0161ezdeset godina KIC-ovog rada. Platforma donosi bogat materijal koji je sada jednostavno dostupan, pregledan i otvoren svima.<\/p>\n\n\n\n<p><strong>Povijest KIC-a: \u0161est desetlje\u0107a kulture, dijaloga i kriti\u010dke misl<\/strong>i<\/p>\n\n\n\n<p>KIC je osnovan 1965. kao Centar za kulturu i informacije, s vizijom da se putem inovativnih formi progovara o suvremenim dru\u0161tveno-politi\u010dkim zbivanjima, kulturnoj politici i najva\u017enijim dru\u0161tvenim temama. Kako je istaknula tada\u0161nja direktorica Vera Sari\u0107 1970. godine, cilj je bio otvaranje prostora za originalne i progresivne pristupe kulturnim sadr\u017eajima. Od samih po\u010detaka KIC je razvijao \u0161irok spektar programa \u2013 od informativno-politi\u010dkih i knji\u017eevnih, preko likovnih i glazbenih, do filmskih i op\u0107e-kulturnih sadr\u017eaja.<\/p>\n\n\n\n<p>Godine 1969. u sklopu ustanove osnovana je Galerija Forum, kojom je upravljao tim renomiranih umjetnika predvo\u0111en Edom Murti\u0107em, a kasnije pro\u0161irenom Studijem GF posve\u0107enim mladim, jo\u0161 neafirmiranim autorima.<\/p>\n\n\n\n<p>Zagreba\u010dkoj kulturnoj sceni pridonio je niz djelatnika KIC-a poput voditelja Galerije Forum Vladimira Bu\u017ean\u010di\u0107a, redatelja i voditelja filmskih programa Rudolfa Sremca te Mire Kri\u017ei\u0107a, jednog od najve\u0107ih poznavatelja jazza na doma\u0107em tlu. KIC je bio i mjesto susreta s me\u0111unarodnom kulturom i umjetno\u0161\u0107u, a ve\u0107 u prvim godinama djelovanja ugostio je i niz prominentnih imena poput talijanskog redatelja Piera Paola Pasolinija, novinarke i knji\u017eevnice Oriane Fallaci, knji\u017eevnog velikana G\u00fcntera Grassa te pijanista i skladatelja Johna Lewisa, \u010diji je Modern Jazz Quartet vje\u0161to i uz impresivnu tehni\u010dku preciznost spajao razli\u010dite glazbene utjecaje \u2013 \u0161to se simboli\u010dno odra\u017eava i u programu obilje\u017eavanja godi\u0161njice.<\/p>\n\n\n\n<hr class=\"wp-block-separator has-alpha-channel-opacity\"\/>\n\n\n\n<p>Izvor i dodatne informacije:<\/p>\n\n\n\n<p><a href=\"https:\/\/www.kic.hr\/program\/60-godina-kic-a\">https:\/\/www.kic.hr\/program\/60-godina-kic-a<\/a><\/p>\n\n\n\n<hr class=\"wp-block-separator has-alpha-channel-opacity\"\/>\n","protected":false},"excerpt":{"rendered":"","protected":false},"author":2,"featured_media":50605,"comment_status":"open","ping_status":"open","sticky":false,"template":"","format":"standard","meta":{"_acf_changed":false,"jetpack_post_was_ever_published":false,"_jetpack_newsletter_access":"","_jetpack_dont_email_post_to_subs":false,"_jetpack_newsletter_tier_id":0,"_jetpack_memberships_contains_paywalled_content":false,"_jetpack_memberships_contains_paid_content":false,"footnotes":"","jetpack_publicize_message":"","jetpack_publicize_feature_enabled":true,"jetpack_social_post_already_shared":true,"jetpack_social_options":{"image_generator_settings":{"template":"highway","default_image_id":0,"font":"","enabled":false},"version":2}},"categories":[10,3],"tags":[],"class_list":["post-50603","post","type-post","status-publish","format-standard","has-post-thumbnail","hentry","category-izlozbe","category-novosti"],"acf":{"facebook_opis":""},"jetpack_publicize_connections":[],"jetpack_featured_media_url":"https:\/\/i0.wp.com\/historiografija.hr\/wp-content\/uploads\/2025\/12\/kic60.png?fit=780%2C441&ssl=1","jetpack_sharing_enabled":true,"jetpack-related-posts":[],"_links":{"self":[{"href":"https:\/\/historiografija.hr\/index.php?rest_route=\/wp\/v2\/posts\/50603","targetHints":{"allow":["GET"]}}],"collection":[{"href":"https:\/\/historiografija.hr\/index.php?rest_route=\/wp\/v2\/posts"}],"about":[{"href":"https:\/\/historiografija.hr\/index.php?rest_route=\/wp\/v2\/types\/post"}],"author":[{"embeddable":true,"href":"https:\/\/historiografija.hr\/index.php?rest_route=\/wp\/v2\/users\/2"}],"replies":[{"embeddable":true,"href":"https:\/\/historiografija.hr\/index.php?rest_route=%2Fwp%2Fv2%2Fcomments&post=50603"}],"version-history":[{"count":1,"href":"https:\/\/historiografija.hr\/index.php?rest_route=\/wp\/v2\/posts\/50603\/revisions"}],"predecessor-version":[{"id":50606,"href":"https:\/\/historiografija.hr\/index.php?rest_route=\/wp\/v2\/posts\/50603\/revisions\/50606"}],"wp:featuredmedia":[{"embeddable":true,"href":"https:\/\/historiografija.hr\/index.php?rest_route=\/wp\/v2\/media\/50605"}],"wp:attachment":[{"href":"https:\/\/historiografija.hr\/index.php?rest_route=%2Fwp%2Fv2%2Fmedia&parent=50603"}],"wp:term":[{"taxonomy":"category","embeddable":true,"href":"https:\/\/historiografija.hr\/index.php?rest_route=%2Fwp%2Fv2%2Fcategories&post=50603"},{"taxonomy":"post_tag","embeddable":true,"href":"https:\/\/historiografija.hr\/index.php?rest_route=%2Fwp%2Fv2%2Ftags&post=50603"}],"curies":[{"name":"wp","href":"https:\/\/api.w.org\/{rel}","templated":true}]}}