{"id":50579,"date":"2025-12-29T22:51:31","date_gmt":"2025-12-29T22:51:31","guid":{"rendered":"https:\/\/historiografija.hr\/?p=50579"},"modified":"2025-12-29T22:52:46","modified_gmt":"2025-12-29T22:52:46","slug":"polozeni-vijenci-kralju-tomislavu-za-zavrsetak-obiljezavanja-1100-godina-hrvatskoga-kraljevstva","status":"publish","type":"post","link":"https:\/\/historiografija.hr\/?p=50579","title":{"rendered":"Polo\u017eeni vijenci kralju Tomislavu za zavr\u0161etak obilje\u017eavanja 1100. godina Hrvatskoga Kraljevstva"},"content":{"rendered":"\n<p>Matica hrvatska i Dru\u017eba \u201eBra\u0107a Hrvatskoga Zmaja\u201c s izaslanstvom Hrvatskoga sabora predvo\u0111enim akademikom \u017deljkom Reinerom, potpredsjednikom Hrvatskoga sabora i izaslanikom predsjednika Hrvatskoga sabora na Trgu kralja Tomislava u Zagrebu 29. prosinca 2025. polo\u017eili su vijence ispred spomenika kralja Tomislava, povodom zavr\u0161etka obilje\u017eavanja 1100. obljetnice Hrvatskoga Kraljevstva.<\/p>\n\n\n\n<p>Na inicijativu Matice hrvatske i Dru\u017ebe \u201eBra\u0107a Hrvatskoga Zmaja\u201c, Hrvatski je sabor prihvatio prijedlog da se 2025. godina proglasi \u201eGodinom obilje\u017eavanja 1100. obljetnice Hrvatskoga Kraljevstva\u201c.<\/p>\n\n\n\n<p>Polaganjem vijenaca zaokru\u017eena je ova zna\u010dajna obljetnica hrvatske povijesti, odaju\u0107i po\u010dast prvomu hrvatskom kralju i temeljima hrvatske dr\u017eavnosti.&nbsp;<\/p>\n\n\n\n<hr class=\"wp-block-separator has-alpha-channel-opacity\"\/>\n\n\n\n<p>Izvor i fotogalerija:<\/p>\n\n\n\n<p><a href=\"https:\/\/www.matica.hr\/novosti\/polozeni-vijenci-kralju-tomislavu-za-zavrsetak-obiljezavanja-1100-godina-hrvatskoga-kraljevstva-465\">https:\/\/www.matica.hr\/novosti\/polozeni-vijenci-kralju-tomislavu-za-zavrsetak-obiljezavanja-1100-godina-hrvatskoga-kraljevstva-465<\/a><\/p>\n\n\n\n<hr class=\"wp-block-separator has-alpha-channel-opacity\"\/>\n","protected":false},"excerpt":{"rendered":"","protected":false},"author":2,"featured_media":50583,"comment_status":"open","ping_status":"open","sticky":false,"template":"","format":"standard","meta":{"_acf_changed":false,"jetpack_post_was_ever_published":false,"_jetpack_newsletter_access":"","_jetpack_dont_email_post_to_subs":false,"_jetpack_newsletter_tier_id":0,"_jetpack_memberships_contains_paywalled_content":false,"_jetpack_memberships_contains_paid_content":false,"footnotes":"","jetpack_publicize_message":"","jetpack_publicize_feature_enabled":true,"jetpack_social_post_already_shared":true,"jetpack_social_options":{"image_generator_settings":{"template":"highway","default_image_id":0,"font":"","enabled":false},"version":2}},"categories":[3],"tags":[],"class_list":["post-50579","post","type-post","status-publish","format-standard","has-post-thumbnail","hentry","category-novosti"],"acf":{"facebook_opis":""},"jetpack_publicize_connections":[],"jetpack_featured_media_url":"https:\/\/i0.wp.com\/historiografija.hr\/wp-content\/uploads\/2025\/12\/Polaganje_vijenaca_Mirko_Cvjetko.jpg?fit=680%2C308&ssl=1","jetpack_sharing_enabled":true,"jetpack-related-posts":[],"_links":{"self":[{"href":"https:\/\/historiografija.hr\/index.php?rest_route=\/wp\/v2\/posts\/50579","targetHints":{"allow":["GET"]}}],"collection":[{"href":"https:\/\/historiografija.hr\/index.php?rest_route=\/wp\/v2\/posts"}],"about":[{"href":"https:\/\/historiografija.hr\/index.php?rest_route=\/wp\/v2\/types\/post"}],"author":[{"embeddable":true,"href":"https:\/\/historiografija.hr\/index.php?rest_route=\/wp\/v2\/users\/2"}],"replies":[{"embeddable":true,"href":"https:\/\/historiografija.hr\/index.php?rest_route=%2Fwp%2Fv2%2Fcomments&post=50579"}],"version-history":[{"count":2,"href":"https:\/\/historiografija.hr\/index.php?rest_route=\/wp\/v2\/posts\/50579\/revisions"}],"predecessor-version":[{"id":50582,"href":"https:\/\/historiografija.hr\/index.php?rest_route=\/wp\/v2\/posts\/50579\/revisions\/50582"}],"wp:featuredmedia":[{"embeddable":true,"href":"https:\/\/historiografija.hr\/index.php?rest_route=\/wp\/v2\/media\/50583"}],"wp:attachment":[{"href":"https:\/\/historiografija.hr\/index.php?rest_route=%2Fwp%2Fv2%2Fmedia&parent=50579"}],"wp:term":[{"taxonomy":"category","embeddable":true,"href":"https:\/\/historiografija.hr\/index.php?rest_route=%2Fwp%2Fv2%2Fcategories&post=50579"},{"taxonomy":"post_tag","embeddable":true,"href":"https:\/\/historiografija.hr\/index.php?rest_route=%2Fwp%2Fv2%2Ftags&post=50579"}],"curies":[{"name":"wp","href":"https:\/\/api.w.org\/{rel}","templated":true}]}}