{"id":50576,"date":"2025-12-29T22:31:41","date_gmt":"2025-12-29T22:31:41","guid":{"rendered":"https:\/\/historiografija.hr\/?p=50576"},"modified":"2025-12-29T22:31:41","modified_gmt":"2025-12-29T22:31:41","slug":"poziv-na-prikupljanje-predmeta-povodom-izlozbe-franjo-josip-i-vladar-jednog-vremena-putuje-slavonijom","status":"publish","type":"post","link":"https:\/\/historiografija.hr\/?p=50576","title":{"rendered":"Poziv na prikupljanje predmeta povodom izlo\u017ebe \u201eFranjo Josip I. \u2013 vladar jednog vremena putuje Slavonijom\u201c"},"content":{"rendered":"\n<p>Na\u0161i domovi \u010desto kriju zanimljive pri\u010de koje vrijedi sa\u010duvati od zaborava\u2026<\/p>\n\n\n\n<p><em>\u201eFranjo Josip I.\u201c putovao je desetlje\u0107ima nakon nestanka Austro-Ugarske Monarhije.<\/em><\/p>\n\n\n\n<p>\u010cesto nam se dogodi da neki skriveni kutak tavana, podruma ili ladica u dnevnoj sobi \u201ekrije\u201c predmete koji desetlje\u0107ima povezuju generacije obitelji. Neki su od tih predmeta \u0161alice, \u010da\u0161e, sli\u010dice, medalje pa i svojedobno popularni dukati. Samo tri, \u010detiri generacije unazad \u017eivjele su u vrijeme jednog od najdugovje\u010dnijih vladara u Europi i Svijetu \u2013 Franje Josipa I. Njegov je lik bio ra\u0161iren po ve\u0107 spominjanim predmetima koji su putovali od ruke do ruke, od obitelji do obitelji. Pozivamo sve vas koji \u017eelite podijeliti uspomene svoje obitelji za budu\u0107e generacije Osijeka, Slavonije, Baranje i Srijema da nam se jave u Muzej Slavonije povodom izlo\u017ebe <em>Franjo Josip I. \u2013 vladar jednog vremena putuje Slavonijom<\/em>. Primamo predmete s likom Franje Josipa I. na posudbu povodom izlo\u017ebe ili samo na fotografiranje pri \u010demu mo\u017eemo uz va\u0161 pristanak podijeliti s javnosti i poneku pri\u010du vezanu uz va\u0161 predmet. Tko je sve nosio dukat, gdje je \u0161alica ili lepeza s likovima Franje Josipa I. i Sisi kori\u0161tena, a i tko ju je mo\u017eda malo potrgao ako ima poneku ogrebotinu (a znamo da sve naj\u010de\u0161\u0107e imaju). Svi oni koji eventualno imaju poneko odlikovanje iz vremena Austro-Ugarske sigurno mogu ispri\u010dati poneku re\u010denicu o svome djedu\/pradjedu koji ju je mo\u017eda donio u obitelj\u2026 Predmeti su naj\u010de\u0161\u0107e i\u0161li i iz obitelji u obitelj, naro\u010dito dukati i time povezivali ljude iz razli\u010ditih dijelova Slavonije, a nekada i \u0161ire pri \u010demu su uz pu\u0161tanje novih korijena i zapo\u010dinjale nove obiteljske pri\u010de koje teku i dan-danas.<\/p>\n\n\n\n<p>Radujemo se suradnji i slobodno nam se javite na internetsku po\u0161tu <strong>mihael.sucic@mso.hr<\/strong>, <strong>gordan.celic@mso.hr<\/strong> ili na broj <strong>031 213 504<\/strong>.<\/p>\n\n\n\n<p>Video i tekst: Gordan \u0106eli\u0107 i Mihael Su\u010di\u0107<\/p>\n\n\n\n<p>Sudjelovali su u najavi Gordan \u0106eli\u0107, Mihael Su\u010di\u0107 i Kristijan Wolfl.<\/p>\n\n\n\n<figure class=\"wp-block-embed is-type-video is-provider-youtube wp-block-embed-youtube wp-embed-aspect-9-16 wp-has-aspect-ratio\"><div class=\"wp-block-embed__wrapper\">\n<iframe loading=\"lazy\" title=\"Uspomene koje putuju - izlo\u017eba o Franji Josipu I.\" width=\"563\" height=\"1000\" src=\"https:\/\/www.youtube.com\/embed\/effLygOXNFU?feature=oembed\" frameborder=\"0\" allow=\"accelerometer; autoplay; clipboard-write; encrypted-media; gyroscope; picture-in-picture; web-share\" referrerpolicy=\"strict-origin-when-cross-origin\" allowfullscreen><\/iframe>\n<\/div><\/figure>\n\n\n\n<hr class=\"wp-block-separator has-alpha-channel-opacity\"\/>\n\n\n\n<p>Namjera je izlo\u017ebom <em>Franjo Josip I. \u2013 vladar jednog vremena putuje Slavonijom <\/em>(autor Mihael Su\u010di\u0107) potaknuti suradnju s lokalnom zajednicom. Iza svakog razdoblja ostaju predmeti vezani uz istaknute pojedince pri \u010demu kriju i neke pri\u010de do kojih se \u010desto do\u0111e i uz lagano \u201egrebanje\u201c ispod povr\u0161ine uspomena na\u0161ih predaka.<\/p>\n\n\n\n<hr class=\"wp-block-separator has-alpha-channel-opacity\"\/>\n","protected":false},"excerpt":{"rendered":"","protected":false},"author":2,"featured_media":50577,"comment_status":"open","ping_status":"open","sticky":false,"template":"","format":"standard","meta":{"_acf_changed":false,"jetpack_post_was_ever_published":false,"_jetpack_newsletter_access":"","_jetpack_dont_email_post_to_subs":false,"_jetpack_newsletter_tier_id":0,"_jetpack_memberships_contains_paywalled_content":false,"_jetpack_memberships_contains_paid_content":false,"footnotes":"","jetpack_publicize_message":"","jetpack_publicize_feature_enabled":true,"jetpack_social_post_already_shared":true,"jetpack_social_options":{"image_generator_settings":{"template":"highway","default_image_id":0,"font":"","enabled":false},"version":2}},"categories":[10,3],"tags":[],"class_list":["post-50576","post","type-post","status-publish","format-standard","has-post-thumbnail","hentry","category-izlozbe","category-novosti"],"acf":{"facebook_opis":""},"jetpack_publicize_connections":[],"jetpack_featured_media_url":"https:\/\/i0.wp.com\/historiografija.hr\/wp-content\/uploads\/2025\/12\/Muzej-Slavonije.png?fit=680%2C516&ssl=1","jetpack_sharing_enabled":true,"jetpack-related-posts":[],"_links":{"self":[{"href":"https:\/\/historiografija.hr\/index.php?rest_route=\/wp\/v2\/posts\/50576","targetHints":{"allow":["GET"]}}],"collection":[{"href":"https:\/\/historiografija.hr\/index.php?rest_route=\/wp\/v2\/posts"}],"about":[{"href":"https:\/\/historiografija.hr\/index.php?rest_route=\/wp\/v2\/types\/post"}],"author":[{"embeddable":true,"href":"https:\/\/historiografija.hr\/index.php?rest_route=\/wp\/v2\/users\/2"}],"replies":[{"embeddable":true,"href":"https:\/\/historiografija.hr\/index.php?rest_route=%2Fwp%2Fv2%2Fcomments&post=50576"}],"version-history":[{"count":1,"href":"https:\/\/historiografija.hr\/index.php?rest_route=\/wp\/v2\/posts\/50576\/revisions"}],"predecessor-version":[{"id":50578,"href":"https:\/\/historiografija.hr\/index.php?rest_route=\/wp\/v2\/posts\/50576\/revisions\/50578"}],"wp:featuredmedia":[{"embeddable":true,"href":"https:\/\/historiografija.hr\/index.php?rest_route=\/wp\/v2\/media\/50577"}],"wp:attachment":[{"href":"https:\/\/historiografija.hr\/index.php?rest_route=%2Fwp%2Fv2%2Fmedia&parent=50576"}],"wp:term":[{"taxonomy":"category","embeddable":true,"href":"https:\/\/historiografija.hr\/index.php?rest_route=%2Fwp%2Fv2%2Fcategories&post=50576"},{"taxonomy":"post_tag","embeddable":true,"href":"https:\/\/historiografija.hr\/index.php?rest_route=%2Fwp%2Fv2%2Ftags&post=50576"}],"curies":[{"name":"wp","href":"https:\/\/api.w.org\/{rel}","templated":true}]}}