{"id":50543,"date":"2025-12-26T21:15:33","date_gmt":"2025-12-26T21:15:33","guid":{"rendered":"https:\/\/historiografija.hr\/?p=50543"},"modified":"2025-12-26T21:16:08","modified_gmt":"2025-12-26T21:16:08","slug":"zbornik-vlaho-bukovac-umjetnik-i-njegovo-djelo","status":"publish","type":"post","link":"https:\/\/historiografija.hr\/?p=50543","title":{"rendered":"Zbornik \u201eVlaho Bukovac \u2013 umjetnik i njegovo djelo\u201c"},"content":{"rendered":"\n<p>Irena Kra\u0161evac, Petar Prelog (ur.)<\/p>\n\n\n\n<hr class=\"wp-block-separator has-alpha-channel-opacity\"\/>\n\n\n\n<p><strong>Izdava\u010d<\/strong><br>Institut za povijest umjetnosti, Zagreb, prosinac 2024.<\/p>\n\n\n\n<p><strong>Urednici<\/strong><br>Irena Kra\u0161evac, Petar Prelog (ur.)<\/p>\n\n\n\n<p><strong>Recenzenti<\/strong><br>Frano Dulibi\u0107, Ivana Mance Cipek, Beti \u017derovc<\/p>\n\n\n\n<p><strong>Autori<\/strong><br>Vanja Brdar Mustapi\u0107, Marina Bregovac Pisk, Lena Disopra, Ivan Kokeza, Irena Kra\u0161evac, Klara Macoli\u0107, Sofija Merenik, Jasminka Najcer Sabljak, Jasminka Podgorski, Dalibor Pran\u010devi\u0107, Petar Prelog, Helena Puhara, Slobodan Radi\u0107, Ivana Ron\u010devi\u0107 Elezovi\u0107, Filip \u0160imetin \u0160egvi\u0107, Irena \u0160imi\u0107, Nikola Toma\u0161egovi\u0107, Rozana Vojvoda, Petra Vugrinec, Barbara Vujanovi\u0107, Lucija Vukovi\u0107, Sanja \u017daja Vrbica<\/p>\n\n\n\n<p><strong>Lektura<\/strong><br>Sa\u0161a Vagner<\/p>\n\n\n\n<p><strong>Grafi\u010dki dizajn i reprodukcije<\/strong><br>Mario Ani\u010di\u0107<\/p>\n\n\n\n<p><strong>Tisak<\/strong><br>Tiskara Zelina d.d.<\/p>\n\n\n\n<p><strong>Naklada<\/strong><br>250 primjeraka<\/p>\n\n\n\n<p><strong>Materijali opis<\/strong><br>397 str.; ilustr.<\/p>\n\n\n\n<p><strong>ISBN<\/strong> 978-953-373-038-7<\/p>\n\n\n\n<p>&#8211;<br>Zbornik radova <a href=\"https:\/\/www.ipu.hr\/article\/hr\/1200\/vlaho-bukovac-umjetnik-i-njegovo-djelo\">znanstveno-stru\u010dnog skupa<\/a> odr\u017eanog u povodu stote godi\u0161njice smrti Vlaha Bukovca u Galeriji Klovi\u0107evi dvori (Zagreb) 9. i 10. svibnja 2022. godine.<\/p>\n\n\n\n<p>&#8211;<br><strong>Sadr\u017eaj<\/strong><\/p>\n\n\n\n<p>9\u201314<br><strong>Petar Prelog<\/strong><br>Babi\u0107 o Bukovcu<\/p>\n\n\n\n<p>17\u201326<br><strong>Nikola Toma\u0161egovi\u0107<\/strong><br>Secesija i pokret Mladih: prepletanje i suradnja<\/p>\n\n\n\n<p>29\u201349<br><strong>Filip \u0160imetin \u0160egvi\u0107<\/strong><br>Vlaho Bukovac i hrvatski <em>fin de siecle<\/em>. Prilika za jedan drugi prijelaz stolje\u0107a?<\/p>\n\n\n\n<p>51\u201366<br><strong>Sanja \u017daja Vrbica<\/strong><br>Vlaho Bukovac i Dubrovnik: utemeljiteljska uloga Vlahe Bukovca u razvoju moderne umjetnosti u Dubrovniku<\/p>\n\n\n\n<p>69\u201390<br><strong>Ivana Ron\u010devi\u0107 Elezovi\u0107<\/strong><br>Problem odnosa prema impresionizmu na probranim primjerima djela Bukov\u010deve generacije<\/p>\n\n\n\n<p>93\u2013109<br><strong>Lena Disopra<\/strong><br>Bukov\u010deva ostav\u0161tina kao imaginarij bur\u017eujske senzualnosti<\/p>\n\n\n\n<p>111\u2013125<br><strong>Sofija Merenik<\/strong><br>Jadranski pejza\u017ei Vlahe Bukovca<\/p>\n\n\n\n<p>127\u2013151<br><strong>Helena Puhara, Lucija Vukovi\u0107<\/strong><br>Alkemija smrti \u2013 poetika smrti i mrtvog tijela u \u017eivotu i djelu Vlahe Bukovca<\/p>\n\n\n\n<p>153\u2013173<br><strong>Irena Kra\u0161evac<\/strong><br>Slo\u017een proces nastanka slike Vlahe Bukovca <em>Razvitak hrvatske kulture<\/em> za Sveu\u010dili\u0161nu knji\u017enicu u Zagrebu i\u0161\u010ditan kroz Bukov\u010deva pisma Kr\u0161njaviju<\/p>\n\n\n\n<p>175\u2013189<br><strong>Marina Bregovac Pisk<\/strong><br>Bukov\u010devi portreti naru\u010deni za Odjel za bogo\u0161tovlje i nastavu u Zagrebu<\/p>\n\n\n\n<p>191\u2013209<br><strong>Jasminka Najcer Sabljak<\/strong><br>Vlaho Bukovac kao portretist bana Teodora grofa Peja\u010devi\u0107a<\/p>\n\n\n\n<p>211\u2013231<br><strong>Rozana Vojvoda<\/strong><br><em>Portret Z\u2019Dobenjina<\/em> iz zbirke Umjetni\u010dke galerije Dubrovnik u kontekstu Bukov\u010deve portretistike pra\u0161kog razdoblja<\/p>\n\n\n\n<p>233\u2013248<br><strong>Ivan Kokeza<\/strong><br>Politi\u010dki stavovi Vlahe Bukovca u kontekstu Austro-Ugarske Monarhije<\/p>\n\n\n\n<p>251\u2013279<br><strong>Vanja Brdar Mustapi\u0107<\/strong><br>Izgradnja i unutra\u0161nje ure\u0111enje zagreba\u010dkog atelijera Vlahe Bukovca<\/p>\n\n\n\n<p>281\u2013321<br><strong>Petra Vugrinec<\/strong><br>Vlaho Bukovac i Bela Csikos Sesia \u2013 dva lica hrvatske moderne<\/p>\n\n\n\n<p>323\u2013333<br><strong>Dalibor Pran\u010devi\u0107, Barbara Vujanovi\u0107<\/strong><br>Vlaho Bukovac i Ivan Me\u0161trovi\u0107. Primjer umjetni\u010dke suradnje i me\u0111ugeneracijskog uva\u017eavanja<\/p>\n\n\n\n<p>335\u2013349<br><strong>Klara Macoli\u0107<\/strong><br>Vlaho Bukovac i Ivo Re\u017eek unutar stilskog i generacijskog sukoba<\/p>\n\n\n\n<p>351\u2013360<br><strong>Irena \u0160imi\u0107<\/strong><br>Arhivski izvori i dokumentarno gradivo kao temelj istra\u017eivanja djela Vlahe Bukovca<\/p>\n\n\n\n<p>363\u2013378<br><strong>Jasminka Podgorski<\/strong><br>Konzervatorsko-restauratorski radovi na slikama Vlahe Bukovca prezentiranim na izlo\u017ebi <em>Veli\u010danstveni Vranyczanyjevi<\/em><\/p>\n\n\n\n<p>381\u2013397<br><strong>Slobodan Radi\u0107<\/strong><br>Sve\u010dani kazali\u0161ni zastor <em>Preporod hrvatske knji\u017eevnosti i umjetnosti<\/em> Vlahe Bukovca \u2013 127 godina poslije<\/p>\n\n\n\n<p>&#8211;<br>Objavljivanje zbornika potpomognuto je sredstvima Ministarstva znanosti, obrazovanja i mladih Republike Hrvatske Grada Zagreba Zaklade Hrvatske akademije znanosti i umjetnosti. Zbornik je objavljen u sklopu rada na znanstvenoistra\u017eiva\u010dkom projektu Instituta za povijest umjetnosti <em><a href=\"https:\/\/www.ipu.hr\/article\/hr\/1611\/FEMO\">Fenomeni hrvatskoga umjetni\u010dkog moderniteta<\/a> <\/em>(FEMO, 2023. \u2013 2027.) koji financira Europska unija \u2013 NextGenerationEU.<\/p>\n\n\n\n<hr class=\"wp-block-separator has-alpha-channel-opacity\"\/>\n\n\n\n<p>Izvor:<\/p>\n\n\n\n<p><a href=\"https:\/\/www.ipu.hr\/article\/hr\/1915\/vlaho-bukovac-umjetnik-i-njegovo-djelo\">https:\/\/www.ipu.hr\/article\/hr\/1915\/vlaho-bukovac-umjetnik-i-njegovo-djelo<\/a><\/p>\n\n\n\n<hr class=\"wp-block-separator has-alpha-channel-opacity\"\/>\n","protected":false},"excerpt":{"rendered":"","protected":false},"author":2,"featured_media":50544,"comment_status":"open","ping_status":"open","sticky":false,"template":"","format":"standard","meta":{"_acf_changed":false,"jetpack_post_was_ever_published":false,"_jetpack_newsletter_access":"","_jetpack_dont_email_post_to_subs":false,"_jetpack_newsletter_tier_id":0,"_jetpack_memberships_contains_paywalled_content":false,"_jetpack_memberships_contains_paid_content":false,"footnotes":"","jetpack_publicize_message":"","jetpack_publicize_feature_enabled":true,"jetpack_social_post_already_shared":true,"jetpack_social_options":{"image_generator_settings":{"template":"highway","default_image_id":0,"font":"","enabled":false},"version":2}},"categories":[8,3],"tags":[],"class_list":["post-50543","post","type-post","status-publish","format-standard","has-post-thumbnail","hentry","category-knjige","category-novosti"],"acf":{"facebook_opis":""},"jetpack_publicize_connections":[],"jetpack_featured_media_url":"https:\/\/i0.wp.com\/historiografija.hr\/wp-content\/uploads\/2025\/12\/ipu-vlaho-bukovac-scaled.jpg?fit=1913%2C2560&ssl=1","jetpack_sharing_enabled":true,"jetpack-related-posts":[],"_links":{"self":[{"href":"https:\/\/historiografija.hr\/index.php?rest_route=\/wp\/v2\/posts\/50543","targetHints":{"allow":["GET"]}}],"collection":[{"href":"https:\/\/historiografija.hr\/index.php?rest_route=\/wp\/v2\/posts"}],"about":[{"href":"https:\/\/historiografija.hr\/index.php?rest_route=\/wp\/v2\/types\/post"}],"author":[{"embeddable":true,"href":"https:\/\/historiografija.hr\/index.php?rest_route=\/wp\/v2\/users\/2"}],"replies":[{"embeddable":true,"href":"https:\/\/historiografija.hr\/index.php?rest_route=%2Fwp%2Fv2%2Fcomments&post=50543"}],"version-history":[{"count":2,"href":"https:\/\/historiografija.hr\/index.php?rest_route=\/wp\/v2\/posts\/50543\/revisions"}],"predecessor-version":[{"id":50546,"href":"https:\/\/historiografija.hr\/index.php?rest_route=\/wp\/v2\/posts\/50543\/revisions\/50546"}],"wp:featuredmedia":[{"embeddable":true,"href":"https:\/\/historiografija.hr\/index.php?rest_route=\/wp\/v2\/media\/50544"}],"wp:attachment":[{"href":"https:\/\/historiografija.hr\/index.php?rest_route=%2Fwp%2Fv2%2Fmedia&parent=50543"}],"wp:term":[{"taxonomy":"category","embeddable":true,"href":"https:\/\/historiografija.hr\/index.php?rest_route=%2Fwp%2Fv2%2Fcategories&post=50543"},{"taxonomy":"post_tag","embeddable":true,"href":"https:\/\/historiografija.hr\/index.php?rest_route=%2Fwp%2Fv2%2Ftags&post=50543"}],"curies":[{"name":"wp","href":"https:\/\/api.w.org\/{rel}","templated":true}]}}