{"id":50540,"date":"2025-12-26T20:57:54","date_gmt":"2025-12-26T20:57:54","guid":{"rendered":"https:\/\/historiografija.hr\/?p=50540"},"modified":"2025-12-26T20:57:54","modified_gmt":"2025-12-26T20:57:54","slug":"ante-soric-centralno-bogoslovno-sjemeniste-u-zadru-1826-1921","status":"publish","type":"post","link":"https:\/\/historiografija.hr\/?p=50540","title":{"rendered":"Ante Sori\u0107, \u201eCentralno bogoslovno sjemeni\u0161te u Zadru 1826. \u2013 1921.\u201c"},"content":{"rendered":"\n<p>Objavljeno je novo suizdanje Dr\u017eavnog arhiva u Zadru, Sveu\u010dili\u0161ta u Zadru i Ogranka Matice hrvatske u Zadru naslova &#8220;Centralno bogoslovno sjemeni\u0161te u Zadru 1826. \u2013 1921.&#8221; autora Ante Sori\u0107a.&nbsp;<\/p>\n\n\n\n<p>Knjiga&nbsp;<em>Centralno bogoslovno sjemeni\u0161te u Zadru 1826. \u2013 1921.<\/em>, s podnaslovom&nbsp;<em>U i\u0161\u010dekivanju 200. obljetnice osnutka<\/em>, dragocjeno je djelo koje osvjetljava jedno od klju\u010dnih poglavlja crkvene, teolo\u0161ke, prosvjetne i dru\u0161tvene povijesti na hrvatskom prostoru. Na vi\u0161e od petsto stranica autor don Ante Sori\u0107 iznosi temeljito istra\u017een prikaz djelovanja ustanove koja je tijekom gotovo jednog stolje\u0107a oblikovala mnoge mlade ljude na podru\u010dju cijele Dalmacije i \u0161ire \u2013 neke za sve\u0107eni\u010dko zvanje, a mnoge za anga\u017eirane i odgovorne uloge u javnom, kulturnom i dru\u0161tvenom \u017eivotu svoga vremena.<\/p>\n\n\n\n<p>Ova knjiga ima vi\u0161estruku vrijednost: teolo\u0161ko-pastoralnu, povijesnu, prosvjetnu, kulturnu i identitetsku \u2013 jer ne donosi samo suhoparne \u010dinjenice nego gradi kontekst, prepoznaje uzroke, tuma\u010di posljedice i otkriva dinamiku vremena. Autor nas vodi kroz burna dru\u0161tveno-politi\u010dka razdoblja, kroz strukturu i svakodnevnicu \u017eivota unutar Sjemeni\u0161ta, ali i kroz tihe osobne pri\u010de pojedinaca \u2013 rektora, profesora, duhovnika i pitomaca.<\/p>\n\n\n\n<p>Posebnu vrijednost knjige \u010dini bogata fotodokumentacija koja je ravnopravan nositelj sadr\u017eaja. Ova \u0107e knjiga biti neprocjenjiv izvor za povjesni\u010dare i teologe, pedagoge i sociologe, znanstvenike i studente te za sve one koji \u017eele razumjeti kako je obrazovanje oblikovalo ljude, duhovne vo\u0111e, te kako su onda ti ljudi mijenjali dru\u0161tvo.<\/p>\n\n\n\n<hr class=\"wp-block-separator has-alpha-channel-opacity\"\/>\n\n\n\n<p>Izvor:<\/p>\n\n\n\n<p><a href=\"https:\/\/www.unizd.hr\/obavijesti\/view\/novo-suizdanje-sveucilista-u-zadru-centralno-bogoslovno-sjemeniste-u-zadru-1826-1921\">https:\/\/www.unizd.hr\/obavijesti\/view\/novo-suizdanje-sveucilista-u-zadru-centralno-bogoslovno-sjemeniste-u-zadru-1826-1921<\/a><\/p>\n\n\n\n<hr class=\"wp-block-separator has-alpha-channel-opacity\"\/>\n","protected":false},"excerpt":{"rendered":"","protected":false},"author":2,"featured_media":50541,"comment_status":"open","ping_status":"open","sticky":false,"template":"","format":"standard","meta":{"_acf_changed":false,"jetpack_post_was_ever_published":false,"_jetpack_newsletter_access":"","_jetpack_dont_email_post_to_subs":false,"_jetpack_newsletter_tier_id":0,"_jetpack_memberships_contains_paywalled_content":false,"_jetpack_memberships_contains_paid_content":false,"footnotes":"","jetpack_publicize_message":"","jetpack_publicize_feature_enabled":true,"jetpack_social_post_already_shared":true,"jetpack_social_options":{"image_generator_settings":{"template":"highway","default_image_id":0,"font":"","enabled":false},"version":2}},"categories":[8,3],"tags":[],"class_list":["post-50540","post","type-post","status-publish","format-standard","has-post-thumbnail","hentry","category-knjige","category-novosti"],"acf":{"facebook_opis":""},"jetpack_publicize_connections":[],"jetpack_featured_media_url":"https:\/\/i0.wp.com\/historiografija.hr\/wp-content\/uploads\/2025\/12\/centralno_bogoslovno_sjemeniste.jpg?fit=424%2C600&ssl=1","jetpack_sharing_enabled":true,"jetpack-related-posts":[],"_links":{"self":[{"href":"https:\/\/historiografija.hr\/index.php?rest_route=\/wp\/v2\/posts\/50540","targetHints":{"allow":["GET"]}}],"collection":[{"href":"https:\/\/historiografija.hr\/index.php?rest_route=\/wp\/v2\/posts"}],"about":[{"href":"https:\/\/historiografija.hr\/index.php?rest_route=\/wp\/v2\/types\/post"}],"author":[{"embeddable":true,"href":"https:\/\/historiografija.hr\/index.php?rest_route=\/wp\/v2\/users\/2"}],"replies":[{"embeddable":true,"href":"https:\/\/historiografija.hr\/index.php?rest_route=%2Fwp%2Fv2%2Fcomments&post=50540"}],"version-history":[{"count":1,"href":"https:\/\/historiografija.hr\/index.php?rest_route=\/wp\/v2\/posts\/50540\/revisions"}],"predecessor-version":[{"id":50542,"href":"https:\/\/historiografija.hr\/index.php?rest_route=\/wp\/v2\/posts\/50540\/revisions\/50542"}],"wp:featuredmedia":[{"embeddable":true,"href":"https:\/\/historiografija.hr\/index.php?rest_route=\/wp\/v2\/media\/50541"}],"wp:attachment":[{"href":"https:\/\/historiografija.hr\/index.php?rest_route=%2Fwp%2Fv2%2Fmedia&parent=50540"}],"wp:term":[{"taxonomy":"category","embeddable":true,"href":"https:\/\/historiografija.hr\/index.php?rest_route=%2Fwp%2Fv2%2Fcategories&post=50540"},{"taxonomy":"post_tag","embeddable":true,"href":"https:\/\/historiografija.hr\/index.php?rest_route=%2Fwp%2Fv2%2Ftags&post=50540"}],"curies":[{"name":"wp","href":"https:\/\/api.w.org\/{rel}","templated":true}]}}