{"id":50523,"date":"2025-12-25T20:03:59","date_gmt":"2025-12-25T20:03:59","guid":{"rendered":"https:\/\/historiografija.hr\/?p=50523"},"modified":"2025-12-25T20:03:59","modified_gmt":"2025-12-25T20:03:59","slug":"iva-beljan-kovacic-izmedu-mitskog-i-racionalnog-svjetonazori-bosanskohercegovackih-katolika-od-17-do-19-stoljeca-knjiga-ii","status":"publish","type":"post","link":"https:\/\/historiografija.hr\/?p=50523","title":{"rendered":"Iva Beljan Kova\u010di\u0107, \u201eIZME\u0110U MITSKOG I RACIONALNOG. Svjetonazori bosanskohercegova\u010dkih katolika od 17. do 19. stolje\u0107a, Knjiga II.\u201c"},"content":{"rendered":"\n<p><strong>Izdava\u010d<\/strong>: Hrvatska sveu\u010dili\u0161na naklada d.o.o.<br><strong>Godina izdavanja<\/strong>: 2025<br><strong>Op\u0107e informacije<\/strong>: 494 str.<\/p>\n\n\n\n<hr class=\"wp-block-separator has-alpha-channel-opacity\"\/>\n\n\n\n<p>Knjiga IZME\u0110U MITSKOG I RACIONALNOG. Svjetonazori bosanskohercegova\u010dkih katolika od 17. do 19. stolje\u0107a. Knjiga II. donosi nastavak istra\u017eivanja istoga korpusa (5. Poredak i pripadnost; 6. Magijsko i mitsko kr\u0161\u0107anstvo; 7. Ideali i stvarnost; 8. Crkvena i narodna kultura) koje se zasniva na istim polazi\u0161tima i metodologiji, dakle integralni je dio \u0161iroko zasnovane studije o predmodernim kulturnim svjetonazorima bosanskohercegova\u010dkih katolika. Autorica ovu kulturu promatra u dvostrukoj optici: s jedne strane prati njenu uklopljenost u tokove zapadnoeuropske tridentske crkvene kulture, a s druge strane propituje njene posebnosti i kontekst u kojem nastaje. Objasnidbeni okvir studije \u010dini teorijski model najve\u0107im dijelom zasnovan na integralnoj teoriji K. Wilbera i njegovim kulturnim svjetonazorima. Knjiga istra\u017euje problematiku nastanka kulturnih svjetonazora, a zapa\u017eanja temelji na analizi \u0161irokoga spektra tekstova, od historiografskih preko crkvenopravnih i didakti\u010dkih do narativnih. Na metodolo\u0161koj razini nudi obrazac koji se mo\u017ee primijeniti i u novim istra\u017eivanjima bosanskohercegova\u010dke i hrvatske kulturne povijesti, ali i u istra\u017eivanjima crkvene kulture predmodernoga doba. Tako\u0111er nudi koristan model za istra\u017eivanje crkvene knji\u017eevnosti i kulture u drugim regijama, sagledavanje uloge tridentskoga katolicizma u predmodernim kulturnim procesima te otvara mogu\u0107nost sagledavanja kultura drugih bosanskohercegova\u010dkih konfesionalnih skupina u predmodernom razdoblju. Znanstveni se doprinos o\u010dituje na nekoliko razina: mikroknji\u017eevnoj (shva\u0107anje pojedinih tekstova i \u017eanrova), makroteorijskoj (interpretaciji knji\u017eevne tradicije \u0161irega hrvatskoga kulturnoga podru\u010dja), metodolo\u0161koj (usporedbe razli\u010ditih kulturnih pojava) i spoznajnoj (zaklju\u010dci o analiziranim temama). Zbog interpretacije specifi\u010dnih oblika kulturne produkcije i sintetskih pregleda te zaklju\u010daka utemeljenih na analizi izvora bit \u0107e zanimljiva povjesni\u010darima kulture i knji\u017eevnosti, crkvenim povjesni\u010darima i istra\u017eiva\u010dima franjeva\u010dkog naslje\u0111a, dijelom istra\u017eiva\u010dima dru\u0161tvene povijesti Hrvatske i Bosne i Hercegovine te sveu\u010dili\u0161nim nastavnicima i studentima.<\/p>\n\n\n\n<hr class=\"wp-block-separator has-alpha-channel-opacity\"\/>\n\n\n\n<p>Izvor:<\/p>\n\n\n\n<p><a href=\"https:\/\/www.hsn.hr\/product\/1654\/izmedu-mitskog-i-racionalnog-svjetonazori-bosanskohercegovackih-katolika-od-17-do-19-stoljeca-knjiga-ii\">https:\/\/www.hsn.hr\/product\/1654\/izmedu-mitskog-i-racionalnog-svjetonazori-bosanskohercegovackih-katolika-od-17-do-19-stoljeca-knjiga-ii<\/a><\/p>\n\n\n\n<hr class=\"wp-block-separator has-alpha-channel-opacity\"\/>\n\n\n\n<p>Prethodna obavijest na portalu Historiografija.hr:<\/p>\n\n\n\n<figure class=\"wp-block-embed is-type-wp-embed is-provider-historiografija-hr wp-block-embed-historiografija-hr\"><div class=\"wp-block-embed__wrapper\">\n<blockquote class=\"wp-embedded-content\" data-secret=\"tXUGgVdXrB\"><a href=\"https:\/\/historiografija.hr\/?p=44646\">Iva Beljan Kova\u010di\u0107, \u201eIZME\u0110U MITSKOG I RACIONALNOG. Svjetonazori bosanskohercegova\u010dkih katolika od 17. do 19. stolje\u0107a, Knjiga I.\u201c<\/a><\/blockquote><iframe loading=\"lazy\" class=\"wp-embedded-content\" sandbox=\"allow-scripts\" security=\"restricted\" style=\"position: absolute; visibility: hidden;\" title=\"&#8220;Iva Beljan Kova\u010di\u0107, \u201eIZME\u0110U MITSKOG I RACIONALNOG. Svjetonazori bosanskohercegova\u010dkih katolika od 17. do 19. stolje\u0107a, Knjiga I.\u201c&#8221; &#8212; Historiografija.hr\" src=\"https:\/\/historiografija.hr\/?p=44646&#038;embed=true#?secret=zGUd2KnTlA#?secret=tXUGgVdXrB\" data-secret=\"tXUGgVdXrB\" width=\"600\" height=\"338\" frameborder=\"0\" marginwidth=\"0\" marginheight=\"0\" scrolling=\"no\"><\/iframe>\n<\/div><\/figure>\n\n\n\n<hr class=\"wp-block-separator has-alpha-channel-opacity\"\/>\n","protected":false},"excerpt":{"rendered":"","protected":false},"author":2,"featured_media":50524,"comment_status":"open","ping_status":"open","sticky":false,"template":"","format":"standard","meta":{"_acf_changed":false,"jetpack_post_was_ever_published":false,"_jetpack_newsletter_access":"","_jetpack_dont_email_post_to_subs":false,"_jetpack_newsletter_tier_id":0,"_jetpack_memberships_contains_paywalled_content":false,"_jetpack_memberships_contains_paid_content":false,"footnotes":"","jetpack_publicize_message":"","jetpack_publicize_feature_enabled":true,"jetpack_social_post_already_shared":true,"jetpack_social_options":{"image_generator_settings":{"template":"highway","default_image_id":0,"font":"","enabled":false},"version":2}},"categories":[8,3],"tags":[],"class_list":["post-50523","post","type-post","status-publish","format-standard","has-post-thumbnail","hentry","category-knjige","category-novosti"],"acf":{"facebook_opis":""},"jetpack_publicize_connections":[],"jetpack_featured_media_url":"https:\/\/i0.wp.com\/historiografija.hr\/wp-content\/uploads\/2025\/12\/Beljan_II.png?fit=503%2C779&ssl=1","jetpack_sharing_enabled":true,"jetpack-related-posts":[],"_links":{"self":[{"href":"https:\/\/historiografija.hr\/index.php?rest_route=\/wp\/v2\/posts\/50523","targetHints":{"allow":["GET"]}}],"collection":[{"href":"https:\/\/historiografija.hr\/index.php?rest_route=\/wp\/v2\/posts"}],"about":[{"href":"https:\/\/historiografija.hr\/index.php?rest_route=\/wp\/v2\/types\/post"}],"author":[{"embeddable":true,"href":"https:\/\/historiografija.hr\/index.php?rest_route=\/wp\/v2\/users\/2"}],"replies":[{"embeddable":true,"href":"https:\/\/historiografija.hr\/index.php?rest_route=%2Fwp%2Fv2%2Fcomments&post=50523"}],"version-history":[{"count":1,"href":"https:\/\/historiografija.hr\/index.php?rest_route=\/wp\/v2\/posts\/50523\/revisions"}],"predecessor-version":[{"id":50525,"href":"https:\/\/historiografija.hr\/index.php?rest_route=\/wp\/v2\/posts\/50523\/revisions\/50525"}],"wp:featuredmedia":[{"embeddable":true,"href":"https:\/\/historiografija.hr\/index.php?rest_route=\/wp\/v2\/media\/50524"}],"wp:attachment":[{"href":"https:\/\/historiografija.hr\/index.php?rest_route=%2Fwp%2Fv2%2Fmedia&parent=50523"}],"wp:term":[{"taxonomy":"category","embeddable":true,"href":"https:\/\/historiografija.hr\/index.php?rest_route=%2Fwp%2Fv2%2Fcategories&post=50523"},{"taxonomy":"post_tag","embeddable":true,"href":"https:\/\/historiografija.hr\/index.php?rest_route=%2Fwp%2Fv2%2Ftags&post=50523"}],"curies":[{"name":"wp","href":"https:\/\/api.w.org\/{rel}","templated":true}]}}