{"id":50519,"date":"2025-12-25T19:50:11","date_gmt":"2025-12-25T19:50:11","guid":{"rendered":"https:\/\/historiografija.hr\/?p=50519"},"modified":"2025-12-25T19:50:47","modified_gmt":"2025-12-25T19:50:47","slug":"zbornik-radova-sveti-jeronim-u-hrvatskoj-kulturi","status":"publish","type":"post","link":"https:\/\/historiografija.hr\/?p=50519","title":{"rendered":"Zbornik radova \u201eSVETI JERONIM U HRVATSKOJ KULTURI\u201c"},"content":{"rendered":"\n<p>SVETI JERONIM U HRVATSKOJ KULTURI. Zbornik radova s me\u0111unarodnoga interdisciplinarnog znanstvenoga skupa Hrvatska kultura i sveti Jeronim odr\u017eanoga u Zagrebu 3. \u2013 4. studenoga 2020.<\/p>\n\n\n\n<p>Urednice: Cvijeta Pavlovi\u0107, Jasenka Gudelj<\/p>\n\n\n\n<hr class=\"wp-block-separator has-alpha-channel-opacity\"\/>\n\n\n\n<p>Izdava\u010d: Hrvatska sveu\u010dili\u0161na naklada d.o.o.<\/p>\n\n\n\n<p>Godina izdavanja: 2024<\/p>\n\n\n\n<p>Op\u0107e informacije: 303 str.<\/p>\n\n\n\n<hr class=\"wp-block-separator has-alpha-channel-opacity\"\/>\n\n\n\n<p>Zbornik Sveti Jeronim u hrvatskoj kulturi skup je znanstvenih radova hrvatskih i me\u0111unarodnih znanstvenika iz razli\u010ditih humanisti\u010dkih polja \u010dija raznovrsnost ukazuje na interdisciplinarni pristup u promi\u0161ljanju jedinstvene teme sv. Jeronima doprinose\u0107i njezinoj relevantnosti na svjetskoj razini.&nbsp;<\/p>\n\n\n\n<p>O \u017eivotu i djelu ovog, za hrvatsku kulturu, iznimno va\u017enog svetog \u010dovjeka pisali su brojni renomirani znanstvenici s hrvatskih i stranih sveu\u010dili\u0161ta kao i \u010dlanovi Hrvatske akademije znanosti i umjetnosti. Radovi u zborniku preispituju ve\u0107 poznate znanstvene teze, stavljaju\u0107i ih u kontekst novih spoznaja \u010dime dolaze do novih zaklju\u010daka dok se neki radovi hvataju u ko\u0161tac s onim segmentima iz \u017eivota sv. Jeronima koji do sada nisu bili podvrgnuti znanstvenim istra\u017eivanjima. Preostali dio radova odnosi se na radove pojedinih autora koji su dali pregled svojih dosada\u0161njih istra\u017eivanja i tako se priklju\u010dili&nbsp; obilje\u017eavanju 1600. obljetnice smrti sv. Jeronima. Svi navedeni pristupi obuhva\u0107aju \u0161iroko polje istra\u017eivanja zapadnoga europskog i svjetskog kulturnog kruga stavljaju\u0107i temu sv. Jeronima u samo ishodi\u0161te njegove materijalne i nematerijalne kulturne ba\u0161tine koje se prou\u010dava u zavidnom vremenskom rasponu od antike do suvremenosti. Interdisciplinarnost i duga\u010dko vremensko razdoblje u kojem se svetac prou\u010dava u zborniku su povezani na dinami\u010dno i znanstveno.<\/p>\n\n\n\n<p>Zahvaljuju\u0107i raznolikosti znanstvenih polja djelo \u0107e potaknuti konkretno zanimanje znanstvene i stru\u010dne javnosti ne izostavljaju\u0107i pri tom niti \u010ditatelje zainteresirane za izu\u010davanje recepcije tradicije kasne antike i ranoga srednjovjekovlja na suvremenu svjetsku knji\u017eevnost i umjetnost kroz izu\u010davanje zna\u010denja svetoga Jeronima za op\u0107u kulturu i specijalisti\u010dko znanstveno razumijevanje koncepata zajedni\u010dke civilizacije. U komparativnom kontekstu zbornik osobito doprinosi otkri\u0107ima u podru\u010dju filologije u u\u017eem smislu, povijesti umjetnosti i povijesti hrvatske knji\u017eevnost u svjetskom kontekstu.<\/p>\n\n\n\n<p>Radovi provode suvremene metode humanistike koje su znanstveno potvr\u0111ene i daju vrijedne rezultate (traduktologija, kulturna antropologija, sociologija knji\u017eevnosti, feministi\u010dka kritika, tekstologija i dr.). Radovi dosljedno provode nova istra\u017eivanja, postoje\u0107e teze podvrgavaju novim provjerama&nbsp; i relevantno potvr\u0111uju ishode prou\u010davanja.<\/p>\n\n\n\n<figure class=\"wp-block-image size-full is-resized\"><img data-recalc-dims=\"1\" loading=\"lazy\" decoding=\"async\" width=\"549\" height=\"766\" data-attachment-id=\"50520\" data-permalink=\"https:\/\/historiografija.hr\/?attachment_id=50520\" data-orig-file=\"https:\/\/i0.wp.com\/historiografija.hr\/wp-content\/uploads\/2025\/12\/SV.JERONIM_U_HRVATSKOJ_KNJIZEVNOSTI.png?fit=549%2C766&amp;ssl=1\" data-orig-size=\"549,766\" data-comments-opened=\"1\" data-image-meta=\"{&quot;aperture&quot;:&quot;0&quot;,&quot;credit&quot;:&quot;&quot;,&quot;camera&quot;:&quot;&quot;,&quot;caption&quot;:&quot;&quot;,&quot;created_timestamp&quot;:&quot;0&quot;,&quot;copyright&quot;:&quot;&quot;,&quot;focal_length&quot;:&quot;0&quot;,&quot;iso&quot;:&quot;0&quot;,&quot;shutter_speed&quot;:&quot;0&quot;,&quot;title&quot;:&quot;&quot;,&quot;orientation&quot;:&quot;0&quot;}\" data-image-title=\"SV.JERONIM_U_HRVATSKOJ_KNJIZEVNOSTI\" data-image-description=\"\" data-image-caption=\"\" data-large-file=\"https:\/\/i0.wp.com\/historiografija.hr\/wp-content\/uploads\/2025\/12\/SV.JERONIM_U_HRVATSKOJ_KNJIZEVNOSTI.png?fit=549%2C766&amp;ssl=1\" src=\"https:\/\/i0.wp.com\/historiografija.hr\/wp-content\/uploads\/2025\/12\/SV.JERONIM_U_HRVATSKOJ_KNJIZEVNOSTI.png?resize=549%2C766&#038;ssl=1\" alt=\"\" class=\"wp-image-50520\" style=\"width:421px;height:auto\" srcset=\"https:\/\/i0.wp.com\/historiografija.hr\/wp-content\/uploads\/2025\/12\/SV.JERONIM_U_HRVATSKOJ_KNJIZEVNOSTI.png?w=549&amp;ssl=1 549w, https:\/\/i0.wp.com\/historiografija.hr\/wp-content\/uploads\/2025\/12\/SV.JERONIM_U_HRVATSKOJ_KNJIZEVNOSTI.png?resize=215%2C300&amp;ssl=1 215w\" sizes=\"auto, (max-width: 549px) 100vw, 549px\" \/><\/figure>\n\n\n\n<hr class=\"wp-block-separator has-alpha-channel-opacity\"\/>\n\n\n\n<p>Izvor:<\/p>\n\n\n\n<p><a href=\"https:\/\/www.hsn.hr\/product\/1616\/sveti-jeronim-u-hrvatskoj-kulturi-zbornik-radova-s-medunarodnoga-interdisciplinarnog-znanstvenoga-skupa-hrvatska-kultura-i-sveti-jeronim-odrzanoga-u-\">https:\/\/www.hsn.hr\/product\/1616\/sveti-jeronim-u-hrvatskoj-kulturi-zbornik-radova-s-medunarodnoga-interdisciplinarnog-znanstvenoga-skupa-hrvatska-kultura-i-sveti-jeronim-odrzanoga-u-<\/a><\/p>\n\n\n\n<hr class=\"wp-block-separator has-alpha-channel-opacity\"\/>\n","protected":false},"excerpt":{"rendered":"","protected":false},"author":2,"featured_media":50520,"comment_status":"open","ping_status":"open","sticky":false,"template":"","format":"standard","meta":{"_acf_changed":false,"jetpack_post_was_ever_published":false,"_jetpack_newsletter_access":"","_jetpack_dont_email_post_to_subs":false,"_jetpack_newsletter_tier_id":0,"_jetpack_memberships_contains_paywalled_content":false,"_jetpack_memberships_contains_paid_content":false,"footnotes":"","jetpack_publicize_message":"","jetpack_publicize_feature_enabled":true,"jetpack_social_post_already_shared":true,"jetpack_social_options":{"image_generator_settings":{"template":"highway","default_image_id":0,"font":"","enabled":false},"version":2}},"categories":[8,3],"tags":[],"class_list":["post-50519","post","type-post","status-publish","format-standard","has-post-thumbnail","hentry","category-knjige","category-novosti"],"acf":{"facebook_opis":""},"jetpack_publicize_connections":[],"jetpack_featured_media_url":"https:\/\/i0.wp.com\/historiografija.hr\/wp-content\/uploads\/2025\/12\/SV.JERONIM_U_HRVATSKOJ_KNJIZEVNOSTI.png?fit=549%2C766&ssl=1","jetpack_sharing_enabled":true,"jetpack-related-posts":[],"_links":{"self":[{"href":"https:\/\/historiografija.hr\/index.php?rest_route=\/wp\/v2\/posts\/50519","targetHints":{"allow":["GET"]}}],"collection":[{"href":"https:\/\/historiografija.hr\/index.php?rest_route=\/wp\/v2\/posts"}],"about":[{"href":"https:\/\/historiografija.hr\/index.php?rest_route=\/wp\/v2\/types\/post"}],"author":[{"embeddable":true,"href":"https:\/\/historiografija.hr\/index.php?rest_route=\/wp\/v2\/users\/2"}],"replies":[{"embeddable":true,"href":"https:\/\/historiografija.hr\/index.php?rest_route=%2Fwp%2Fv2%2Fcomments&post=50519"}],"version-history":[{"count":2,"href":"https:\/\/historiografija.hr\/index.php?rest_route=\/wp\/v2\/posts\/50519\/revisions"}],"predecessor-version":[{"id":50522,"href":"https:\/\/historiografija.hr\/index.php?rest_route=\/wp\/v2\/posts\/50519\/revisions\/50522"}],"wp:featuredmedia":[{"embeddable":true,"href":"https:\/\/historiografija.hr\/index.php?rest_route=\/wp\/v2\/media\/50520"}],"wp:attachment":[{"href":"https:\/\/historiografija.hr\/index.php?rest_route=%2Fwp%2Fv2%2Fmedia&parent=50519"}],"wp:term":[{"taxonomy":"category","embeddable":true,"href":"https:\/\/historiografija.hr\/index.php?rest_route=%2Fwp%2Fv2%2Fcategories&post=50519"},{"taxonomy":"post_tag","embeddable":true,"href":"https:\/\/historiografija.hr\/index.php?rest_route=%2Fwp%2Fv2%2Ftags&post=50519"}],"curies":[{"name":"wp","href":"https:\/\/api.w.org\/{rel}","templated":true}]}}