{"id":50513,"date":"2025-12-24T18:29:45","date_gmt":"2025-12-24T18:29:45","guid":{"rendered":"https:\/\/historiografija.hr\/?p=50513"},"modified":"2025-12-24T18:31:34","modified_gmt":"2025-12-24T18:31:34","slug":"odjeci-drugoga-vatikanskog-koncila-u-knjigama-krscanske-sadasnjosti","status":"publish","type":"post","link":"https:\/\/historiografija.hr\/?p=50513","title":{"rendered":"Odjeci Drugoga vatikanskog koncila u knjigama Kr\u0161\u0107anske sada\u0161njosti"},"content":{"rendered":"\n<p>Drugi vatikanski koncil (1962. \u2013 1965.) ostaje jednom od klju\u010dnih prekretnica u povijesti Katoli\u010dke Crkve: otvorio je Crkvu prema svijetu kroz promjene u liturgiji, odnosu prema drugim vjeroispovijestima i ulozi vjernika laika te potaknuo teolo\u0161ku i pastoralnu obnovu \u010diji se odjeci osjete i danas. Njegov povijesni i kulturni zna\u010daj \u010dini ga prirodnom temom obljetni\u010dkih refleksija i dubljeg \u010ditanja. \u0160tovi\u0161e, u hrvatskoj je javnosti sve prisutniji i dijalog o tome koliko su koncilske ideje doista \u017eive \u2013 u \u0161kolama, pastoralu, lai\u010dkom sudjelovanju, kulturi, Crkvi. Sve to ide u prilog \u010dinjenici da je <a href=\"https:\/\/www.ks.hr\/jolisearch?s=Koncil\" target=\"_blank\" rel=\"noreferrer noopener\">Koncil <\/a>itekako \u017eiva tema.<\/p>\n\n\n\n<p><strong>Knjige o Koncilu<\/strong><\/p>\n\n\n\n<p>Kr\u0161\u0107anska sada\u0161njost, kao najzna\u010dajnija hrvatska katoli\u010dka izdava\u010dka ku\u0107a, nizom objavljenih knjiga pru\u017ea zna\u010dajan doprinos o\u010duvanju i promicanju naslje\u0111a Drugoga vatikanskog koncila \u2013 o njegovim dokumentima, povijesti, teolo\u0161kim tuma\u010denjima i primjeni u Crkvi. Do kraja prosinca niz knjiga o Koncilu izdvojen je i na posebnom popustu u&nbsp;<a href=\"https:\/\/www.ks.hr\/jolisearch?s=Koncil\" target=\"_blank\" rel=\"noreferrer noopener\">web knji\u017eari<\/a> Kr\u0161\u0107anske sada\u0161njosti.<\/p>\n\n\n\n<p><em><a href=\"https:\/\/www.ks.hr\/monografije\/9250330-povijesni-atlas-drugoga-vatikanskog-koncila.html\" target=\"_blank\" rel=\"noreferrer noopener\">Povijesni atlas Drugoga vatikanskog koncila<\/a>&nbsp;<\/em>(prir. Alberto Melloni) jedna je od klju\u010dnih i obuhvatnih publikacija: vizualno bogata, utemeljena na arhivskim istra\u017eivanjima i radovima stru\u010dnjaka. Atlas prati tijek priprema i zasjedanja, dokumente, glasanja i geografske, dru\u0161tvene te komunikacijske aspekte Koncila, te je izvrstan izvor za razumijevanje kontekstualnih tokova koji su oblikovali Koncil. Atlas o\u017eivljuje povijesna \u017eari\u0161ta koncilskog odvijanja, tehni\u010dku usredoto\u010denost s obzirom na preobrazbu koncilske dvorane, sustave glasovanja i njezine sudionike (upravna tijela, komisije, biskupe, rodovni\u010dke redove, perite, promatra\u010de i medije), dokumentiraju\u0107i svakida\u0161nje odvijanje od doga\u0111aja iznimnog zna\u010denja. Ova bi se monografija trebala na\u0107i u svakoj biblioteci, crkvenoj, dru\u0161tvenoj i osobnoj.<\/p>\n\n\n\n<p>Krakat video o ovoj monografiji pogledajte na na\u0161em <a href=\"https:\/\/youtube.com\/shorts\/7bZHM1LNdqE?si=_Km6si04rdUFjuxN\" target=\"_blank\" rel=\"noreferrer noopener\">YouTube kanalu<\/a>.<\/p>\n\n\n\n<p>Me\u0111u va\u017enijim naslovima svakako je i cjelovito izdanje <em><a href=\"https:\/\/www.ks.hr\/koncil\/9140013-drugi-vatikanski-koncil-dokumenti.html\" target=\"_blank\" rel=\"noreferrer noopener\">Drugi vatikanski koncil: Dokumenti<\/a><\/em>, koje sadr\u017eava slu\u017ebene tekstove Koncila na latinskom i hrvatskom jeziku \u2013 neophodno za svakoga tko \u017eeli raditi s izvornicima. Da bi se \u010ditatelji, napose pak profesori i studenti teologije, pastoralni i katehetski djelatnici, kao i svi oni kojima je stvar nove evangelizacije na srcu te uop\u0107e svi zainteresirani mogli \u0161to uspje\u0161nije slu\u017eiti ovim izdanjem, dodan mu je poseban uvod, kronologija Koncila i sva potrebna kazala.<\/p>\n\n\n\n<p><strong>Popularno-znanstveni prikazi i teolo\u0161ki pristup povijesti Koncila<\/strong><\/p>\n\n\n\n<p>Me\u0111u naslovima Kr\u0161\u0107anske sada\u0161njosti o Koncilu mogu se na\u0107i i kratke i srednje sinteze povijesti Koncila \u2013 popularno-znanstveni prikazi i sa\u017eete povijesti Koncila koje slu\u017ee da se \u010ditatelj brzo upozna s glavnim fazama, politi\u010dkim i teolo\u0161kim napetostima te naslje\u0111em. Jedno od takvih izdanja je i&nbsp;<em><a href=\"https:\/\/www.ks.hr\/koncil\/9140110-kratka-povijest-drugoga-vatikanskog-koncila-1959-1965.html\" target=\"_blank\" rel=\"noreferrer noopener\">Kratka povijest Drugoga vatikanskog koncila (1959. \u2013 1965.)<\/a> <\/em>Giuseppea Alberigija. Autor, izravni svjedok koncilskih radova, \u010ditatelju predo\u010duje \u010dak duhovnu situaciju i atmosferu tih godina: ra\u0161ireni po\u010detni entuzijazam pred mogu\u0107no\u0161\u0107u da se Crkva suo\u010di s dubokim promjenama nastalim u povijesti, kao i defenzivnu zabrinutost crkvenih institucija suo\u010denih s neodlo\u017eenim zahtjevima povijesne zbilje.<em>&nbsp;<a href=\"https:\/\/www.ks.hr\/koncil\/9140140-mala-povijest-drugoga-vatikanskog-koncila.html\" target=\"_blank\" rel=\"noreferrer noopener\">Mala povijest Drugoga vatikanskog koncila<\/a><\/em> Knuta Wenzela. Ovo djelo ima ambiciju koja te\u017ei tome da bude sintetiziraju\u0107a lektira dokumenata Drugoga vatikanskog koncila pred pozadinom njihove povijesti i povijesti Koncila: \u010ditati ih onako kako su navedeni. Isto tako autor je djelo upotpunio nizom dodataka koji \u010ditatelju olak\u0161avaju bolje razumijevanje i shva\u0107anje zna\u010denja Koncila.<\/p>\n\n\n\n<p>Temom Koncila bavili su se, i bave se, i doma\u0107i autori. Bono Zvonimir \u0160agi u knjizi<em>&nbsp;<a href=\"https:\/\/www.ks.hr\/koncil\/9140100-prag-na-trag.html\" target=\"_blank\" rel=\"noreferrer noopener\">Prag na trag<\/a> <\/em>sabrao je svoje teolo\u0161ko-pastoralne eseje koji su nastali u razli\u010ditim prigodama i u raznim vremenskim trenucima u stilu osvrta na provo\u0111enje obnove koju je Drugi vatikanski koncil htio unijeti u Crkvu. Eseji su usredoto\u010deni na pastoralno-prakti\u010dni vidik koncilske obnove, osobito glede pitanja i problema koji su se odnosili na liturgijsku obnovu. Tomislav Janko \u0160agi-Buni\u0107 u knjizi<em>&nbsp;<a href=\"https:\/\/www.ks.hr\/polazista\/9270010-ali-drugog-puta-nema.html\" target=\"_blank\" rel=\"noreferrer noopener\">Ali drugog puta nema. Uvod u misao Drugog vatikanskog koncila<\/a><\/em> sabrao je ve\u0107inu svojih tekstova o idejama i ciljevima Drugoga vatikanskog koncila.<\/p>\n\n\n\n<p>Od novijih izdanja, va\u017eno je spomenuti knjigu&nbsp;<a href=\"https:\/\/www.ks.hr\/naslovnica\/9270900-teoloska-polazista-i-orijentacije-u-svjetlu-drugoga-vatikanskog-koncila.html\" target=\"_blank\" rel=\"noreferrer noopener\">T<em>eolo\u0161ka polazi\u0161ta i orijentacije u svjetlu Drugoga vatikanskog koncila<\/em><\/a> Nediljka Ante An\u010di\u0107a. Knjiga sabire autorova teolo\u0161ka promi\u0161ljanja kojima nastoji dati konstruktivan prinos boljem razumijevanju sada\u0161njega crkvenog hoda kroz na\u0161e zamr\u0161eno vrijeme i biti korisna pomo\u0107 osobito teolo\u0161ki zainteresiranim vjernicima. Rije\u010d je o \u010detrnaest priloga, podijeljenih u tri dijela, koji informiraju o pripremi i odr\u017eavanju Koncila, o njegovoj viziji obnove Crkve, glavnim zna\u010dajkama crkvenoga otvaranja i dijaloga sa suvremenim svijetom, drugim kr\u0161\u0107anima i nekr\u0161\u0107anskim religijama te o dosada\u0161njim fazama u provedbi i recepciji koncilskih dokumenata. Jednako tako \u010ditatelju se otvaraju pogledi na dosada\u0161nje polustoljetno postkoncilsko razdoblje tijekom kojega su se, sa zastojima i iskoracima, mukotrpno probijale i izvla\u010dile kako temeljne linije teolo\u0161kog razvitka i na\u010dina razmi\u0161ljanja tako i glavni obrisi novoga lica Crkve koje je inicirao Koncil.<\/p>\n\n\n\n<p><strong>Glasoviti govor Karla Rahnera u novoj knjizi!<\/strong><\/p>\n\n\n\n<p>Kr\u0161\u0107anska sada\u0161njost upravo je ovih dana objavila i knjigu Karla Rahnera <em>Koncil \u2013 Jedan novi po\u010detak<\/em>. Naime, u prigodi 60. obljetnice zavr\u0161etka Drugoga vatikanskog koncila prisje\u0107amo se Rahnerova glasovita govora <em>Koncil \u2013 jedan novi po\u010detak<\/em> izgovorena na sve\u010danosti zatvaranja u M\u00fcnchenu 12. prosinca 1965. godine. Ovaj govor nije samo svjedo\u010danstvo povijesnog doga\u0111aja koji je zavr\u0161io nego i podsjetnik da koncilska obnova jo\u0161 uvijek traje. Zato su Rahnerove rije\u010di, o \u010demu svjedo\u010de kardinal Karl Lehmann u predgovoru te urednici u pogovoru ovoga izdanja, itekako aktualne i danas. \u201eDanas se on \u010dita kao predokus onoga \u0161to je od tada postignuto i \u0161to se danas jo\u0161 uvijek poku\u0161ava posti\u0107i. U dana\u0161njoj situaciji i s pogledom usmjerenim prema nadolaze\u0107oj proslavi obljetnice Koncila, on dobiva i novo zna\u010denje: u odnosu na budu\u0107e zadatke svjedo\u010di o jednoj velikoj skromnosti (\u00bbpo\u010detak po\u010detka\u00ab), stoje\u0107i, tako\u0111er, na jo\u0161 uvijek \u017eivoj vatri odu\u0161evljenja Koncilom, stvoriti novo povjerenje koje nam je danas prijeko potrebno\u201c, dodaje.<\/p>\n\n\n\n<p>Ovim i drugim knjigama o Koncilu Kr\u0161\u0107anska sada\u0161njost omogu\u0107uje i laicima i teolozima pristup izvorima, ali i suvremenim interpretacijama, \u0161to je posebno va\u017eno upravo u ovome trenutku, kada se obilje\u017eava 60. obljetnica sve\u010danoga zavr\u0161etka Koncila, i kad raste potreba da njegove odluke i duh budu razumljivi novim generacijama. Knjige o Drugome vatikanskom koncilu s posebnim popustom potra\u017eite ovoga prosinca u&nbsp;<a href=\"https:\/\/www.ks.hr\/jolisearch?s=Koncil\" target=\"_blank\" rel=\"noreferrer noopener\">web knji\u017eari<\/a> Kr\u0161\u0107anske sada\u0161njosti.<\/p>\n\n\n\n<hr class=\"wp-block-separator has-alpha-channel-opacity\"\/>\n\n\n\n<p>Izvor:<\/p>\n\n\n\n<p><a href=\"https:\/\/www.ks.hr\/blog\/odjeci-drugoga-vatikanskog-koncila-u-knjigama-krscanske-sadasnjosti-n1800\">https:\/\/www.ks.hr\/blog\/odjeci-drugoga-vatikanskog-koncila-u-knjigama-krscanske-sadasnjosti-n1800<\/a><\/p>\n\n\n\n<hr class=\"wp-block-separator has-alpha-channel-opacity\"\/>\n","protected":false},"excerpt":{"rendered":"","protected":false},"author":2,"featured_media":50516,"comment_status":"open","ping_status":"open","sticky":false,"template":"","format":"standard","meta":{"_acf_changed":false,"jetpack_post_was_ever_published":false,"_jetpack_newsletter_access":"","_jetpack_dont_email_post_to_subs":false,"_jetpack_newsletter_tier_id":0,"_jetpack_memberships_contains_paywalled_content":false,"_jetpack_memberships_contains_paid_content":false,"footnotes":"","jetpack_publicize_message":"","jetpack_publicize_feature_enabled":true,"jetpack_social_post_already_shared":true,"jetpack_social_options":{"image_generator_settings":{"template":"highway","default_image_id":0,"font":"","enabled":false},"version":2}},"categories":[3],"tags":[],"class_list":["post-50513","post","type-post","status-publish","format-standard","has-post-thumbnail","hentry","category-novosti"],"acf":{"facebook_opis":""},"jetpack_publicize_connections":[],"jetpack_featured_media_url":"https:\/\/i0.wp.com\/historiografija.hr\/wp-content\/uploads\/2025\/12\/Povijesni-atlas.png?fit=945%2C427&ssl=1","jetpack_sharing_enabled":true,"jetpack-related-posts":[],"_links":{"self":[{"href":"https:\/\/historiografija.hr\/index.php?rest_route=\/wp\/v2\/posts\/50513","targetHints":{"allow":["GET"]}}],"collection":[{"href":"https:\/\/historiografija.hr\/index.php?rest_route=\/wp\/v2\/posts"}],"about":[{"href":"https:\/\/historiografija.hr\/index.php?rest_route=\/wp\/v2\/types\/post"}],"author":[{"embeddable":true,"href":"https:\/\/historiografija.hr\/index.php?rest_route=\/wp\/v2\/users\/2"}],"replies":[{"embeddable":true,"href":"https:\/\/historiografija.hr\/index.php?rest_route=%2Fwp%2Fv2%2Fcomments&post=50513"}],"version-history":[{"count":1,"href":"https:\/\/historiografija.hr\/index.php?rest_route=\/wp\/v2\/posts\/50513\/revisions"}],"predecessor-version":[{"id":50515,"href":"https:\/\/historiografija.hr\/index.php?rest_route=\/wp\/v2\/posts\/50513\/revisions\/50515"}],"wp:featuredmedia":[{"embeddable":true,"href":"https:\/\/historiografija.hr\/index.php?rest_route=\/wp\/v2\/media\/50516"}],"wp:attachment":[{"href":"https:\/\/historiografija.hr\/index.php?rest_route=%2Fwp%2Fv2%2Fmedia&parent=50513"}],"wp:term":[{"taxonomy":"category","embeddable":true,"href":"https:\/\/historiografija.hr\/index.php?rest_route=%2Fwp%2Fv2%2Fcategories&post=50513"},{"taxonomy":"post_tag","embeddable":true,"href":"https:\/\/historiografija.hr\/index.php?rest_route=%2Fwp%2Fv2%2Ftags&post=50513"}],"curies":[{"name":"wp","href":"https:\/\/api.w.org\/{rel}","templated":true}]}}