{"id":50502,"date":"2025-12-24T18:10:24","date_gmt":"2025-12-24T18:10:24","guid":{"rendered":"https:\/\/historiografija.hr\/?p=50502"},"modified":"2025-12-24T18:37:04","modified_gmt":"2025-12-24T18:37:04","slug":"povodom-druge-obljetnice-smrti-intelektualnog-povjesnicara-j-g-a-pococka-1924-2023","status":"publish","type":"post","link":"https:\/\/historiografija.hr\/?p=50502","title":{"rendered":"Povodom druge obljetnice smrti intelektualnog povjesni\u010dara J. G. A. Pococka (1924-2023)"},"content":{"rendered":"\n<p>Me\u0111u brojnim intelektualnim povjesni\u010darima 20. stolje\u0107a, malo ih je ostavilo takvog traga kao John Greville Agard Pocock. Oslanjaju\u0107i se na dosege u lingvistici iz prve polovice 20. stolje\u0107a, Pocock je svoju karijeru posvetio naizgled jednostavnom zadatku: razumijevanju ideja u kontekstu u kojemu su se koristile i kojem su bile namijenjene, odnosno, shva\u0107anju \u0161to je autor nekog povijesnog teksta \u017eelio re\u0107i u danom trenutku. Time je Pocockov rad otvorio nove puteve u intelektualnoj historiji od 1960-ih godina nadalje, kritiziraju\u0107i do tada popularnu historiju ideja i intelektualne biografije koje su bile usmjerene na tra\u017eenje izvori\u0161ta neke ideje u pro\u0161losti ili su vezale ideje uz proizvoljni kontekst, \u0161to bi i u jednom i drugom slu\u010daju rezultiralo anakronom upisivanju zna\u010denja i intencija u ideje i tekstove koje njihovi autori izvorno nisu imali. Ova metoda tzv. kontekstualizacije bila je temelj kembri\u010dke \u0161kole intelektualne historije (<em>Cambridge School<\/em>) kojoj je Pocock uz Quentina Skinnera bio jedan od utemeljitelja i glavnih usmjeritelja.<\/p>\n\n\n\n<p>Pocock je ostavio veliki utjecaj ne samo u polju intelektualne historije, ve\u0107 i povijesti politi\u010dke misli. \u010citav njegov opus bavi se prou\u010davanjem vokabulara i retori\u010dkih figura, odnosno \u201epoliti\u010dkih jezika\u201c \u2013 termin koji je sam skovao \u2013 koji su krasili filozofske i politi\u010dke koncepte \u0161to su se ubrzano razvijali tijekom 17. i 18. stolje\u0107a poput anglosaksonskog prava (djelo <em>The Ancient Constitution and the Feudal Law<\/em>, 1957) i klasi\u010dnog republikanizma (<em>The Machiavellian Moment<\/em>, 1975), \u0161to su teme kojih se \u010desto doticao i u svojim zbirkama eseja (<em>Politics, Language, and Time<\/em>, 1971; <em>&nbsp;Virtue, Commerce, and History<\/em>, 1985). Nije mu bilo strano ni bavljenje povije\u0161\u0107u historiografije pa je tako u \u0161est svezaka pripremio op\u0161irnu analizu povjesni\u010dara Edwarda Gibbona i njegovog poznatog djela o slabljenju i padu Rimskog Carstva (<em>Barbarism and Religion<\/em>, 1999\u20132015). One koji su zainteresirani za samu Pocockovu metodologiju, upu\u0107ujemo na njegovu zbirku eseja <em>Political Thought and History:<\/em> <em>Essays on Theory and Method &nbsp;<\/em>iz 2009. godine.<\/p>\n\n\n\n<p>U jeku druge obljetnice smrti ovog meritornog povjesni\u010dara, portal <em>Historiografija.hr <\/em>odlu\u010dio je uputiti na tekstove i doga\u0111aje koji su bili posve\u0107eni Pococku tijekom zadnje dvije godine. Posebice vrijedi izdvojiti svojevrsnu Pocockovu biografiju koju je sastavio Quentin Skinner pomo\u0107u korespondencije koju su zajedno vodili izme\u0111u 1965. i 2020. godine i koja mu je omogu\u0107ila da prika\u017ee razvoj Pocockove karijere na jedan izuzetno osoban na\u010din. Poseban broj Pococku posvetio je \u010dasopis <em>History of European Ideas <\/em>u kojemu je sakupljeno deset radova Pocockovih dugogodi\u0161njih suradnika, u\u010denika i intelektualnih nasljednika, izvorno predstavljenih na kolokviju na Sveu\u010dili\u0161tu St. Andrews. Sli\u010dni doga\u0111aji odr\u017eani su Pococku u \u010dast i na Sveu\u010dili\u0161tu Johns Hopkins, Cambridgeu i Harvardu te ih tako\u0111er ovdje izdvajamo preko poveznica u nastavku. Naposljetku, upu\u0107ujemo i na nekoliko nekrologa posve\u0107enih Pococku koji su objavljeni u razli\u010ditim stranim i doma\u0107im publikacijama.<\/p>\n\n\n\n<p><em>Filip Ba\u010durin<\/em><\/p>\n\n\n\n<hr class=\"wp-block-separator has-alpha-channel-opacity\"\/>\n\n\n\n<p>Prilozi:<\/p>\n\n\n\n<p><strong>Skinnerova biografija J. G. A. Pococka nastala na temelju njihove korespondencije:<\/strong><\/p>\n\n\n\n<p><a href=\"https:\/\/muse.jhu.edu\/article\/949925\">https:\/\/muse.jhu.edu\/article\/949925<\/a><\/p>\n\n\n\n<hr class=\"wp-block-separator has-alpha-channel-opacity\"\/>\n\n\n\n<p><strong>Poseban broj \u010dasopisa <em>History of European Ideas <\/em>posve\u0107en J. G. A. Pococku:<\/strong><\/p>\n\n\n\n<p><a href=\"https:\/\/www.tandfonline.com\/toc\/rhei20\/51\/7\">https:\/\/www.tandfonline.com\/toc\/rhei20\/51\/7<\/a><\/p>\n\n\n\n<hr class=\"wp-block-separator has-alpha-channel-opacity\"\/>\n\n\n\n<p><strong>Simpoziji i kolokviji odr\u017eani u \u010dast J. G. A. Pococka:<\/strong><\/p>\n\n\n\n<hr class=\"wp-block-separator has-alpha-channel-opacity\"\/>\n\n\n\n<p>University of St. Andrews Institute of Intellectual History <\/p>\n\n\n\n<p><a href=\"https:\/\/www.intellectualhistory.net\/pocock-centenary-colloquium-2024\">https:\/\/www.intellectualhistory.net\/pocock-centenary-colloquium-2024<\/a> <\/p>\n\n\n\n<p>(snimka kolokvija: <a href=\"https:\/\/www.youtube.com\/watch?v=aMK0FVqsxHo&amp;t=138s\">https:\/\/www.youtube.com\/watch?v=aMK0FVqsxHo&amp;t=138s<\/a>)<\/p>\n\n\n\n<hr class=\"wp-block-separator has-alpha-channel-opacity\"\/>\n\n\n\n<p>Johns Hopkins University<br><a href=\"https:\/\/is-ih.com\/wp-content\/uploads\/2024\/02\/Pocock-Schedule_1.pdf\">https:\/\/is-ih.com\/wp-content\/uploads\/2024\/02\/Pocock-Schedule_1.pdf<\/a>&nbsp; <\/p>\n\n\n\n<p>(\u010dlanak na blogu povjesni\u010darke Rachel Hammerslay o samom simpoziju: <a href=\"https:\/\/www.rachelhammersley.com\/new-blog\/2024\/3\/28\/john-pococks-life-legacy-and-languages-of-historical-and-political-thought\">https:\/\/www.rachelhammersley.com\/new-blog\/2024\/3\/28\/john-pococks-life-legacy-and-languages-of-historical-and-political-thought<\/a>)<\/p>\n\n\n\n<hr class=\"wp-block-separator has-alpha-channel-opacity\"\/>\n\n\n\n<p>Cambridge Centre for Political Thought:<\/p>\n\n\n\n<p><a href=\"https:\/\/www.polthought.cam.ac.uk\/recent-events\/j-g-pocock-centenary-colloquium\">https:\/\/www.polthought.cam.ac.uk\/recent-events\/j-g-pocock-centenary-colloquium<\/a><\/p>\n\n\n\n<hr class=\"wp-block-separator has-alpha-channel-opacity\"\/>\n\n\n\n<p>Harvard University Association for Global Political Thought <\/p>\n\n\n\n<p><a href=\"https:\/\/globalpoliticalthought.hsites.harvard.edu\/pocockian-moments-symposium-centenary-jga-pocock-european-university\">https:\/\/globalpoliticalthought.hsites.harvard.edu\/pocockian-moments-symposium-centenary-jga-pocock-european-university<\/a><\/p>\n\n\n\n<hr class=\"wp-block-separator has-alpha-channel-opacity\"\/>\n\n\n\n<p><strong>Nekrolozi objavljeni u \u010dast J. G. A. Pococka:<\/strong><\/p>\n\n\n\n<p><a href=\"https:\/\/intellectualhistory.web.ox.ac.uk\/article\/j.-g.-a.-pocock-1924-2023\">https:\/\/intellectualhistory.web.ox.ac.uk\/article\/j.-g.-a.-pocock-1924-2023<\/a><\/p>\n\n\n\n<p><a href=\"https:\/\/www.nytimes.com\/2023\/12\/19\/books\/jga-pocock-dead.html\">https:\/\/www.nytimes.com\/2023\/12\/19\/books\/jga-pocock-dead.html<\/a><\/p>\n\n\n\n<p><a href=\"https:\/\/www.washingtonpost.com\/obituaries\/2023\/12\/22\/jga-pocock-historian-dead\">https:\/\/www.washingtonpost.com\/obituaries\/2023\/12\/22\/jga-pocock-historian-dead<\/a><\/p>\n\n\n\n<p><a href=\"https:\/\/hub.jhu.edu\/2023\/12\/18\/pocock-obituary\">https:\/\/hub.jhu.edu\/2023\/12\/18\/pocock-obituary<\/a><\/p>\n\n\n\n<p><a href=\"https:\/\/www.tandfonline.com\/doi\/full\/10.1080\/10848770.2024.2311444\">https:\/\/www.tandfonline.com\/doi\/full\/10.1080\/10848770.2024.2311444<\/a><\/p>\n\n\n\n<p><a href=\"https:\/\/www.historians.org\/perspectives-article\/j-g-a-pocock-1924-2023-historian-of-ideas-february-2024\">https:\/\/www.historians.org\/perspectives-article\/j-g-a-pocock-1924-2023-historian-of-ideas-february-2024<\/a><\/p>\n\n\n\n<p><a href=\"https:\/\/www.intellectualhistory.net\/remembering\/jga-pocock\">https:\/\/www.intellectualhistory.net\/remembering\/jga-pocock<\/a><\/p>\n\n\n\n<p><a href=\"https:\/\/history.jhu.edu\/2023\/12\/15\/in-memoriam-professor-j-g-a-pocock\">https:\/\/history.jhu.edu\/2023\/12\/15\/in-memoriam-professor-j-g-a-pocock<\/a><\/p>\n\n\n\n<hr class=\"wp-block-separator has-alpha-channel-opacity\"\/>\n\n\n\n<p><em>Pro tempore<\/em><\/p>\n\n\n\n<p>John Greville Agard Pocock (1924.\u20132023.)<\/p>\n\n\n\n<p>Nekrolog<\/p>\n\n\n\n<p>Filip Ba\u010durin<\/p>\n\n\n\n<p><a href=\"https:\/\/hrcak.srce.hr\/clanak\/485582\">https:\/\/hrcak.srce.hr\/clanak\/485582<\/a><\/p>\n\n\n\n<hr class=\"wp-block-separator has-alpha-channel-opacity\"\/>\n\n\n\n<p>Prethodni prilog na portalu <strong>Historiografija.hr<\/strong>:<\/p>\n\n\n\n<figure class=\"wp-block-embed is-type-wp-embed is-provider-historiografija-hr wp-block-embed-historiografija-hr\"><div class=\"wp-block-embed__wrapper\">\n<blockquote class=\"wp-embedded-content\" data-secret=\"oFKINFWOMI\"><a href=\"https:\/\/historiografija.hr\/?p=44144\">J. G. A. Pocock (1924-2023)<\/a><\/blockquote><iframe loading=\"lazy\" class=\"wp-embedded-content\" sandbox=\"allow-scripts\" security=\"restricted\" style=\"position: absolute; visibility: hidden;\" title=\"&#8220;J. G. A. Pocock (1924-2023)&#8221; &#8212; Historiografija.hr\" src=\"https:\/\/historiografija.hr\/?p=44144&#038;embed=true#?secret=qdpkFsGEto#?secret=oFKINFWOMI\" data-secret=\"oFKINFWOMI\" width=\"600\" height=\"338\" frameborder=\"0\" marginwidth=\"0\" marginheight=\"0\" scrolling=\"no\"><\/iframe>\n<\/div><\/figure>\n\n\n\n<hr class=\"wp-block-separator has-alpha-channel-opacity\"\/>\n","protected":false},"excerpt":{"rendered":"","protected":false},"author":2,"featured_media":50505,"comment_status":"open","ping_status":"open","sticky":false,"template":"","format":"standard","meta":{"_acf_changed":false,"jetpack_post_was_ever_published":false,"_jetpack_newsletter_access":"","_jetpack_dont_email_post_to_subs":false,"_jetpack_newsletter_tier_id":0,"_jetpack_memberships_contains_paywalled_content":false,"_jetpack_memberships_contains_paid_content":false,"footnotes":"","jetpack_publicize_message":"","jetpack_publicize_feature_enabled":true,"jetpack_social_post_already_shared":true,"jetpack_social_options":{"image_generator_settings":{"template":"highway","default_image_id":0,"font":"","enabled":false},"version":2}},"categories":[3,20],"tags":[],"class_list":["post-50502","post","type-post","status-publish","format-standard","has-post-thumbnail","hentry","category-novosti","category-obavijesti-o-smrti-i-nekrolozi"],"acf":{"facebook_opis":""},"jetpack_publicize_connections":[],"jetpack_featured_media_url":"https:\/\/i0.wp.com\/historiografija.hr\/wp-content\/uploads\/2025\/12\/pocock-foto.jpg?fit=500%2C467&ssl=1","jetpack_sharing_enabled":true,"jetpack-related-posts":[],"_links":{"self":[{"href":"https:\/\/historiografija.hr\/index.php?rest_route=\/wp\/v2\/posts\/50502","targetHints":{"allow":["GET"]}}],"collection":[{"href":"https:\/\/historiografija.hr\/index.php?rest_route=\/wp\/v2\/posts"}],"about":[{"href":"https:\/\/historiografija.hr\/index.php?rest_route=\/wp\/v2\/types\/post"}],"author":[{"embeddable":true,"href":"https:\/\/historiografija.hr\/index.php?rest_route=\/wp\/v2\/users\/2"}],"replies":[{"embeddable":true,"href":"https:\/\/historiografija.hr\/index.php?rest_route=%2Fwp%2Fv2%2Fcomments&post=50502"}],"version-history":[{"count":9,"href":"https:\/\/historiografija.hr\/index.php?rest_route=\/wp\/v2\/posts\/50502\/revisions"}],"predecessor-version":[{"id":50518,"href":"https:\/\/historiografija.hr\/index.php?rest_route=\/wp\/v2\/posts\/50502\/revisions\/50518"}],"wp:featuredmedia":[{"embeddable":true,"href":"https:\/\/historiografija.hr\/index.php?rest_route=\/wp\/v2\/media\/50505"}],"wp:attachment":[{"href":"https:\/\/historiografija.hr\/index.php?rest_route=%2Fwp%2Fv2%2Fmedia&parent=50502"}],"wp:term":[{"taxonomy":"category","embeddable":true,"href":"https:\/\/historiografija.hr\/index.php?rest_route=%2Fwp%2Fv2%2Fcategories&post=50502"},{"taxonomy":"post_tag","embeddable":true,"href":"https:\/\/historiografija.hr\/index.php?rest_route=%2Fwp%2Fv2%2Ftags&post=50502"}],"curies":[{"name":"wp","href":"https:\/\/api.w.org\/{rel}","templated":true}]}}