{"id":50496,"date":"2025-12-24T17:31:00","date_gmt":"2025-12-24T17:31:00","guid":{"rendered":"https:\/\/historiografija.hr\/?p=50496"},"modified":"2025-12-24T17:40:05","modified_gmt":"2025-12-24T17:40:05","slug":"faktograf-hr-plenkovic-ne-osuduje-transparent-bbb-a-za-dom-spremni-smeta-mu-nekonzistentnost-tomasevica","status":"publish","type":"post","link":"https:\/\/historiografija.hr\/?p=50496","title":{"rendered":"Faktograf.hr: Plenkovi\u0107 ne osu\u0111uje transparent BBB-a \u201cZa dom spremni\u201d, smeta mu nekonzistentnost Toma\u0161evi\u0107a"},"content":{"rendered":"\n<p>Na platformi Faktograf.hr objavljen je 24. prosinca 2025. prilog Ivice Kristovi\u0107a \u201ePlenkovi\u0107 ne osu\u0111uje transparent BBB-a \u201cZa dom spremni\u201d, smeta mu nekonzistentnost Toma\u0161evi\u0107a\u201d.<\/p>\n\n\n\n<hr class=\"wp-block-separator has-alpha-channel-opacity\"\/>\n\n\n\n<p>Prilog je dostupan na sljede\u0107oj poveznici:<\/p>\n\n\n\n<figure class=\"wp-block-embed is-type-wp-embed is-provider-faktograf-hr wp-block-embed-faktograf-hr\"><div class=\"wp-block-embed__wrapper\">\n<blockquote class=\"wp-embedded-content\" data-secret=\"2gAlWobeiC\"><a href=\"https:\/\/faktograf.hr\/2025\/12\/24\/plenkovic-ne-osuduje-transparent-bbb-a-za-dom-spremni-smeta-mu-nekonzistentnost-tomasevica\/\">Plenkovi\u0107 ne osu\u0111uje transparent BBB-a &#8220;Za dom spremni&#8221;, smeta mu nekonzistentnost Toma\u0161evi\u0107a<\/a><\/blockquote><iframe loading=\"lazy\" class=\"wp-embedded-content\" sandbox=\"allow-scripts\" security=\"restricted\" style=\"position: absolute; visibility: hidden;\" title=\"&#8220;Plenkovi\u0107 ne osu\u0111uje transparent BBB-a &#8220;Za dom spremni&#8221;, smeta mu nekonzistentnost Toma\u0161evi\u0107a&#8221; &#8212; Faktograf.hr\" src=\"https:\/\/faktograf.hr\/2025\/12\/24\/plenkovic-ne-osuduje-transparent-bbb-a-za-dom-spremni-smeta-mu-nekonzistentnost-tomasevica\/embed\/#?secret=PTsyw5AwLA#?secret=2gAlWobeiC\" data-secret=\"2gAlWobeiC\" width=\"600\" height=\"338\" frameborder=\"0\" marginwidth=\"0\" marginheight=\"0\" scrolling=\"no\"><\/iframe>\n<\/div><\/figure>\n\n\n\n<hr class=\"wp-block-separator has-alpha-channel-opacity\"\/>\n\n\n\n<p><\/p>\n","protected":false},"excerpt":{"rendered":"","protected":false},"author":2,"featured_media":50434,"comment_status":"open","ping_status":"open","sticky":false,"template":"","format":"standard","meta":{"_acf_changed":false,"jetpack_post_was_ever_published":false,"_jetpack_newsletter_access":"","_jetpack_dont_email_post_to_subs":false,"_jetpack_newsletter_tier_id":0,"_jetpack_memberships_contains_paywalled_content":false,"_jetpack_memberships_contains_paid_content":false,"footnotes":"","jetpack_publicize_message":"","jetpack_publicize_feature_enabled":true,"jetpack_social_post_already_shared":true,"jetpack_social_options":{"image_generator_settings":{"template":"highway","default_image_id":0,"font":"","enabled":false},"version":2}},"categories":[3],"tags":[],"class_list":["post-50496","post","type-post","status-publish","format-standard","has-post-thumbnail","hentry","category-novosti"],"acf":{"facebook_opis":""},"jetpack_publicize_connections":[],"jetpack_featured_media_url":"https:\/\/i0.wp.com\/historiografija.hr\/wp-content\/uploads\/2025\/12\/zds_Maksimir.jpg?fit=890%2C440&ssl=1","jetpack_sharing_enabled":true,"jetpack-related-posts":[],"_links":{"self":[{"href":"https:\/\/historiografija.hr\/index.php?rest_route=\/wp\/v2\/posts\/50496","targetHints":{"allow":["GET"]}}],"collection":[{"href":"https:\/\/historiografija.hr\/index.php?rest_route=\/wp\/v2\/posts"}],"about":[{"href":"https:\/\/historiografija.hr\/index.php?rest_route=\/wp\/v2\/types\/post"}],"author":[{"embeddable":true,"href":"https:\/\/historiografija.hr\/index.php?rest_route=\/wp\/v2\/users\/2"}],"replies":[{"embeddable":true,"href":"https:\/\/historiografija.hr\/index.php?rest_route=%2Fwp%2Fv2%2Fcomments&post=50496"}],"version-history":[{"count":3,"href":"https:\/\/historiografija.hr\/index.php?rest_route=\/wp\/v2\/posts\/50496\/revisions"}],"predecessor-version":[{"id":50499,"href":"https:\/\/historiografija.hr\/index.php?rest_route=\/wp\/v2\/posts\/50496\/revisions\/50499"}],"wp:featuredmedia":[{"embeddable":true,"href":"https:\/\/historiografija.hr\/index.php?rest_route=\/wp\/v2\/media\/50434"}],"wp:attachment":[{"href":"https:\/\/historiografija.hr\/index.php?rest_route=%2Fwp%2Fv2%2Fmedia&parent=50496"}],"wp:term":[{"taxonomy":"category","embeddable":true,"href":"https:\/\/historiografija.hr\/index.php?rest_route=%2Fwp%2Fv2%2Fcategories&post=50496"},{"taxonomy":"post_tag","embeddable":true,"href":"https:\/\/historiografija.hr\/index.php?rest_route=%2Fwp%2Fv2%2Ftags&post=50496"}],"curies":[{"name":"wp","href":"https:\/\/api.w.org\/{rel}","templated":true}]}}