{"id":50484,"date":"2025-12-24T17:16:11","date_gmt":"2025-12-24T17:16:11","guid":{"rendered":"https:\/\/historiografija.hr\/?p=50484"},"modified":"2025-12-24T17:17:01","modified_gmt":"2025-12-24T17:17:01","slug":"frankapansko-naslijede-pet-stoljeca-njemacko-rimskoga-brevijara","status":"publish","type":"post","link":"https:\/\/historiografija.hr\/?p=50484","title":{"rendered":"Frankapansko naslije\u0111e: pet stolje\u0107a Njema\u010dko-rimskoga brevijara"},"content":{"rendered":"\n<p>Frankapansko naslije\u0111e: pet stolje\u0107a Njema\u010dko-rimskoga brevijara. Zbornik radova sa znanstvenoga skupa u organizaciji Odsjeka za povijest umjetnosti Filozofskog fakulteta Sveu\u010dili\u0161ta u Zagrebu i Nacionalne i sveu\u010dili\u0161ne knji\u017enice u Zagrebu, odr\u017eanoga 8. studenoga 2019.<\/p>\n\n\n\n<p>Zagreb 2025.<\/p>\n\n\n\n<p>Uredili:<\/p>\n\n\n\n<p><strong>Sanja Cvetni\u0107<\/strong><\/p>\n\n\n\n<p>Filozofski fakultet Sveu\u010dili\u0161ta u Zagrebu, Odsjek za povijest umjetnosti<\/p>\n\n\n\n<p><strong>Danko \u0160ourek<\/strong><\/p>\n\n\n\n<p>Filozofski fakultet Sveu\u010dili\u0161ta u Zagrebu, Odsjek za povijest umjetnosti<\/p>\n\n\n\n<p><strong>Tanja Tr\u0161ka<\/strong><\/p>\n\n\n\n<p>Filozofski fakultet Sveu\u010dili\u0161ta u Zagrebu, Odsjek za povijest umjetnosti<\/p>\n\n\n\n<hr class=\"wp-block-separator has-alpha-channel-opacity\"\/>\n\n\n\n<p>Obitelj Frankapan duboko je ozna\u010dila hrvatsku povijest i kulturu, ali njihova je ba\u0161tina nedovoljno poznata i prepoznata. Mnogo je neispitanih istra\u017eiva\u010dkih staza potrebno prije\u0107i kako bi se frankapanski duhovni posjedi prokr\u010dili i kako bi se upoznao reljef njihova povijesnoga i kulturnoga krajolika. Svaki korak u tom zapu\u0161tenom gusti\u0161u otvara nove obzore pa se nadamo da \u0107e tome pridonijeti i zbornik radova sa znanstvenoga skupa Frankapansko naslije\u0111e: pet stolje\u0107a Njema\u010dko-rimskoga brevijara u organizaciji Katedre za umjetnost renesanse i baroka Odsjeka za povijest umjetnosti Filozofskoga fakulteta Sveu\u010dili\u0161ta u Zagrebu i Nacionalne i sveu\u010dili\u0161ne knji\u017enice u Zagrebu. Skup je odr\u017ean 8. studenoga 2019. s devet izlaga\u010da \u2013 povjesni\u010dara i povjesni\u010dara umjetnosti, liturgi\u010dara, teologa i filologa \u2013 koji su s razli\u010ditih motri\u0161ta istra\u017eili Njema\u010dkorimski brevijar (njem. Das deutsch-r\u00f6misches Brevier), poslije poznat i kao Frankapanski brevijar, ali i protagoniste toga izdava\u010dkoga poduhvata, kontekst molitvene knjige toga tipa, opremu, sadr\u017eaj te s\u00e2m tijek i sudbinu izdanja. Povod skupu bila je petstota obljetnica tiska Brevijara, koji je dovr\u0161en 31. listopada 1518. godine u Veneciji, kod tiskara Gregoriusa de Gregoriisa. Na petsto i \u010detrnaest listova ove molitvene knjige ure\u0161ene drvorezima ogledaju se razli\u010dite kulturne tradicije: njema\u010dki jezik (prijevod s latinskoga), mleta\u010dka vizualna kultura (s raznim utjecajima koji se u njoj susre\u0107u) i hrvatska povijest, koja se ogleda u protagonistima izdava\u010dkoga poduhvata prvoga tiskanoga Rimskoga brevijara na njema\u010dkom jeziku (drugi je objavljen tek 1535. u Ausburgu).<\/p>\n\n\n\n<hr class=\"wp-block-separator has-alpha-channel-opacity\"\/>\n\n\n\n<p>Sadr\u017eaj:\u00a0\u00a0\u00a0 <\/p>\n\n\n\n<p><strong>Uredni\u010dka napomena<\/strong><\/p>\n\n\n\n<p>Sanja Cvetni\u0107, Danko \u0160ourek, Tanja Tr\u0161ka<\/p>\n\n\n\n<hr class=\"wp-block-separator has-alpha-channel-opacity\"\/>\n\n\n\n<p><strong>Brevijar: ustroj, sadr\u017eaj, funkcija<\/strong><\/p>\n\n\n\n<p>Kristijan Kuhar<\/p>\n\n\n\n<hr class=\"wp-block-separator has-alpha-channel-opacity\"\/>\n\n\n\n<p><strong>Vrijedan primjerak brevijara u Nacionalnoj i sveu\u010dili\u0161noj knji\u017enici u Zagrebu<\/strong><\/p>\n\n\n\n<p>Irena Gali\u0107 Be\u0161ker<\/p>\n\n\n\n<hr class=\"wp-block-separator has-alpha-channel-opacity\"\/>\n\n\n\n<p><strong>U spomen na groficu Apoloniju Lang, suprugu Krste Frankapana, u povodu 500. obljetnice smrti<\/strong><\/p>\n\n\n\n<p>Ivan Jurkovi\u0107<\/p>\n\n\n\n<hr class=\"wp-block-separator has-alpha-channel-opacity\"\/>\n\n\n\n<p><strong>Majstor od Zadobarja i Krsto I. Frankapan<\/strong><\/p>\n\n\n\n<p>Rosana Ratkov\u010di\u0107<\/p>\n\n\n\n<hr class=\"wp-block-separator has-alpha-channel-opacity\"\/>\n\n\n\n<p><strong>Frankapani Modru\u0161ki i put od Senja do Zagreba u izvje\u0161tajima ferrarskih ambasadora na dvoru kralja Matije Korvina 1486. i 1487. godine<\/strong><\/p>\n\n\n\n<p>Luka \u0160poljari\u0107<\/p>\n\n\n\n<hr class=\"wp-block-separator has-alpha-channel-opacity\"\/>\n\n\n\n<p>Biografije urednika:<\/p>\n\n\n\n<p><strong>Sanja Cvetni\u0107, Filozofski fakultet Sveu\u010dili\u0161ta u Zagrebu, Odsjek za povijest umjetnosti<\/strong><\/p>\n\n\n\n<p>Sanja Cvetni\u0107 redovita je profesorica na Odsjeku za povijest umjetnosti Filozofskoga fakulteta Sveu\u010dili\u0161ta u Zagrebu, gdje predaje predmete iz umjetnosti renesanse, manirizma i baroka. Studirala je povijest umjetnosti i komparativnu knji\u017eevnost na Filozofskom fakultetu u Zagrebu i na Sveu\u010dili\u0161tu u Bologni. Doktorirala&nbsp; je na Filozofskom fakultetu Sveu\u010dili\u0161ta u Zagrebu (1997.) temom&nbsp;<em>Slikarstvo u Zagrebu u drugoj polovici 17. stolje\u0107a i po\u010detkom 18. stolje\u0107a<\/em>. Studijski je boravila u Sjedinjenim Ameri\u010dkim Dr\u017eavama (Rochester, NY; Williamstown, Massachusetts; Los Angeles, California), Italiji (Venecija), Nizozemskoj (Amsterdam; Den Haag) i Ma\u0111arskoj (Budimpe\u0161ta). Kao gostuju\u0107a profesorica predavala je na Sveu\u010dili\u0161tu u Sarajevu i Ca\u2019 Foscari u Veneciji, te na Katoli\u010dkom bogoslovnom fakultetu u Zagrebu. Glavna su podru\u010dja njezinih istra\u017eivanja i publikacija slikarstvo od 15. do 18. stolje\u0107a, ikonografija, pu\u010dka i popularna umjetnost, te pojave poput umjetni\u010dkih migracija.<\/p>\n\n\n\n<p><strong>Danko \u0160ourek, Filozofski fakultet Sveu\u010dili\u0161ta u Zagrebu, Odsjek za povijest umjetnosti<\/strong><\/p>\n\n\n\n<p>Danko \u0160ourek (Zagreb, 1979.) izvanredni je profesor na Odsjeku za povijest umjetnosti Filozofskoga fakulteta Sveu\u010dili\u0161ta u Zagrebu. Na istom je fakultetu studirao povijest umjetnosti i arheologiju, diplomirao (2005.), te doktorirao (2012.) disertacijom&nbsp;<em>Mramorna skulptura i altaristika XVII. i XVIII. stolje\u0107a na podru\u010dju Rijeke i Hrvatskoga primorja<\/em>. Nositelj je obveznoga kolegija diplomskoga studija&nbsp;<em>Hrvatska likovna ba\u0161tina \u00bbizme\u0111u gotike i baroka\u00ab<\/em>, te vi\u0161e izbornih kolegija na prijediplomskom i diplomskom studiju povijesti umjetnosti. Studijski je boravio u Sloveniji (Ljubljana, Filozofska fakulteta Univerze v Ljubljani, Oddelek za umetnosno zgodovinu) i Ma\u0111arskoj (Budimpe\u0161ta, Central European University). Autor je niza znanstvenih radova iz podru\u010dja umjetni\u010dke ba\u0161tine renesanse i baroka. Istra\u017eiva\u010dkim interesima usmjeren je na umjetnost kasnoga srednjega i ranoga novoga vijeka, a osobito teme s podru\u010dja povijesti skulpture, ikonografije i naru\u010diteljstva.<\/p>\n\n\n\n<p><strong>Tanja Tr\u0161ka, Filozofski fakultet Sveu\u010dili\u0161ta u Zagrebu, Odsjek za povijest umjetnosti<\/strong><\/p>\n\n\n\n<p>Tanja Tr\u0161ka (Zagreb, 1980.) je izvanredna profesorica pri Katedri za umjetnost renesanse i baroka Odsjeka za povijest umjetnosti Filozofskog fakulteta Sveu\u010dili\u0161ta u Zagrebu, gdje predaje kolegije iz op\u0107e i nacionalne povijesti umjetnosti od 15. do 18. stolje\u0107a na prijediplomskom, diplomskom i doktorskom studiju. Diplomirala je povijest umjetnosti i engleski jezik i knji\u017eevnost na Filozofskom fakultetu Sveu\u010dili\u0161ta u Zagrebu (2004.), a doktorirala (2014.) na Scuola Normale Superiore u Pisi i Sveu\u010dili\u0161tu u Zagrebu (me\u0111unarodni dvojni doktorat znanosti) s temom&nbsp;<em>Lodovico Beccadelli e le arti visive \/ Lodovico Beccadelli i likovne umjetnosti.&nbsp;<\/em>Njezini istra\u017eiva\u010dki interesi obuhva\u0107aju teme iz likovnih umjetnosti ranog novog vijeka primarno talijanskog podrijetla, s naglaskom na arhivske izvore te umjetni\u010dke i kulturne veze s Italijom, naru\u010diteljstvo te povijest zbirki i sabiranja.<\/p>\n\n\n\n<hr class=\"wp-block-separator has-alpha-channel-opacity\"\/>\n\n\n\n<figure class=\"wp-block-image size-full is-resized\"><img data-recalc-dims=\"1\" loading=\"lazy\" decoding=\"async\" width=\"496\" height=\"700\" data-attachment-id=\"50485\" data-permalink=\"https:\/\/historiografija.hr\/?attachment_id=50485\" data-orig-file=\"https:\/\/i0.wp.com\/historiografija.hr\/wp-content\/uploads\/2025\/12\/Frankapansko_naslijede.jpg?fit=496%2C700&amp;ssl=1\" data-orig-size=\"496,700\" data-comments-opened=\"1\" data-image-meta=\"{&quot;aperture&quot;:&quot;0&quot;,&quot;credit&quot;:&quot;&quot;,&quot;camera&quot;:&quot;&quot;,&quot;caption&quot;:&quot;&quot;,&quot;created_timestamp&quot;:&quot;0&quot;,&quot;copyright&quot;:&quot;&quot;,&quot;focal_length&quot;:&quot;0&quot;,&quot;iso&quot;:&quot;0&quot;,&quot;shutter_speed&quot;:&quot;0&quot;,&quot;title&quot;:&quot;&quot;,&quot;orientation&quot;:&quot;0&quot;}\" data-image-title=\"Frankapansko_naslije\u0111e\" data-image-description=\"\" data-image-caption=\"\" data-large-file=\"https:\/\/i0.wp.com\/historiografija.hr\/wp-content\/uploads\/2025\/12\/Frankapansko_naslijede.jpg?fit=496%2C700&amp;ssl=1\" src=\"https:\/\/i0.wp.com\/historiografija.hr\/wp-content\/uploads\/2025\/12\/Frankapansko_naslijede.jpg?resize=496%2C700&#038;ssl=1\" alt=\"\" class=\"wp-image-50485\" style=\"width:582px;height:auto\" srcset=\"https:\/\/i0.wp.com\/historiografija.hr\/wp-content\/uploads\/2025\/12\/Frankapansko_naslijede.jpg?w=496&amp;ssl=1 496w, https:\/\/i0.wp.com\/historiografija.hr\/wp-content\/uploads\/2025\/12\/Frankapansko_naslijede.jpg?resize=213%2C300&amp;ssl=1 213w\" sizes=\"auto, (max-width: 496px) 100vw, 496px\" \/><\/figure>\n\n\n\n<hr class=\"wp-block-separator has-alpha-channel-opacity\"\/>\n\n\n\n<p><strong>PDF:<\/strong><\/p>\n\n\n\n<p><a href=\"https:\/\/openbooks.ffzg.unizg.hr\/index.php\/FFpress\/catalog\/book\/198\">https:\/\/openbooks.ffzg.unizg.hr\/index.php\/FFpress\/catalog\/book\/198<\/a><\/p>\n\n\n\n<hr class=\"wp-block-separator has-alpha-channel-opacity\"\/>\n","protected":false},"excerpt":{"rendered":"","protected":false},"author":2,"featured_media":50485,"comment_status":"open","ping_status":"open","sticky":false,"template":"","format":"standard","meta":{"_acf_changed":false,"jetpack_post_was_ever_published":false,"_jetpack_newsletter_access":"","_jetpack_dont_email_post_to_subs":false,"_jetpack_newsletter_tier_id":0,"_jetpack_memberships_contains_paywalled_content":false,"_jetpack_memberships_contains_paid_content":false,"footnotes":"","jetpack_publicize_message":"","jetpack_publicize_feature_enabled":true,"jetpack_social_post_already_shared":true,"jetpack_social_options":{"image_generator_settings":{"template":"highway","default_image_id":0,"font":"","enabled":false},"version":2}},"categories":[19,8,3],"tags":[],"class_list":["post-50484","post","type-post","status-publish","format-standard","has-post-thumbnail","hentry","category-e-knjige","category-knjige","category-novosti"],"acf":{"facebook_opis":""},"jetpack_publicize_connections":[],"jetpack_featured_media_url":"https:\/\/i0.wp.com\/historiografija.hr\/wp-content\/uploads\/2025\/12\/Frankapansko_naslijede.jpg?fit=496%2C700&ssl=1","jetpack_sharing_enabled":true,"jetpack-related-posts":[],"_links":{"self":[{"href":"https:\/\/historiografija.hr\/index.php?rest_route=\/wp\/v2\/posts\/50484","targetHints":{"allow":["GET"]}}],"collection":[{"href":"https:\/\/historiografija.hr\/index.php?rest_route=\/wp\/v2\/posts"}],"about":[{"href":"https:\/\/historiografija.hr\/index.php?rest_route=\/wp\/v2\/types\/post"}],"author":[{"embeddable":true,"href":"https:\/\/historiografija.hr\/index.php?rest_route=\/wp\/v2\/users\/2"}],"replies":[{"embeddable":true,"href":"https:\/\/historiografija.hr\/index.php?rest_route=%2Fwp%2Fv2%2Fcomments&post=50484"}],"version-history":[{"count":3,"href":"https:\/\/historiografija.hr\/index.php?rest_route=\/wp\/v2\/posts\/50484\/revisions"}],"predecessor-version":[{"id":50488,"href":"https:\/\/historiografija.hr\/index.php?rest_route=\/wp\/v2\/posts\/50484\/revisions\/50488"}],"wp:featuredmedia":[{"embeddable":true,"href":"https:\/\/historiografija.hr\/index.php?rest_route=\/wp\/v2\/media\/50485"}],"wp:attachment":[{"href":"https:\/\/historiografija.hr\/index.php?rest_route=%2Fwp%2Fv2%2Fmedia&parent=50484"}],"wp:term":[{"taxonomy":"category","embeddable":true,"href":"https:\/\/historiografija.hr\/index.php?rest_route=%2Fwp%2Fv2%2Fcategories&post=50484"},{"taxonomy":"post_tag","embeddable":true,"href":"https:\/\/historiografija.hr\/index.php?rest_route=%2Fwp%2Fv2%2Ftags&post=50484"}],"curies":[{"name":"wp","href":"https:\/\/api.w.org\/{rel}","templated":true}]}}