{"id":50455,"date":"2025-12-22T23:25:03","date_gmt":"2025-12-22T23:25:03","guid":{"rendered":"https:\/\/historiografija.hr\/?p=50455"},"modified":"2025-12-22T23:25:57","modified_gmt":"2025-12-22T23:25:57","slug":"predavanje-luke-spoljarica-the-world-of-juraj-sizgoric-from-sibenik-dalmatias-first-humanist-poet-and-historian-u-budimpesti","status":"publish","type":"post","link":"https:\/\/historiografija.hr\/?p=50455","title":{"rendered":"Predavanje Luke \u0160poljari\u0107a \u201eThe World of Juraj \u0160i\u017egori\u0107 from \u0160ibenik, Dalmatia\u2019s First Humanist Poet and Historian\u201c u Budimpe\u0161ti"},"content":{"rendered":"\n<p>Luka \u0160poljari\u0107 odr\u017eao je 9. prosinca 2025. u Budimpe\u0161ti na poziv Renesansnog odsjeka Istra\u017eiva\u010dkog instituta za knji\u017eevnost pri Sveu\u010dili\u0161tu E\u00f6tv\u00f6s Lor\u00e1nd javno predavanje \u201eThe World of Juraj \u0160i\u017egori\u0107 from \u0160ibenik, Dalmatia\u2019s First Humanist Poet and Historian\u201c.<\/p>\n\n\n\n<hr class=\"wp-block-separator has-alpha-channel-opacity\"\/>\n\n\n\n<p>Op\u0161irnije:<\/p>\n\n\n\n<p><a href=\"https:\/\/www.croris.hr\/crosbi\/publikacija\/rad-ostalo\/915113\">https:\/\/www.croris.hr\/crosbi\/publikacija\/rad-ostalo\/915113<\/a><\/p>\n\n\n\n<p><a href=\"https:\/\/iti.abtk.hu\/hu\/osztalyok\/reneszansz-osztaly\/2061-juraj-sizgoric-az-elso-dalmat-humanista-a-reneszansz-osztaly-felolvasoulese\">https:\/\/iti.abtk.hu\/hu\/osztalyok\/reneszansz-osztaly\/2061-juraj-sizgoric-az-elso-dalmat-humanista-a-reneszansz-osztaly-felolvasoulese<\/a><\/p>\n\n\n\n<hr class=\"wp-block-separator has-alpha-channel-opacity\"\/>\n","protected":false},"excerpt":{"rendered":"","protected":false},"author":2,"featured_media":50456,"comment_status":"open","ping_status":"open","sticky":false,"template":"","format":"standard","meta":{"_acf_changed":false,"jetpack_post_was_ever_published":false,"_jetpack_newsletter_access":"","_jetpack_dont_email_post_to_subs":false,"_jetpack_newsletter_tier_id":0,"_jetpack_memberships_contains_paywalled_content":false,"_jetpack_memberships_contains_paid_content":false,"footnotes":"","jetpack_publicize_message":"","jetpack_publicize_feature_enabled":true,"jetpack_social_post_already_shared":true,"jetpack_social_options":{"image_generator_settings":{"template":"highway","default_image_id":0,"font":"","enabled":false},"version":2}},"categories":[3],"tags":[],"class_list":["post-50455","post","type-post","status-publish","format-standard","has-post-thumbnail","hentry","category-novosti"],"acf":{"facebook_opis":""},"jetpack_publicize_connections":[],"jetpack_featured_media_url":"https:\/\/i0.wp.com\/historiografija.hr\/wp-content\/uploads\/2025\/12\/Carpaccio_-_Lingresso_del_Podesta_Contarini_a_Capodistria._Museo_Civico_Sartorio_Trieste.jpg?fit=960%2C1233&ssl=1","jetpack_sharing_enabled":true,"jetpack-related-posts":[],"_links":{"self":[{"href":"https:\/\/historiografija.hr\/index.php?rest_route=\/wp\/v2\/posts\/50455","targetHints":{"allow":["GET"]}}],"collection":[{"href":"https:\/\/historiografija.hr\/index.php?rest_route=\/wp\/v2\/posts"}],"about":[{"href":"https:\/\/historiografija.hr\/index.php?rest_route=\/wp\/v2\/types\/post"}],"author":[{"embeddable":true,"href":"https:\/\/historiografija.hr\/index.php?rest_route=\/wp\/v2\/users\/2"}],"replies":[{"embeddable":true,"href":"https:\/\/historiografija.hr\/index.php?rest_route=%2Fwp%2Fv2%2Fcomments&post=50455"}],"version-history":[{"count":2,"href":"https:\/\/historiografija.hr\/index.php?rest_route=\/wp\/v2\/posts\/50455\/revisions"}],"predecessor-version":[{"id":50458,"href":"https:\/\/historiografija.hr\/index.php?rest_route=\/wp\/v2\/posts\/50455\/revisions\/50458"}],"wp:featuredmedia":[{"embeddable":true,"href":"https:\/\/historiografija.hr\/index.php?rest_route=\/wp\/v2\/media\/50456"}],"wp:attachment":[{"href":"https:\/\/historiografija.hr\/index.php?rest_route=%2Fwp%2Fv2%2Fmedia&parent=50455"}],"wp:term":[{"taxonomy":"category","embeddable":true,"href":"https:\/\/historiografija.hr\/index.php?rest_route=%2Fwp%2Fv2%2Fcategories&post=50455"},{"taxonomy":"post_tag","embeddable":true,"href":"https:\/\/historiografija.hr\/index.php?rest_route=%2Fwp%2Fv2%2Ftags&post=50455"}],"curies":[{"name":"wp","href":"https:\/\/api.w.org\/{rel}","templated":true}]}}