{"id":50449,"date":"2025-12-22T23:16:02","date_gmt":"2025-12-22T23:16:02","guid":{"rendered":"https:\/\/historiografija.hr\/?p=50449"},"modified":"2025-12-22T23:16:02","modified_gmt":"2025-12-22T23:16:02","slug":"gostujuce-predavanje-martina-kuhara-o-povijesti-eugenike-u-hrvatskoj-i-svijetu","status":"publish","type":"post","link":"https:\/\/historiografija.hr\/?p=50449","title":{"rendered":"Gostuju\u0107e predavanje Martina Kuhara o povijesti eugenike u Hrvatskoj i svijetu"},"content":{"rendered":"\n<p>U \u010detvrtak, 18. prosinca 2025. doc. dr. sc. Martin Kuhar (HAZU) odr\u017eao je gostuju\u0107e predavanje na Filozofskom fakultetu u Osijeku u sklopu kolegija <em>Svjetska povijest 19. stolje\u0107a<\/em>. U predavanju naslovljenom \u201cEugenika: internacionalni korijeni i lokalna primjena\u201d predava\u010d se osvrnuo na razvoj eugenike od kasnog 19. stolje\u0107a do Drugog svjetskog rata. Nakon predavanja uslijedila je zanimljiva rasprava.<\/p>\n\n\n\n<hr class=\"wp-block-separator has-alpha-channel-opacity\"\/>\n\n\n\n<p>Izvor:<\/p>\n\n\n\n<figure class=\"wp-block-embed is-type-wp-embed is-provider-filozofski-fakultet-osijek wp-block-embed-filozofski-fakultet-osijek\"><div class=\"wp-block-embed__wrapper\">\n<blockquote class=\"wp-embedded-content\" data-secret=\"MdmOZZhXKv\"><a href=\"https:\/\/www.ffos.unios.hr\/doc-dr-sc-martin-kuhar-odrzao-predavanje-o-povijesti-eugenike-u-hrvatskoj-i-svijetu\/\">Doc. dr. sc. Martin Kuhar odr\u017eao predavanje o povijesti eugenike u Hrvatskoj i svijetu<\/a><\/blockquote><iframe loading=\"lazy\" class=\"wp-embedded-content\" sandbox=\"allow-scripts\" security=\"restricted\" style=\"position: absolute; visibility: hidden;\" title=\"&#8220;Doc. dr. sc. Martin Kuhar odr\u017eao predavanje o povijesti eugenike u Hrvatskoj i svijetu&#8221; &#8212; Filozofski fakultet Osijek\" src=\"https:\/\/www.ffos.unios.hr\/doc-dr-sc-martin-kuhar-odrzao-predavanje-o-povijesti-eugenike-u-hrvatskoj-i-svijetu\/embed\/#?secret=GnW3HujmG6#?secret=MdmOZZhXKv\" data-secret=\"MdmOZZhXKv\" width=\"600\" height=\"338\" frameborder=\"0\" marginwidth=\"0\" marginheight=\"0\" scrolling=\"no\"><\/iframe>\n<\/div><\/figure>\n\n\n\n<hr class=\"wp-block-separator has-alpha-channel-opacity\"\/>\n","protected":false},"excerpt":{"rendered":"","protected":false},"author":2,"featured_media":50450,"comment_status":"open","ping_status":"open","sticky":false,"template":"","format":"standard","meta":{"_acf_changed":false,"jetpack_post_was_ever_published":false,"_jetpack_newsletter_access":"","_jetpack_dont_email_post_to_subs":false,"_jetpack_newsletter_tier_id":0,"_jetpack_memberships_contains_paywalled_content":false,"_jetpack_memberships_contains_paid_content":false,"footnotes":"","jetpack_publicize_message":"","jetpack_publicize_feature_enabled":true,"jetpack_social_post_already_shared":true,"jetpack_social_options":{"image_generator_settings":{"template":"highway","default_image_id":0,"font":"","enabled":false},"version":2}},"categories":[3],"tags":[],"class_list":["post-50449","post","type-post","status-publish","format-standard","has-post-thumbnail","hentry","category-novosti"],"acf":{"facebook_opis":""},"jetpack_publicize_connections":[],"jetpack_featured_media_url":"https:\/\/i0.wp.com\/historiografija.hr\/wp-content\/uploads\/2025\/12\/martin-kuhar-1.jpeg?fit=2040%2C1530&ssl=1","jetpack_sharing_enabled":true,"jetpack-related-posts":[],"_links":{"self":[{"href":"https:\/\/historiografija.hr\/index.php?rest_route=\/wp\/v2\/posts\/50449","targetHints":{"allow":["GET"]}}],"collection":[{"href":"https:\/\/historiografija.hr\/index.php?rest_route=\/wp\/v2\/posts"}],"about":[{"href":"https:\/\/historiografija.hr\/index.php?rest_route=\/wp\/v2\/types\/post"}],"author":[{"embeddable":true,"href":"https:\/\/historiografija.hr\/index.php?rest_route=\/wp\/v2\/users\/2"}],"replies":[{"embeddable":true,"href":"https:\/\/historiografija.hr\/index.php?rest_route=%2Fwp%2Fv2%2Fcomments&post=50449"}],"version-history":[{"count":1,"href":"https:\/\/historiografija.hr\/index.php?rest_route=\/wp\/v2\/posts\/50449\/revisions"}],"predecessor-version":[{"id":50451,"href":"https:\/\/historiografija.hr\/index.php?rest_route=\/wp\/v2\/posts\/50449\/revisions\/50451"}],"wp:featuredmedia":[{"embeddable":true,"href":"https:\/\/historiografija.hr\/index.php?rest_route=\/wp\/v2\/media\/50450"}],"wp:attachment":[{"href":"https:\/\/historiografija.hr\/index.php?rest_route=%2Fwp%2Fv2%2Fmedia&parent=50449"}],"wp:term":[{"taxonomy":"category","embeddable":true,"href":"https:\/\/historiografija.hr\/index.php?rest_route=%2Fwp%2Fv2%2Fcategories&post=50449"},{"taxonomy":"post_tag","embeddable":true,"href":"https:\/\/historiografija.hr\/index.php?rest_route=%2Fwp%2Fv2%2Ftags&post=50449"}],"curies":[{"name":"wp","href":"https:\/\/api.w.org\/{rel}","templated":true}]}}