{"id":50419,"date":"2025-12-19T22:59:14","date_gmt":"2025-12-19T22:59:14","guid":{"rendered":"https:\/\/historiografija.hr\/?p=50419"},"modified":"2025-12-19T22:59:14","modified_gmt":"2025-12-19T22:59:14","slug":"poziv-za-radove-u-sklopu-projekta-antifasizam-jucer-a-danas","status":"publish","type":"post","link":"https:\/\/historiografija.hr\/?p=50419","title":{"rendered":"Poziv za radove u sklopu projekta \u201c(Anti)fa\u0161izam ju\u010der, a danas?\u201d"},"content":{"rendered":"\n<p>Inicijativa mladih za ljudska prava (YIHR) i Mre\u017ea antifa\u0161istkinja Zagreba (MAZ) pozivaju mlade autore i autorice od 18 do 30 godina da se uklju\u010de u projekt posve\u0107en promi\u0161ljanju antifa\u0161izma \u2013 kao povijesnog naslje\u0111a, \u017eivog dru\u0161tvenog koncepta i temeljne ljudskoprava\u0161ke vrijednosti.<\/p>\n\n\n\n<p><strong>Danas, u trenutku kada se govor mr\u017enje normalizira, a diskriminacija i dru\u0161tvena nepravda ponovno ja\u010daju, va\u017eno je stvarati prostore u kojima mladi progovaraju jasno, kriti\u010dki i hrabro. \u017delimo \u010duti va\u0161e glasove \u2013 glasove koji propituju, otvaraju, demistificiraju i brane prostor slobode, solidarnosti i jednakosti.<\/strong><strong><br><br>Za\u0161to ovaj poziv?<\/strong><\/p>\n\n\n\n<p>U suvremenom hrvatskom javnom prostoru prisutne su izjave poput:<\/p>\n\n\n\n<p><em>\u2013 \u201eHrvatska je danas demokratska i slobodna dr\u017eava\u2026 te se ne mo\u017ee govoriti o fa\u0161izmu u zemlji koja \u017eivi uz visoku stopu tolerancije i sloboda.\u201d<\/em> (N. Trami\u0161ak)<\/p>\n\n\n\n<p>\u2013&nbsp; <em>\u201eAntifa\u0161izam ne treba dovoditi u vezu s jugonostalgijom ili komunizmom. Antifa\u0161izam postoji u cijeloj Europi.\u201d <\/em>(Viktor Gotovac)<\/p>\n\n\n\n<p><em>\u2013 \u201eAntifa\u0161izam nikada nije postojao na ovim prostorima u smislu kako ga je ostatak Europe imao.\u201d<\/em> (N. Trami\u0161ak)<\/p>\n\n\n\n<p><em>\u2013 \u201eAntifa\u0161izam je politi\u010dka kulisa.\u201d<\/em> (Z. Kramari\u0107)<\/p>\n\n\n\n<p>\u2013 <em>\u201eAntifa\u0161izam je branik demokracije danas u svijetu.\u201d<\/em> (Zoran Milanovi\u0107)<\/p>\n\n\n\n<p><em>\u2013 \u201eAntifa\u0161izam nije temelj ove dr\u017eave, ve\u0107 floskula koja nema utemeljenje u Ustavu.\u201d<\/em> (Z. Hasanbegovi\u0107)<\/p>\n\n\n\n<p><em>\u2013 \u201eGovoriti danas o antifa\u0161izmu kao tekovini je neprihvatljivo.\u201d<\/em> (A. \u0110api\u0107)<\/p>\n\n\n\n<p><em>\u2013 \u201eUsta\u0161tvo nije bilo fa\u0161izam nego organizirano vojno djelovanje u obrani Hrvatske.\u201d<\/em> (V. Ko\u0161i\u0107)<\/p>\n\n\n\n<p><em>\u2013<\/em><em>\u201eAntifa\u0161izam je omiljeni ideologem apologeta nositelja filokomunisti\u010dke obnove, stvarnih povijesnih revizionista koji u uvjetima me\u0111unarodne gospodarske (i politi\u010dke) krize opet \u0161ire svoj sirenski zov.\u201d (HHO)<\/em><\/p>\n\n\n\n<p>Ove tvrdnje oblikuju dru\u0161tvenu klimu, svakodnevnu politiku, javni diskurs i na\u010din na koji mladi razumiju pojmove poput fa\u0161izma, antifa\u0161izma, tolerancije, slobode i ljudskih prava.<\/p>\n\n\n\n<p>Ovaj poziv \u017eeli otvoriti prostor da ba\u0161 mladi <strong>odgovore <\/strong>na takve poruke \u2013 analizom, argumentom, iskustvom, umjetno\u0161\u0107u, istra\u017eivanjem ili osobnim stavom.<\/p>\n\n\n\n<p><strong>Tko se mo\u017ee prijaviti?<\/strong><\/p>\n\n\n\n<p>Svi mladi autori i autorice u dobi od 18 do 30 godina, bez obzira na obrazovanje, zanimanje ili prethodno iskustvo.<br>Otvoreni smo za interdisciplinarne, osobne, eksperimentalne i kreativne pristupe.<\/p>\n\n\n\n<p><strong>Kakve radove mo\u017eete poslati?<\/strong><\/p>\n\n\n\n<p>Prihva\u0107amo: eseje, istra\u017eiva\u010dke radove, kritike i analize, osobne refleksije i svjedo\u010danstva, knji\u017eevne, hibridne i kreativne forme te tekstove koji spajaju teoriju, umjetnost, aktivizam i \u017eivotno iskustvo.<\/p>\n\n\n\n<p><strong>Teme mogu uklju\u010divati (ali nisu ograni\u010dene na): <\/strong>povijesne i suvremene manifestacije fa\u0161izma, za\u0161titu ljudskih prava i sloboda, revizionizam i politizaciju povijesti, diskriminaciju, isklju\u010divanje i nasilje nad manjinama, govor mr\u017enje u javnom prostoru i na internetu, solidarnost, otpor i gra\u0111ansku hrabrost, kulturu sje\u0107anja i kulturu solidarnosti, umjetni\u010dke i aktivisti\u010dke prakse u antifa\u0161isti\u010dkom kontekstu, vlastita iskustva s nepravdom, otporom i borbom za ravnopravnost.<\/p>\n\n\n\n<p><strong>Kako se prijaviti?<\/strong><\/p>\n\n\n\n<p>Svoj rad i sve ostale upite po\u0161aljite u .docx formatu na <a href=\"mailto:croatia@yihr.org\">croatia@yihr.org<\/a>&nbsp;<\/p>\n\n\n\n<p><strong>Prilo\u017eite osnovne podatke: <\/strong>ime i prezime, dob, grad, kontakt-email, kratku biografsku bilje\u0161ku (do 500 znakova)<\/p>\n\n\n\n<p><strong>Tehni\u010dke upute i smjernice mo\u017eete na\u0107i <a href=\"https:\/\/yihr.hr\/hr\/tehnicke-upute-i-smjernice-za-pisanje-radova\">ovdje<\/a>.<\/strong><\/p>\n\n\n\n<p><strong>Rok za prijavu je 15. velja\u010de 2026.<\/strong><\/p>\n\n\n\n<p><strong>Radovi izabrani za objavu na platformama MAZ-a i YIHR-a bit \u0107e honorirani.<\/strong><\/p>\n\n\n\n<p>Projekt sufinancira Grad Zagreb.<\/p>\n\n\n\n<hr class=\"wp-block-separator has-alpha-channel-opacity\"\/>\n\n\n\n<p>Izvori:<\/p>\n\n\n\n<p><a href=\"https:\/\/yihr.hr\/hr\/poziv-za-radove-u-sklopu-projekta-anti-fasizam-jucer-i-danas-2\">https:\/\/yihr.hr\/hr\/poziv-za-radove-u-sklopu-projekta-anti-fasizam-jucer-i-danas-2<\/a><\/p>\n\n\n\n<figure class=\"wp-block-embed is-type-wp-embed is-provider-maz wp-block-embed-maz\"><div class=\"wp-block-embed__wrapper\">\n<blockquote class=\"wp-embedded-content\" data-secret=\"re0SMYREf5\"><a href=\"https:\/\/www.maz.hr\/2025\/12\/18\/poziv-za-radove-u-sklopu-projekta-antifasizam-jucer-i-danas\/\">Poziv za radove u sklopu projekta \u201c(Anti)fa\u0161izam ju\u010der, a danas?\u201d<\/a><\/blockquote><iframe loading=\"lazy\" class=\"wp-embedded-content\" sandbox=\"allow-scripts\" security=\"restricted\" style=\"position: absolute; visibility: hidden;\" title=\"&#8220;Poziv za radove u sklopu projekta \u201c(Anti)fa\u0161izam ju\u010der, a danas?\u201d&#8221; &#8212; MAZ\" src=\"https:\/\/www.maz.hr\/2025\/12\/18\/poziv-za-radove-u-sklopu-projekta-antifasizam-jucer-i-danas\/embed\/#?secret=re0SMYREf5\" data-secret=\"re0SMYREf5\" width=\"600\" height=\"338\" frameborder=\"0\" marginwidth=\"0\" marginheight=\"0\" scrolling=\"no\"><\/iframe>\n<\/div><\/figure>\n\n\n\n<hr class=\"wp-block-separator has-alpha-channel-opacity\"\/>\n","protected":false},"excerpt":{"rendered":"","protected":false},"author":2,"featured_media":50420,"comment_status":"open","ping_status":"open","sticky":false,"template":"","format":"standard","meta":{"_acf_changed":false,"jetpack_post_was_ever_published":false,"_jetpack_newsletter_access":"","_jetpack_dont_email_post_to_subs":false,"_jetpack_newsletter_tier_id":0,"_jetpack_memberships_contains_paywalled_content":false,"_jetpack_memberships_contains_paid_content":false,"footnotes":"","jetpack_publicize_message":"","jetpack_publicize_feature_enabled":true,"jetpack_social_post_already_shared":true,"jetpack_social_options":{"image_generator_settings":{"template":"highway","default_image_id":0,"font":"","enabled":false},"version":2}},"categories":[3],"tags":[],"class_list":["post-50419","post","type-post","status-publish","format-standard","has-post-thumbnail","hentry","category-novosti"],"acf":{"facebook_opis":""},"jetpack_publicize_connections":[],"jetpack_featured_media_url":"https:\/\/i0.wp.com\/historiografija.hr\/wp-content\/uploads\/2025\/12\/Poziv-za-radove.jpg?fit=1049%2C590&ssl=1","jetpack_sharing_enabled":true,"jetpack-related-posts":[],"_links":{"self":[{"href":"https:\/\/historiografija.hr\/index.php?rest_route=\/wp\/v2\/posts\/50419","targetHints":{"allow":["GET"]}}],"collection":[{"href":"https:\/\/historiografija.hr\/index.php?rest_route=\/wp\/v2\/posts"}],"about":[{"href":"https:\/\/historiografija.hr\/index.php?rest_route=\/wp\/v2\/types\/post"}],"author":[{"embeddable":true,"href":"https:\/\/historiografija.hr\/index.php?rest_route=\/wp\/v2\/users\/2"}],"replies":[{"embeddable":true,"href":"https:\/\/historiografija.hr\/index.php?rest_route=%2Fwp%2Fv2%2Fcomments&post=50419"}],"version-history":[{"count":1,"href":"https:\/\/historiografija.hr\/index.php?rest_route=\/wp\/v2\/posts\/50419\/revisions"}],"predecessor-version":[{"id":50421,"href":"https:\/\/historiografija.hr\/index.php?rest_route=\/wp\/v2\/posts\/50419\/revisions\/50421"}],"wp:featuredmedia":[{"embeddable":true,"href":"https:\/\/historiografija.hr\/index.php?rest_route=\/wp\/v2\/media\/50420"}],"wp:attachment":[{"href":"https:\/\/historiografija.hr\/index.php?rest_route=%2Fwp%2Fv2%2Fmedia&parent=50419"}],"wp:term":[{"taxonomy":"category","embeddable":true,"href":"https:\/\/historiografija.hr\/index.php?rest_route=%2Fwp%2Fv2%2Fcategories&post=50419"},{"taxonomy":"post_tag","embeddable":true,"href":"https:\/\/historiografija.hr\/index.php?rest_route=%2Fwp%2Fv2%2Ftags&post=50419"}],"curies":[{"name":"wp","href":"https:\/\/api.w.org\/{rel}","templated":true}]}}