{"id":50410,"date":"2025-12-19T22:07:38","date_gmt":"2025-12-19T22:07:38","guid":{"rendered":"https:\/\/historiografija.hr\/?p=50410"},"modified":"2026-01-06T11:46:30","modified_gmt":"2026-01-06T11:46:30","slug":"cetvrti-sprat-podcast-instituta-za-noviju-istoriju-srbije-u-beogradu","status":"publish","type":"post","link":"https:\/\/historiografija.hr\/?p=50410","title":{"rendered":"\u201e\u010cetvrti sprat\u201c \u2013 podcast Instituta za noviju istoriju Srbije u Beogradu"},"content":{"rendered":"\n<p>Podkast Instituta za noviju istoriju Srbije \u201e\u010cetvrti sprat\u201c donosi razgovore sa istra\u017eiva\u010dima, autorima istaknutih nau\u010dnih dela i intelektualcima koji na \u010detvrtom spratu promi\u0161ljaju pro\u0161lost i mesto istorije u savremenom dru\u0161tvu.<\/p>\n\n\n\n<hr class=\"wp-block-separator has-alpha-channel-opacity\"\/>\n\n\n\n<p>The Institute for Recent History of Serbia\u2019s podcast, &#8220;4th Floor&#8221;, features conversations with researchers, authors of prominent scholarly works, and intellectuals who reflect on history and its place in modern society.<\/p>\n\n\n\n<hr class=\"wp-block-separator has-alpha-channel-opacity\"\/>\n\n\n\n<p><a href=\"https:\/\/www.youtube.com\/@INISpodcast\">https:\/\/www.youtube.com\/@INISpodcast<\/a><\/p>\n\n\n\n<hr class=\"wp-block-separator has-alpha-channel-opacity\"\/>\n\n\n\n<p>Dodatne obavijesti:<\/p>\n\n\n\n<p><a href=\"https:\/\/historiografija.ba\/historija-u-javnosti\/dogadjaji\/podkast-cetvrti-sprat\">https:\/\/historiografija.ba\/historija-u-javnosti\/dogadjaji\/podkast-cetvrti-sprat<\/a><\/p>\n\n\n\n<hr class=\"wp-block-separator has-alpha-channel-opacity\"\/>\n","protected":false},"excerpt":{"rendered":"","protected":false},"author":2,"featured_media":50411,"comment_status":"open","ping_status":"open","sticky":false,"template":"","format":"standard","meta":{"_acf_changed":false,"jetpack_post_was_ever_published":false,"_jetpack_newsletter_access":"","_jetpack_dont_email_post_to_subs":false,"_jetpack_newsletter_tier_id":0,"_jetpack_memberships_contains_paywalled_content":false,"_jetpack_memberships_contains_paid_content":false,"footnotes":"","jetpack_publicize_message":"","jetpack_publicize_feature_enabled":true,"jetpack_social_post_already_shared":true,"jetpack_social_options":{"image_generator_settings":{"template":"highway","default_image_id":0,"font":"","enabled":false},"version":2}},"categories":[3,23],"tags":[],"class_list":["post-50410","post","type-post","status-publish","format-standard","has-post-thumbnail","hentry","category-novosti","category-podcasti"],"acf":{"facebook_opis":""},"jetpack_publicize_connections":[],"jetpack_featured_media_url":"https:\/\/i0.wp.com\/historiografija.hr\/wp-content\/uploads\/2025\/12\/INIS-Podcast-YouTube.png?fit=1490%2C888&ssl=1","jetpack_sharing_enabled":true,"jetpack-related-posts":[],"_links":{"self":[{"href":"https:\/\/historiografija.hr\/index.php?rest_route=\/wp\/v2\/posts\/50410","targetHints":{"allow":["GET"]}}],"collection":[{"href":"https:\/\/historiografija.hr\/index.php?rest_route=\/wp\/v2\/posts"}],"about":[{"href":"https:\/\/historiografija.hr\/index.php?rest_route=\/wp\/v2\/types\/post"}],"author":[{"embeddable":true,"href":"https:\/\/historiografija.hr\/index.php?rest_route=\/wp\/v2\/users\/2"}],"replies":[{"embeddable":true,"href":"https:\/\/historiografija.hr\/index.php?rest_route=%2Fwp%2Fv2%2Fcomments&post=50410"}],"version-history":[{"count":2,"href":"https:\/\/historiografija.hr\/index.php?rest_route=\/wp\/v2\/posts\/50410\/revisions"}],"predecessor-version":[{"id":50756,"href":"https:\/\/historiografija.hr\/index.php?rest_route=\/wp\/v2\/posts\/50410\/revisions\/50756"}],"wp:featuredmedia":[{"embeddable":true,"href":"https:\/\/historiografija.hr\/index.php?rest_route=\/wp\/v2\/media\/50411"}],"wp:attachment":[{"href":"https:\/\/historiografija.hr\/index.php?rest_route=%2Fwp%2Fv2%2Fmedia&parent=50410"}],"wp:term":[{"taxonomy":"category","embeddable":true,"href":"https:\/\/historiografija.hr\/index.php?rest_route=%2Fwp%2Fv2%2Fcategories&post=50410"},{"taxonomy":"post_tag","embeddable":true,"href":"https:\/\/historiografija.hr\/index.php?rest_route=%2Fwp%2Fv2%2Ftags&post=50410"}],"curies":[{"name":"wp","href":"https:\/\/api.w.org\/{rel}","templated":true}]}}