{"id":50404,"date":"2025-12-19T21:53:54","date_gmt":"2025-12-19T21:53:54","guid":{"rendered":"https:\/\/historiografija.hr\/?p=50404"},"modified":"2025-12-23T22:57:10","modified_gmt":"2025-12-23T22:57:10","slug":"konferencija-za-medije-o-rezultatima-projekta-razotkrivanjem-dezinformacija-protiv-medunacionalne-netrpeljivosti-i-razdora","status":"publish","type":"post","link":"https:\/\/historiografija.hr\/?p=50404","title":{"rendered":"Konferencija za medije o rezultatima projekta \u201eRazotkrivanjem dezinformacija protiv me\u0111unacionalne netrpeljivosti i razdora\u201c"},"content":{"rendered":"\n<p>Konferencija za medije na kojoj su predstavljeni rezultati projekta \u201eRazotkrivanjem dezinformacija protiv me\u0111unacionalne netrpeljivosti i razdora\u201c, koji Srpsko privredno dru\u0161tvo Privrednik provodi u partnerstvu s Pu\u010dkim otvorenim u\u010dili\u0161tem Ogulin u sklopu natje\u010daja \u201eUspostava provjere medijskih \u010dinjenica\u201c, odr\u017eana je 15. 12. 2025. u prostorijama Srpskog privrednog dru\u0161tva Privrednik u Zagrebu.<\/p>\n\n\n\n<p>Na konferenciji su govorili voditelj projekta Nikola Luni\u0107, urednica P-fakta Olivera Radovi\u0107, te novinari redakcije koji su radili na proizvodnji medijskih sadr\u017eaja: Bojan Munjin, Leon \u0106evani\u0107 i Du\u0161an Cvetanovi\u0107.<\/p>\n\n\n\n<hr class=\"wp-block-separator has-alpha-channel-opacity\"\/>\n\n\n\n<p>Op\u0161irnije:<\/p>\n\n\n\n<figure class=\"wp-block-embed is-type-wp-embed is-provider-p-portal wp-block-embed-p-portal\"><div class=\"wp-block-embed__wrapper\">\n<blockquote class=\"wp-embedded-content\" data-secret=\"N43c5RJhyy\"><a href=\"https:\/\/p-portal.net\/konferencija-za-medije-o-rezultatima-projekta-razotkrivanjem-dezinformacija-protiv-medunacionalne-netrpeljivosti-i-razdora\">Konferencija za medije o rezultatima projekta \u201eRazotkrivanjem dezinformacija protiv me\u0111unacionalne netrpeljivosti i razdora\u201c<\/a><\/blockquote><iframe loading=\"lazy\" class=\"wp-embedded-content\" sandbox=\"allow-scripts\" security=\"restricted\" style=\"position: absolute; visibility: hidden;\" title=\"&#8220;Konferencija za medije o rezultatima projekta \u201eRazotkrivanjem dezinformacija protiv me\u0111unacionalne netrpeljivosti i razdora\u201c&#8221; &#8212; P-portal\" src=\"https:\/\/p-portal.net\/konferencija-za-medije-o-rezultatima-projekta-razotkrivanjem-dezinformacija-protiv-medunacionalne-netrpeljivosti-i-razdora\/embed#?secret=rqnIzl4M4i#?secret=N43c5RJhyy\" data-secret=\"N43c5RJhyy\" width=\"600\" height=\"338\" frameborder=\"0\" marginwidth=\"0\" marginheight=\"0\" scrolling=\"no\"><\/iframe>\n<\/div><\/figure>\n\n\n\n<p><a href=\"https:\/\/www.hina.hr\/vijest\/12139374\">https:\/\/www.hina.hr\/vijest\/12139374<\/a><\/p>\n\n\n\n<p><a href=\"https:\/\/www.24sata.hr\/news\/portal-p-fakti-objavio-24-fact-check-teksta-o-hrvatsko-srpskim-odnosima-provjeravali-pozdrav-1095352\">https:\/\/www.24sata.hr\/news\/portal-p-fakti-objavio-24-fact-check-teksta-o-hrvatsko-srpskim-odnosima-provjeravali-pozdrav-1095352<\/a><\/p>\n\n\n\n<p><a href=\"https:\/\/www.portalnovosti.com\/od-fact-checkinga-se-ne-smije-odustati\">https:\/\/www.portalnovosti.com\/od-fact-checkinga-se-ne-smije-odustati<\/a><\/p>\n\n\n\n<hr class=\"wp-block-separator has-alpha-channel-opacity\"\/>\n\n\n\n<figure class=\"wp-block-embed is-type-wp-embed is-provider-p-portal wp-block-embed-p-portal\"><div class=\"wp-block-embed__wrapper\">\n<blockquote class=\"wp-embedded-content\" data-secret=\"A7ZaPLpVYv\"><a href=\"https:\/\/p-portal.net\/predstavljeni-rezultati-factchecking-projekta-p-fakti\">Predstavljeni rezultati factchecking projekta P-fakti<\/a><\/blockquote><iframe loading=\"lazy\" class=\"wp-embedded-content\" sandbox=\"allow-scripts\" security=\"restricted\" style=\"position: absolute; visibility: hidden;\" title=\"&#8220;Predstavljeni rezultati factchecking projekta P-fakti&#8221; &#8212; P-portal\" src=\"https:\/\/p-portal.net\/predstavljeni-rezultati-factchecking-projekta-p-fakti\/embed#?secret=KfHrk9b2oO#?secret=A7ZaPLpVYv\" data-secret=\"A7ZaPLpVYv\" width=\"600\" height=\"338\" frameborder=\"0\" marginwidth=\"0\" marginheight=\"0\" scrolling=\"no\"><\/iframe>\n<\/div><\/figure>\n\n\n\n<hr class=\"wp-block-separator has-alpha-channel-opacity\"\/>\n","protected":false},"excerpt":{"rendered":"","protected":false},"author":2,"featured_media":50405,"comment_status":"open","ping_status":"open","sticky":false,"template":"","format":"standard","meta":{"_acf_changed":false,"jetpack_post_was_ever_published":false,"_jetpack_newsletter_access":"","_jetpack_dont_email_post_to_subs":false,"_jetpack_newsletter_tier_id":0,"_jetpack_memberships_contains_paywalled_content":false,"_jetpack_memberships_contains_paid_content":false,"footnotes":"","jetpack_publicize_message":"","jetpack_publicize_feature_enabled":true,"jetpack_social_post_already_shared":true,"jetpack_social_options":{"image_generator_settings":{"template":"highway","default_image_id":0,"font":"","enabled":false},"version":2}},"categories":[3],"tags":[],"class_list":["post-50404","post","type-post","status-publish","format-standard","has-post-thumbnail","hentry","category-novosti"],"acf":{"facebook_opis":""},"jetpack_publicize_connections":[],"jetpack_featured_media_url":"https:\/\/i0.wp.com\/historiografija.hr\/wp-content\/uploads\/2025\/12\/p-fakti-konferencija.jpg?fit=1200%2C676&ssl=1","jetpack_sharing_enabled":true,"jetpack-related-posts":[],"_links":{"self":[{"href":"https:\/\/historiografija.hr\/index.php?rest_route=\/wp\/v2\/posts\/50404","targetHints":{"allow":["GET"]}}],"collection":[{"href":"https:\/\/historiografija.hr\/index.php?rest_route=\/wp\/v2\/posts"}],"about":[{"href":"https:\/\/historiografija.hr\/index.php?rest_route=\/wp\/v2\/types\/post"}],"author":[{"embeddable":true,"href":"https:\/\/historiografija.hr\/index.php?rest_route=\/wp\/v2\/users\/2"}],"replies":[{"embeddable":true,"href":"https:\/\/historiografija.hr\/index.php?rest_route=%2Fwp%2Fv2%2Fcomments&post=50404"}],"version-history":[{"count":2,"href":"https:\/\/historiografija.hr\/index.php?rest_route=\/wp\/v2\/posts\/50404\/revisions"}],"predecessor-version":[{"id":50466,"href":"https:\/\/historiografija.hr\/index.php?rest_route=\/wp\/v2\/posts\/50404\/revisions\/50466"}],"wp:featuredmedia":[{"embeddable":true,"href":"https:\/\/historiografija.hr\/index.php?rest_route=\/wp\/v2\/media\/50405"}],"wp:attachment":[{"href":"https:\/\/historiografija.hr\/index.php?rest_route=%2Fwp%2Fv2%2Fmedia&parent=50404"}],"wp:term":[{"taxonomy":"category","embeddable":true,"href":"https:\/\/historiografija.hr\/index.php?rest_route=%2Fwp%2Fv2%2Fcategories&post=50404"},{"taxonomy":"post_tag","embeddable":true,"href":"https:\/\/historiografija.hr\/index.php?rest_route=%2Fwp%2Fv2%2Ftags&post=50404"}],"curies":[{"name":"wp","href":"https:\/\/api.w.org\/{rel}","templated":true}]}}