{"id":50399,"date":"2025-12-19T21:47:18","date_gmt":"2025-12-19T21:47:18","guid":{"rendered":"https:\/\/historiografija.hr\/?p=50399"},"modified":"2025-12-19T21:47:18","modified_gmt":"2025-12-19T21:47:18","slug":"atena-je-li-istinito-da-je-u-sred-podgorice-bio-ustaski-pir-te-da-su-ustase-pucale-na-pripadnike-jna-vrsile-zlocine-nad-srbima-u-vukovaru-i-protjerali-iste","status":"publish","type":"post","link":"https:\/\/historiografija.hr\/?p=50399","title":{"rendered":"ATENA: Je li istinito da je u sred Podgorice bio &#8220;usta\u0161ki pir&#8221; te da su &#8220;Usta\u0161e&#8221; pucale na pripadnike JNA, vr\u0161ile zlo\u010dine nad Srbima u Vukovaru i protjerali iste?"},"content":{"rendered":"\n<p>Na portalu ATENA objavljen je 18. prosinca 2025. prilog Gordana Akrapa i Ante Letice \u201eJe li istinito da je u sred Podgorice bio &#8220;usta\u0161ki pir&#8221; te da su &#8220;Usta\u0161e&#8221; pucale na pripadnike JNA, vr\u0161ile zlo\u010dine nad Srbima u Vukovaru i protjerali iste?\u201c<\/p>\n\n\n\n<hr class=\"wp-block-separator has-alpha-channel-opacity\"\/>\n\n\n\n<p>Prilog je dostupan na sljede\u0107oj poveznici:<\/p>\n\n\n\n<p><a href=\"https:\/\/iihs.hr\/objave\/id\/4544\">https:\/\/iihs.hr\/objave\/id\/4544<\/a><\/p>\n\n\n\n<hr class=\"wp-block-separator has-alpha-channel-opacity\"\/>\n\n\n\n<p>Prilog je objavljen i na poveznici:<\/p>\n\n\n\n<p><a href=\"https:\/\/www.tocnotako.hr\/clanak\/-Je-li-istinito-da-je-u-sred-Podgorice-bio-ustaski-pir-te-da-su-Ustase-pucale-na-pripadnike-JNA-vrsile-zlocine-nad-Srbima-u-Vukovaru-i-protjerali-iste_ATENA\/2460\">https:\/\/www.tocnotako.hr\/clanak\/-Je-li-istinito-da-je-u-sred-Podgorice-bio-ustaski-pir-te-da-su-Ustase-pucale-na-pripadnike-JNA-vrsile-zlocine-nad-Srbima-u-Vukovaru-i-protjerali-iste_ATENA\/2460<\/a><\/p>\n\n\n\n<hr class=\"wp-block-separator has-alpha-channel-opacity\"\/>\n","protected":false},"excerpt":{"rendered":"","protected":false},"author":2,"featured_media":50400,"comment_status":"open","ping_status":"open","sticky":false,"template":"","format":"standard","meta":{"_acf_changed":false,"jetpack_post_was_ever_published":false,"_jetpack_newsletter_access":"","_jetpack_dont_email_post_to_subs":false,"_jetpack_newsletter_tier_id":0,"_jetpack_memberships_contains_paywalled_content":false,"_jetpack_memberships_contains_paid_content":false,"footnotes":"","jetpack_publicize_message":"","jetpack_publicize_feature_enabled":true,"jetpack_social_post_already_shared":true,"jetpack_social_options":{"image_generator_settings":{"template":"highway","default_image_id":0,"font":"","enabled":false},"version":2}},"categories":[3],"tags":[],"class_list":["post-50399","post","type-post","status-publish","format-standard","has-post-thumbnail","hentry","category-novosti"],"acf":{"facebook_opis":""},"jetpack_publicize_connections":[],"jetpack_featured_media_url":"https:\/\/i0.wp.com\/historiografija.hr\/wp-content\/uploads\/2025\/12\/Podgorica.png?fit=576%2C382&ssl=1","jetpack_sharing_enabled":true,"jetpack-related-posts":[],"_links":{"self":[{"href":"https:\/\/historiografija.hr\/index.php?rest_route=\/wp\/v2\/posts\/50399","targetHints":{"allow":["GET"]}}],"collection":[{"href":"https:\/\/historiografija.hr\/index.php?rest_route=\/wp\/v2\/posts"}],"about":[{"href":"https:\/\/historiografija.hr\/index.php?rest_route=\/wp\/v2\/types\/post"}],"author":[{"embeddable":true,"href":"https:\/\/historiografija.hr\/index.php?rest_route=\/wp\/v2\/users\/2"}],"replies":[{"embeddable":true,"href":"https:\/\/historiografija.hr\/index.php?rest_route=%2Fwp%2Fv2%2Fcomments&post=50399"}],"version-history":[{"count":1,"href":"https:\/\/historiografija.hr\/index.php?rest_route=\/wp\/v2\/posts\/50399\/revisions"}],"predecessor-version":[{"id":50401,"href":"https:\/\/historiografija.hr\/index.php?rest_route=\/wp\/v2\/posts\/50399\/revisions\/50401"}],"wp:featuredmedia":[{"embeddable":true,"href":"https:\/\/historiografija.hr\/index.php?rest_route=\/wp\/v2\/media\/50400"}],"wp:attachment":[{"href":"https:\/\/historiografija.hr\/index.php?rest_route=%2Fwp%2Fv2%2Fmedia&parent=50399"}],"wp:term":[{"taxonomy":"category","embeddable":true,"href":"https:\/\/historiografija.hr\/index.php?rest_route=%2Fwp%2Fv2%2Fcategories&post=50399"},{"taxonomy":"post_tag","embeddable":true,"href":"https:\/\/historiografija.hr\/index.php?rest_route=%2Fwp%2Fv2%2Ftags&post=50399"}],"curies":[{"name":"wp","href":"https:\/\/api.w.org\/{rel}","templated":true}]}}