{"id":50388,"date":"2025-12-19T21:34:41","date_gmt":"2025-12-19T21:34:41","guid":{"rendered":"https:\/\/historiografija.hr\/?p=50388"},"modified":"2025-12-19T21:36:01","modified_gmt":"2025-12-19T21:36:01","slug":"obiljezeno-20-godina-rada-hrvatskog-memorijalno-dokumentacijskog-centra-domovinskog-rata","status":"publish","type":"post","link":"https:\/\/historiografija.hr\/?p=50388","title":{"rendered":"Obilje\u017eeno 20 godina rada Hrvatskog memorijalno-dokumentacijskog centra Domovinskog rata"},"content":{"rendered":"\n<p>Dana 16. prosinca 2025. godine u Hrvatskom dr\u017eavnom arhivu u Zagrebu sve\u010dano je obilje\u017eeno 20 godina djelovanja Memorijalno-dokumentacijskog centra Domovinskog rata.<\/p>\n\n\n\n<hr class=\"wp-block-separator has-alpha-channel-opacity\"\/>\n\n\n\n<p>Op\u0161irnije na poveznicama u nastavku:<\/p>\n\n\n\n<figure class=\"wp-block-embed is-type-wp-embed is-provider-hrvatski-memorijalno-dokumentacijski-centar-domovinskog-rata wp-block-embed-hrvatski-memorijalno-dokumentacijski-centar-domovinskog-rata\"><div class=\"wp-block-embed__wrapper\">\n<blockquote class=\"wp-embedded-content\" data-secret=\"HS9muKTQiT\"><a href=\"https:\/\/centardomovinskograta.hr\/20-godina-hmdcdr-a-2005-2025\/\">20 godina HMDCDR-a: 2005.-2025.<\/a><\/blockquote><iframe loading=\"lazy\" class=\"wp-embedded-content\" sandbox=\"allow-scripts\" security=\"restricted\" style=\"position: absolute; visibility: hidden;\" title=\"&#8220;20 godina HMDCDR-a: 2005.-2025.&#8221; &#8212; HRVATSKI MEMORIJALNO-DOKUMENTACIJSKI CENTAR DOMOVINSKOG RATA\" src=\"https:\/\/centardomovinskograta.hr\/20-godina-hmdcdr-a-2005-2025\/embed\/#?secret=RjTXZzMm9j#?secret=HS9muKTQiT\" data-secret=\"HS9muKTQiT\" width=\"600\" height=\"338\" frameborder=\"0\" marginwidth=\"0\" marginheight=\"0\" scrolling=\"no\"><\/iframe>\n<\/div><\/figure>\n\n\n\n<p><a href=\"http:\/\/www.arhiv.hr\/hr-hr\/Kulturno-prosvjetne-aktivnosti\/ArticleId\/1960\/oamid\/1633\">http:\/\/www.arhiv.hr\/hr-hr\/Kulturno-prosvjetne-aktivnosti\/ArticleId\/1960\/oamid\/1633<\/a><\/p>\n\n\n\n<p><a href=\"https:\/\/vijesti.hrt.hr\/hrvatska\/20-godina-memorijalno-dokumentacijskog-centra-domovinskog-rata-12477821\">https:\/\/vijesti.hrt.hr\/hrvatska\/20-godina-memorijalno-dokumentacijskog-centra-domovinskog-rata-12477821<\/a><\/p>\n\n\n\n<figure class=\"wp-block-embed is-type-wp-embed is-provider-misao-hr wp-block-embed-misao-hr\"><div class=\"wp-block-embed__wrapper\">\n<blockquote class=\"wp-embedded-content\" data-secret=\"iW2hkqT89j\"><a href=\"https:\/\/misao.hr\/2025\/12\/17\/obiljezeno-20-godina-djelovanja-hrvatskog-memorijalno-dokumentacijskog-centra-domovinskog-rata\/\">Obilje\u017eeno 20 godina djelovanja Hrvatskog memorijalno-dokumentacijskog centra Domovinskog rata<\/a><\/blockquote><iframe loading=\"lazy\" class=\"wp-embedded-content\" sandbox=\"allow-scripts\" security=\"restricted\" style=\"position: absolute; visibility: hidden;\" title=\"&#8220;Obilje\u017eeno 20 godina djelovanja Hrvatskog memorijalno-dokumentacijskog centra Domovinskog rata&#8221; &#8212; Misao.hr\" src=\"https:\/\/misao.hr\/2025\/12\/17\/obiljezeno-20-godina-djelovanja-hrvatskog-memorijalno-dokumentacijskog-centra-domovinskog-rata\/embed\/#?secret=bNDFlHZwto#?secret=iW2hkqT89j\" data-secret=\"iW2hkqT89j\" width=\"600\" height=\"338\" frameborder=\"0\" marginwidth=\"0\" marginheight=\"0\" scrolling=\"no\"><\/iframe>\n<\/div><\/figure>\n\n\n\n<p><a href=\"https:\/\/min-kulture.gov.hr\/vijesti-8\/20-godina-hrvatskog-memorijalno-dokumentacijskog-centra-domovinskog-rata\/28895\">https:\/\/min-kulture.gov.hr\/vijesti-8\/20-godina-hrvatskog-memorijalno-dokumentacijskog-centra-domovinskog-rata\/28895<\/a><\/p>\n\n\n\n<p><a href=\"https:\/\/www.vecernji.hr\/vijesti\/pomogli-oslobadajucoj-presudi-gotovini-i-markacu-te-osudi-srbije-1916458\">https:\/\/www.vecernji.hr\/vijesti\/pomogli-oslobadajucoj-presudi-gotovini-i-markacu-te-osudi-srbije-1916458<\/a><\/p>\n\n\n\n<hr class=\"wp-block-separator has-alpha-channel-opacity\"\/>\n","protected":false},"excerpt":{"rendered":"","protected":false},"author":2,"featured_media":50389,"comment_status":"open","ping_status":"open","sticky":false,"template":"","format":"standard","meta":{"_acf_changed":false,"jetpack_post_was_ever_published":false,"_jetpack_newsletter_access":"","_jetpack_dont_email_post_to_subs":false,"_jetpack_newsletter_tier_id":0,"_jetpack_memberships_contains_paywalled_content":false,"_jetpack_memberships_contains_paid_content":false,"footnotes":"","jetpack_publicize_message":"","jetpack_publicize_feature_enabled":true,"jetpack_social_post_already_shared":true,"jetpack_social_options":{"image_generator_settings":{"template":"highway","default_image_id":0,"font":"","enabled":false},"version":2}},"categories":[3],"tags":[],"class_list":["post-50388","post","type-post","status-publish","format-standard","has-post-thumbnail","hentry","category-novosti"],"acf":{"facebook_opis":""},"jetpack_publicize_connections":[],"jetpack_featured_media_url":"https:\/\/i0.wp.com\/historiografija.hr\/wp-content\/uploads\/2025\/12\/HMDCDR-pozivnica.jpg?fit=1530%2C1080&ssl=1","jetpack_sharing_enabled":true,"jetpack-related-posts":[],"_links":{"self":[{"href":"https:\/\/historiografija.hr\/index.php?rest_route=\/wp\/v2\/posts\/50388","targetHints":{"allow":["GET"]}}],"collection":[{"href":"https:\/\/historiografija.hr\/index.php?rest_route=\/wp\/v2\/posts"}],"about":[{"href":"https:\/\/historiografija.hr\/index.php?rest_route=\/wp\/v2\/types\/post"}],"author":[{"embeddable":true,"href":"https:\/\/historiografija.hr\/index.php?rest_route=\/wp\/v2\/users\/2"}],"replies":[{"embeddable":true,"href":"https:\/\/historiografija.hr\/index.php?rest_route=%2Fwp%2Fv2%2Fcomments&post=50388"}],"version-history":[{"count":4,"href":"https:\/\/historiografija.hr\/index.php?rest_route=\/wp\/v2\/posts\/50388\/revisions"}],"predecessor-version":[{"id":50393,"href":"https:\/\/historiografija.hr\/index.php?rest_route=\/wp\/v2\/posts\/50388\/revisions\/50393"}],"wp:featuredmedia":[{"embeddable":true,"href":"https:\/\/historiografija.hr\/index.php?rest_route=\/wp\/v2\/media\/50389"}],"wp:attachment":[{"href":"https:\/\/historiografija.hr\/index.php?rest_route=%2Fwp%2Fv2%2Fmedia&parent=50388"}],"wp:term":[{"taxonomy":"category","embeddable":true,"href":"https:\/\/historiografija.hr\/index.php?rest_route=%2Fwp%2Fv2%2Fcategories&post=50388"},{"taxonomy":"post_tag","embeddable":true,"href":"https:\/\/historiografija.hr\/index.php?rest_route=%2Fwp%2Fv2%2Ftags&post=50388"}],"curies":[{"name":"wp","href":"https:\/\/api.w.org\/{rel}","templated":true}]}}