{"id":50384,"date":"2025-12-18T22:14:12","date_gmt":"2025-12-18T22:14:12","guid":{"rendered":"https:\/\/historiografija.hr\/?p=50384"},"modified":"2025-12-18T22:14:12","modified_gmt":"2025-12-18T22:14:12","slug":"predstavljanje-knjige-ulfa-brunnbauera-i-skupine-autora-u-olujama-transformacije-dva-brodogradilista-izmedu-socijalizma-i-europske-unije-u-puli","status":"publish","type":"post","link":"https:\/\/historiografija.hr\/?p=50384","title":{"rendered":"Predstavljanje knjige Ulfa Brunnbauera i skupine autora &#8220;U olujama transformacije. Dva brodogradili\u0161ta izme\u0111u socijalizma i Europske unije&#8221; u Puli"},"content":{"rendered":"\n<p>Odsjek za povijest Filozofskog fakulteta Sveu\u010dili\u0161ta Jurja Dobrile u Puli i Gradska knji\u017enica i \u010ditaonica Pula pozivaju vas na predstavljanje knjige Ulfa Brunnbauera i skupine autora <em>U olujama transformacije. Dva brodogradili\u0161ta izme\u0111u socijalizma i Europske unije<\/em>, koje \u0107e se odr\u017eati u ponedjeljak, 22. prosinca 2025., u 18 sati u Gradskoj knji\u017enici i \u010ditaonici Pula (Kandlerova 39), kao dio programa Tribine Odsjeka za povijest.<\/p>\n\n\n\n<p>O knjizi \u0107e govoriti prof. dr. sc. Ulf Brunnbauer i prof. dr. sc. Igor Duda s Odsjeka za povijest Filozofskog fakulteta u Puli.<\/p>\n\n\n\n<p>Pulsko brodogradili\u0161te Uljanik i poljsko brodogradili\u0161te Stocznia Gdynia, oba generacijama ponos svojih radnika i gradova, glavni su akteri ove knjige koja donosi rezultate rada interdisciplinarnog istra\u017eiva\u010dkog tima povjesni\u010dara, sociologa i socijalnih antropologa pod vodstvom Ulfa Brunnbauera (Regensburg) i Philippa Thera (Be\u010d). Zajedno s drugim suautorima \u2013 Piotr Filipkowski (Var\u0161ava), Andrew Hodges (Edinburgh), Stefano Petrungaro (Venecija) i Peter Wegenschimmel (Hannover) \u2013 oni su uspje\u0161no povezali povijest poduze\u0107a i povijest rada te ponudili novo tuma\u010denje dru\u0161tvene i politi\u010dke transformacije dvaju brodogradili\u0161ta u posljednjih nekoliko desetlje\u0107a, posebno kada je rije\u010d o ulozi dr\u017eave i Europske unije. Knjiga je ranije objavljena na njema\u010dkom (2022.) i engleskom (2025.), a Srednja Europa iz Zagreba izdava\u010d je hrvatskog izdanja (2025.).<\/p>\n\n\n\n<p>Prof. dr. sc. Ulf Brunnbauer bavi se dru\u0161tvenom povije\u0161\u0107u jugoisto\u010dne Europe od 19. stolje\u0107a nadalje, posebno povije\u0161\u0107u migracija i rada. Znanstveni je ravnatelj Leibnizova Instituta za istra\u017eivanje isto\u010dne i jugoisto\u010dne Europe (IOS) u Regensburgu, te \u0161ef Katedre za povijest jugoisto\u010dne i isto\u010dne Europe na Sveu\u010dili\u0161tu u Regensburgu, u Njema\u010dkoj. Vi\u0161e od desetlje\u0107a sura\u0111uje s kolegama na pulskom Sveu\u010dili\u0161tu.<\/p>\n\n\n\n<p>Dobrodo\u0161li!<\/p>\n\n\n\n<hr class=\"wp-block-separator has-alpha-channel-opacity\"\/>\n\n\n\n<p>Izvor:<\/p>\n\n\n\n<p><a href=\"https:\/\/ffpu.unipu.hr\/ffpu\/povijest\/obavijesti?@=2fnwn#news_124409\">https:\/\/ffpu.unipu.hr\/ffpu\/povijest\/obavijesti?@=2fnwn#news_124409<\/a><\/p>\n\n\n\n<hr class=\"wp-block-separator has-alpha-channel-opacity\"\/>\n","protected":false},"excerpt":{"rendered":"","protected":false},"author":2,"featured_media":50385,"comment_status":"open","ping_status":"open","sticky":false,"template":"","format":"standard","meta":{"_acf_changed":false,"jetpack_post_was_ever_published":false,"_jetpack_newsletter_access":"","_jetpack_dont_email_post_to_subs":false,"_jetpack_newsletter_tier_id":0,"_jetpack_memberships_contains_paywalled_content":false,"_jetpack_memberships_contains_paid_content":false,"footnotes":"","jetpack_publicize_message":"","jetpack_publicize_feature_enabled":true,"jetpack_social_post_already_shared":true,"jetpack_social_options":{"image_generator_settings":{"template":"highway","default_image_id":0,"font":"","enabled":false},"version":2}},"categories":[3],"tags":[],"class_list":["post-50384","post","type-post","status-publish","format-standard","has-post-thumbnail","hentry","category-novosti"],"acf":{"facebook_opis":""},"jetpack_publicize_connections":[],"jetpack_featured_media_url":"https:\/\/i0.wp.com\/historiografija.hr\/wp-content\/uploads\/2025\/12\/Brodogradiliste.png?fit=800%2C450&ssl=1","jetpack_sharing_enabled":true,"jetpack-related-posts":[],"_links":{"self":[{"href":"https:\/\/historiografija.hr\/index.php?rest_route=\/wp\/v2\/posts\/50384","targetHints":{"allow":["GET"]}}],"collection":[{"href":"https:\/\/historiografija.hr\/index.php?rest_route=\/wp\/v2\/posts"}],"about":[{"href":"https:\/\/historiografija.hr\/index.php?rest_route=\/wp\/v2\/types\/post"}],"author":[{"embeddable":true,"href":"https:\/\/historiografija.hr\/index.php?rest_route=\/wp\/v2\/users\/2"}],"replies":[{"embeddable":true,"href":"https:\/\/historiografija.hr\/index.php?rest_route=%2Fwp%2Fv2%2Fcomments&post=50384"}],"version-history":[{"count":1,"href":"https:\/\/historiografija.hr\/index.php?rest_route=\/wp\/v2\/posts\/50384\/revisions"}],"predecessor-version":[{"id":50386,"href":"https:\/\/historiografija.hr\/index.php?rest_route=\/wp\/v2\/posts\/50384\/revisions\/50386"}],"wp:featuredmedia":[{"embeddable":true,"href":"https:\/\/historiografija.hr\/index.php?rest_route=\/wp\/v2\/media\/50385"}],"wp:attachment":[{"href":"https:\/\/historiografija.hr\/index.php?rest_route=%2Fwp%2Fv2%2Fmedia&parent=50384"}],"wp:term":[{"taxonomy":"category","embeddable":true,"href":"https:\/\/historiografija.hr\/index.php?rest_route=%2Fwp%2Fv2%2Fcategories&post=50384"},{"taxonomy":"post_tag","embeddable":true,"href":"https:\/\/historiografija.hr\/index.php?rest_route=%2Fwp%2Fv2%2Ftags&post=50384"}],"curies":[{"name":"wp","href":"https:\/\/api.w.org\/{rel}","templated":true}]}}