{"id":50377,"date":"2025-12-18T21:56:11","date_gmt":"2025-12-18T21:56:11","guid":{"rendered":"https:\/\/historiografija.hr\/?p=50377"},"modified":"2025-12-18T21:56:11","modified_gmt":"2025-12-18T21:56:11","slug":"promocija-knjige-stipe-kljaica-vjecni-treci-rim-uzroci-rusko-ukrajinskoga-rata","status":"publish","type":"post","link":"https:\/\/historiografija.hr\/?p=50377","title":{"rendered":"Promocija knjige Stipe Kljai\u0107a \u201eVJE\u010cNI TRE\u0106I RIM: UZROCI RUSKO-UKRAJINSKOGA RATA\u201c"},"content":{"rendered":"\n<p>Pozivamo Vas na promociju prve knjige nove izdava\u010dke ku\u0107e FELDMAN&amp;CO<\/p>\n\n\n\n<p><strong>dr. Stipe Kljai\u0107a: VJE\u010cNI TRE\u0106I RIM: UZROCI RUSKO-UKRAJINSKOGA RATA<\/strong><\/p>\n\n\n\n<p>koja \u0107e se odr\u017eati<strong> 22. prosinca 2025. u 19 sati <\/strong>u prostorijama Hrvatskog dr\u017eavnog arhiva, Maruli\u0107ev trg 21, Zagreb.<\/p>\n\n\n\n<p>O knjizi \u0107e govoriti: Stipe Kljai\u0107, Andrea Feldman, Vi\u0161nja Stare\u0161ina i Velimir \u0160onje.<\/p>\n\n\n\n<p>Nakon promocije pridru\u017eite nam se na prigodnom domjenku.<\/p>\n\n\n\n<p>Sretan Bo\u017ei\u0107 i svako dobro u novoj godini!<\/p>\n\n\n\n<hr class=\"wp-block-separator has-alpha-channel-opacity\"\/>\n\n\n\n<p>Izvor:<\/p>\n\n\n\n<figure class=\"wp-block-embed is-type-wp-embed is-provider-hipzg wp-block-embed-hipzg\"><div class=\"wp-block-embed__wrapper\">\n<blockquote class=\"wp-embedded-content\" data-secret=\"DAEDc6ntH8\"><a href=\"https:\/\/www.hipzg.hr\/22-prosinca-2025-u-19-sati-promocija-knjige-stipe-kjlaica-vjecni-treci-rim-uzroci-rusko-ukrajinskoga-rata\/\">22. prosinca 2025. u 19 sati promocija knjige Stipe Kljai\u0107a : VJE\u010cNI TRE\u0106I RIM: UZROCI RUSKO-UKRAJINSKOGA RATA<\/a><\/blockquote><iframe loading=\"lazy\" class=\"wp-embedded-content\" sandbox=\"allow-scripts\" security=\"restricted\" style=\"position: absolute; visibility: hidden;\" title=\"&#8220;22. prosinca 2025. u 19 sati promocija knjige Stipe Kljai\u0107a : VJE\u010cNI TRE\u0106I RIM: UZROCI RUSKO-UKRAJINSKOGA RATA&#8221; &#8212; HIPZG\" src=\"https:\/\/www.hipzg.hr\/22-prosinca-2025-u-19-sati-promocija-knjige-stipe-kjlaica-vjecni-treci-rim-uzroci-rusko-ukrajinskoga-rata\/embed\/#?secret=zUMDHJyYu7#?secret=DAEDc6ntH8\" data-secret=\"DAEDc6ntH8\" width=\"600\" height=\"338\" frameborder=\"0\" marginwidth=\"0\" marginheight=\"0\" scrolling=\"no\"><\/iframe>\n<\/div><\/figure>\n\n\n\n<hr class=\"wp-block-separator has-alpha-channel-opacity\"\/>\n","protected":false},"excerpt":{"rendered":"","protected":false},"author":2,"featured_media":50378,"comment_status":"open","ping_status":"open","sticky":false,"template":"","format":"standard","meta":{"_acf_changed":false,"jetpack_post_was_ever_published":false,"_jetpack_newsletter_access":"","_jetpack_dont_email_post_to_subs":false,"_jetpack_newsletter_tier_id":0,"_jetpack_memberships_contains_paywalled_content":false,"_jetpack_memberships_contains_paid_content":false,"footnotes":"","jetpack_publicize_message":"","jetpack_publicize_feature_enabled":true,"jetpack_social_post_already_shared":true,"jetpack_social_options":{"image_generator_settings":{"template":"highway","default_image_id":0,"font":"","enabled":false},"version":2}},"categories":[3],"tags":[],"class_list":["post-50377","post","type-post","status-publish","format-standard","has-post-thumbnail","hentry","category-novosti"],"acf":{"facebook_opis":""},"jetpack_publicize_connections":[],"jetpack_featured_media_url":"https:\/\/i0.wp.com\/historiografija.hr\/wp-content\/uploads\/2025\/12\/Kljaic_promocija.jpg?fit=1667%2C1250&ssl=1","jetpack_sharing_enabled":true,"jetpack-related-posts":[],"_links":{"self":[{"href":"https:\/\/historiografija.hr\/index.php?rest_route=\/wp\/v2\/posts\/50377","targetHints":{"allow":["GET"]}}],"collection":[{"href":"https:\/\/historiografija.hr\/index.php?rest_route=\/wp\/v2\/posts"}],"about":[{"href":"https:\/\/historiografija.hr\/index.php?rest_route=\/wp\/v2\/types\/post"}],"author":[{"embeddable":true,"href":"https:\/\/historiografija.hr\/index.php?rest_route=\/wp\/v2\/users\/2"}],"replies":[{"embeddable":true,"href":"https:\/\/historiografija.hr\/index.php?rest_route=%2Fwp%2Fv2%2Fcomments&post=50377"}],"version-history":[{"count":1,"href":"https:\/\/historiografija.hr\/index.php?rest_route=\/wp\/v2\/posts\/50377\/revisions"}],"predecessor-version":[{"id":50379,"href":"https:\/\/historiografija.hr\/index.php?rest_route=\/wp\/v2\/posts\/50377\/revisions\/50379"}],"wp:featuredmedia":[{"embeddable":true,"href":"https:\/\/historiografija.hr\/index.php?rest_route=\/wp\/v2\/media\/50378"}],"wp:attachment":[{"href":"https:\/\/historiografija.hr\/index.php?rest_route=%2Fwp%2Fv2%2Fmedia&parent=50377"}],"wp:term":[{"taxonomy":"category","embeddable":true,"href":"https:\/\/historiografija.hr\/index.php?rest_route=%2Fwp%2Fv2%2Fcategories&post=50377"},{"taxonomy":"post_tag","embeddable":true,"href":"https:\/\/historiografija.hr\/index.php?rest_route=%2Fwp%2Fv2%2Ftags&post=50377"}],"curies":[{"name":"wp","href":"https:\/\/api.w.org\/{rel}","templated":true}]}}