{"id":50371,"date":"2025-12-18T21:44:40","date_gmt":"2025-12-18T21:44:40","guid":{"rendered":"https:\/\/historiografija.hr\/?p=50371"},"modified":"2025-12-18T21:44:40","modified_gmt":"2025-12-18T21:44:40","slug":"oliver-jens-schmitt-moskaus-westliche-rivalen-eine-europaische-geschichte-vom-nordkap-bis-zum-schwarzen-meer","status":"publish","type":"post","link":"https:\/\/historiografija.hr\/?p=50371","title":{"rendered":"Oliver Jens Schmitt, \u201eMoskaus westliche Rivalen. Eine europ\u00e4ische Geschichte vom Nordkap bis zum Schwarzen Meer\u201c"},"content":{"rendered":"\n<p>Die gro\u00dfe Geschichte der Nachbarn Russlands \u2013 vom Mittelalter bis zur Gegenwart neu erz\u00e4hlt<\/p>\n\n\n\n<p>In einem gro\u00dfen zeitlichen Bogen vom Mittelalter bis heute zeichnet Oliver Schmitt die Geschichte und die Erfahrungen der Gesellschaften vom Nordkap bis zum Schwarzen Meer nach. Eindrucksvoll zeigt er, dass Moskau von seinen westlichen Nachbarn nicht prim\u00e4r durch Sprache oder Religion, sondern v.a. durch Unterschiede der politischen Kultur getrennt ist. Ein fesselndes Panorama der Geschichte der unmittelbaren Nachbarn Russlands, das historisch begr\u00fcndet, wie sie sich von Russland unterscheiden.&nbsp;<\/p>\n\n\n\n<p>Warum greift Russland seine westlichen Nachbarn an? Was unterscheidet diese vom Moskauer Machtsystem? Europa wird oft \u00fcber seine gro\u00dfen M\u00e4chte wahrgenommen, der russische \u00dcberfall auf die Ukraine hat jedoch eine neue politische Dynamik entfaltet: Der Norden, das Baltikum und Polen, unterst\u00fctzen die Ukraine. Wie ist das zu erkl\u00e4ren? Oliver Schmitt legt die geschichtlichen Erfahrungen von Norwegern, Schweden, Finnen, Esten, Letten, Litauern, Polen, Belarusen, Ukrainern und Moldauern frei, die seit Jahrhunderten Nachbarn Moskaus sind. Die Geschichte dieser Regionen wurde bisher nie umfassend im Zusammenhang geschrieben. Dabei vertreten diese L\u00e4nder gegen\u00fcber Moskau in ihrer politischen Kultur das, was Europa heute ausmacht: Parlamente, Wahlen, Rechtstaatlichkeit und friedliche Widerst\u00e4ndigkeit. Zum ersten Mal erz\u00e4hlt ein Historiker die wenig bekannte Geschichte eines oft \u00fcbersehenen, aber weitreichenden Teils Europas, dessen Unabh\u00e4ngigkeit heute erneut bedroht ist.&nbsp;<\/p>\n\n\n\n<hr class=\"wp-block-separator has-alpha-channel-opacity\"\/>\n\n\n\n<p>1. Auflage 2025, Erscheinungstermin: 13.09.2025, 480 Seiten<\/p>\n\n\n\n<p>ISBN: 978-3-608-12490-3<\/p>\n\n\n\n<p>Barrierefreiheit: Dieses Werk gen\u00fcgt den grunds\u00e4tzlichen Anforderungen an Barrierefreiheit. Es ist textuell und visuell erfassbar. Es ist hierarchisch aufgebaut und alle relevanten Abbildungen haben einen Alternativtext.<\/p>\n\n\n\n<hr class=\"wp-block-separator has-alpha-channel-opacity\"\/>\n\n\n\n<p><strong>Oliver Jens Schmitt<\/strong><\/p>\n\n\n\n<p><strong>Oliver Jens Schmitt,<\/strong> Dr. phil., geb. 1973, ist seit 2005 Professor f\u00fcr Geschichte S\u00fcdosteuropas an der Universit\u00e4t Wien und seit 2017 wissenschaftlicher Direktor am Institut f\u00fcr die Geschichte der Habsburgermonarchie und des Balkanraumes an der \u00d6sterreichischen Akademie der Wissenschaften.&nbsp;Er gilt als einer der besten Kenner der Sozial- und Kulturgeschichte Osteuropas.<\/p>\n\n\n\n<hr class=\"wp-block-separator has-alpha-channel-opacity\"\/>\n\n\n\n<p><a href=\"https:\/\/www.klett-cotta.de\/produkt\/oliver-jens-schmitt-moskaus-westliche-rivalen-9783608124903-t-9195\">https:\/\/www.klett-cotta.de\/produkt\/oliver-jens-schmitt-moskaus-westliche-rivalen-9783608124903-t-9195<\/a><\/p>\n\n\n\n<hr class=\"wp-block-separator has-alpha-channel-opacity\"\/>\n","protected":false},"excerpt":{"rendered":"","protected":false},"author":2,"featured_media":50372,"comment_status":"open","ping_status":"open","sticky":false,"template":"","format":"standard","meta":{"_acf_changed":false,"jetpack_post_was_ever_published":false,"_jetpack_newsletter_access":"","_jetpack_dont_email_post_to_subs":false,"_jetpack_newsletter_tier_id":0,"_jetpack_memberships_contains_paywalled_content":false,"_jetpack_memberships_contains_paid_content":false,"footnotes":"","jetpack_publicize_message":"","jetpack_publicize_feature_enabled":true,"jetpack_social_post_already_shared":true,"jetpack_social_options":{"image_generator_settings":{"template":"highway","default_image_id":0,"font":"","enabled":false},"version":2}},"categories":[8,3],"tags":[],"class_list":["post-50371","post","type-post","status-publish","format-standard","has-post-thumbnail","hentry","category-knjige","category-novosti"],"acf":{"facebook_opis":""},"jetpack_publicize_connections":[],"jetpack_featured_media_url":"https:\/\/i0.wp.com\/historiografija.hr\/wp-content\/uploads\/2025\/12\/Schmitt.jpg?fit=600%2C896&ssl=1","jetpack_sharing_enabled":true,"jetpack-related-posts":[],"_links":{"self":[{"href":"https:\/\/historiografija.hr\/index.php?rest_route=\/wp\/v2\/posts\/50371","targetHints":{"allow":["GET"]}}],"collection":[{"href":"https:\/\/historiografija.hr\/index.php?rest_route=\/wp\/v2\/posts"}],"about":[{"href":"https:\/\/historiografija.hr\/index.php?rest_route=\/wp\/v2\/types\/post"}],"author":[{"embeddable":true,"href":"https:\/\/historiografija.hr\/index.php?rest_route=\/wp\/v2\/users\/2"}],"replies":[{"embeddable":true,"href":"https:\/\/historiografija.hr\/index.php?rest_route=%2Fwp%2Fv2%2Fcomments&post=50371"}],"version-history":[{"count":1,"href":"https:\/\/historiografija.hr\/index.php?rest_route=\/wp\/v2\/posts\/50371\/revisions"}],"predecessor-version":[{"id":50373,"href":"https:\/\/historiografija.hr\/index.php?rest_route=\/wp\/v2\/posts\/50371\/revisions\/50373"}],"wp:featuredmedia":[{"embeddable":true,"href":"https:\/\/historiografija.hr\/index.php?rest_route=\/wp\/v2\/media\/50372"}],"wp:attachment":[{"href":"https:\/\/historiografija.hr\/index.php?rest_route=%2Fwp%2Fv2%2Fmedia&parent=50371"}],"wp:term":[{"taxonomy":"category","embeddable":true,"href":"https:\/\/historiografija.hr\/index.php?rest_route=%2Fwp%2Fv2%2Fcategories&post=50371"},{"taxonomy":"post_tag","embeddable":true,"href":"https:\/\/historiografija.hr\/index.php?rest_route=%2Fwp%2Fv2%2Ftags&post=50371"}],"curies":[{"name":"wp","href":"https:\/\/api.w.org\/{rel}","templated":true}]}}