{"id":50365,"date":"2025-12-17T23:08:24","date_gmt":"2025-12-17T23:08:24","guid":{"rendered":"https:\/\/historiografija.hr\/?p=50365"},"modified":"2025-12-17T23:08:24","modified_gmt":"2025-12-17T23:08:24","slug":"panel-diskusija-gaza-misliti-i-delati-u-vreme-genocida-criticlab-yugolab","status":"publish","type":"post","link":"https:\/\/historiografija.hr\/?p=50365","title":{"rendered":"[Panel diskusija] Gaza: misliti i delati u vreme genocida (CriticLab, YugoLab)"},"content":{"rendered":"\n<p>Panel&nbsp;<em>Gaza: misliti i delati u vreme genocida<\/em>, u organizaciji Instituta za filozofiju i dru\u0161tvenu teoriju, otvara prostor za razmi\u0161ljanje o ulozi akademske zajednice suo\u010dene sa genocidom u Gazi i produbljivanjem (neo)kolonijalnih demarkacija izme\u0111u Globalnog Severa i Globalnog Juga. U trenutku kada se nasilje nad palestinskim civilima u\u017eivo prenosi putem dru\u0161tvenih mre\u017ea i televizijskih kanala, a istovremeno biva dru\u0161tveno-politi\u010dki normalizovano, postaje klju\u010dno ne samo \u0161ta znamo, ve\u0107 kako, i o kome mislimo.<\/p>\n\n\n\n<p>Iz perspektive Balkana, regiona obele\u017eenog sopstvenim iskustvima nasilja, etni\u010dkog \u010di\u0161\u0107enja i genocida, a pozicioniranog na periferiji Evrope, u\u010desnici doga\u0111aja analizira\u0107e izazove savremenog teorijskog promatranja tragi\u010dnog trenutka&nbsp; u kojem \u017eivimo. Shodno tome, na panelu \u0107emo nastojati da zapo\u010dnemo debatu sa ciljem promi\u0161ljanja aktuelnih mehanizma reprodukcije hegemonih i kolonijalnih &nbsp;odnosa mo\u0107i, teorijskih resursa koji nam poma\u017eu da analiziramo ekstremno nasilje kojem svedo\u010dimo, kao i &nbsp;razli\u010ditih&nbsp; konstitutivnih elemenata eti\u010dkog imperativa solidarnosti sa potla\u010denima u svetu u kojem se genocid nastoji normalizovati.<\/p>\n\n\n\n<p>U doga\u0111aju u\u010destvuju: <a href=\"https:\/\/ifdt.bg.ac.rs\/dt_team\/kostic-ivan-ejub\/\">Ivan Ejub Kosti\u0107<\/a>, <a href=\"https:\/\/ifdt.bg.ac.rs\/dt_team\/urosevic-milan\/\">Milan Uro\u0161evi\u0107<\/a>, <a href=\"https:\/\/ifdt.bg.ac.rs\/dt_team\/balunovic-filip\/\">Filip Balunovi\u0107<\/a>, <a href=\"https:\/\/ifdt.bg.ac.rs\/dt_team\/mevorah-vera\/\">Vera Mevorah<\/a>, <a href=\"https:\/\/ifdt.bg.ac.rs\/dt_team\/ivkovic-marjan\/\">Marjan Ivkovi\u0107<\/a>, <a href=\"https:\/\/ifdt.bg.ac.rs\/dt_team\/krstic-predrag\/\">Predrag Krsti\u0107<\/a>, <a href=\"https:\/\/ifdt.bg.ac.rs\/dt_team\/zaharijevic-adriana\/\">Adriana Zaharijevi\u0107<\/a>, <a href=\"https:\/\/ifdt.bg.ac.rs\/dt_team\/perunovic-andrea\/\">Andrea Perunovi\u0107<\/a>, <a href=\"https:\/\/ifdt.bg.ac.rs\/dt_team\/knezevic-aleksandra\/\">Aleksandra Kne\u017eevi\u0107<\/a><\/p>\n\n\n\n<p>Ovaj panel otvara seriju predavanja koje \u0107e Institut posvetiti promi\u0161ljanju genocida u Gazi i istorijskim, politi\u010dkim i dru\u0161tvenim procesima koji oblikuju trenutno stanje i budu\u0107nost Palestine.<\/p>\n\n\n\n<hr class=\"wp-block-separator has-alpha-channel-opacity\"\/>\n\n\n\n<p>Datum: \u010cetvrtak, 18. decembar 2025<\/p>\n\n\n\n<p>Vreme: 16:00 &#8211; 18:00<\/p>\n\n\n\n<p>Lokacija: IFDT, Kraljice Natalije 45, Beograd<a href=\"https:\/\/www.youtube.com\/user\/ifdtbelgrade\" target=\"_blank\" rel=\"noreferrer noopener\"><\/a><\/p>\n\n\n\n<hr class=\"wp-block-separator has-alpha-channel-opacity\"\/>\n\n\n\n<p><strong><u><a href=\"https:\/\/www.youtube.com\/user\/ifdtbelgrade\" target=\"_blank\" rel=\"noreferrer noopener\">YouTube kanal Anga\u017eovana misao<\/a><\/u><\/strong><a href=\"https:\/\/www.youtube.com\/user\/ifdtbelgrade\" target=\"_blank\" rel=\"noreferrer noopener\"><\/a><\/p>\n\n\n\n<p><em>Doga\u0111aj \u0107e biti fotografisan i sniman radi objavljivanja na YouTube kanalu Anga\u017eovana misao, dru\u0161tvenim mre\u017eama, vebsajtu i drugim kanalima informisanja u svrhu promocije doga\u0111aja i aktivnosti Instituta.<\/em><\/p>\n\n\n\n<hr class=\"wp-block-separator has-alpha-channel-opacity\"\/>\n\n\n\n<p>Izvor:<\/p>\n\n\n\n<figure class=\"wp-block-embed is-type-wp-embed is-provider-institut-za-filozofiju-i-dru-tvenu-teoriju wp-block-embed-institut-za-filozofiju-i-dru-tvenu-teoriju\"><div class=\"wp-block-embed__wrapper\">\n<blockquote class=\"wp-embedded-content\" data-secret=\"Uhty7IWH4X\"><a href=\"https:\/\/ifdt.bg.ac.rs\/events\/panel-diskusija-gaza-misliti-i-delati-u-vreme-genocida-criticlab-yugolab\/\">[Panel diskusija] Gaza: misliti i delati u vreme genocida (CriticLab, YugoLab)<\/a><\/blockquote><iframe loading=\"lazy\" class=\"wp-embedded-content\" sandbox=\"allow-scripts\" security=\"restricted\" style=\"position: absolute; visibility: hidden;\" title=\"&#132;[Panel diskusija] Gaza: misliti i delati u vreme genocida (CriticLab, YugoLab)&#147; &#8212; INSTITUT ZA FILOZOFIJU I DRU\u0160TVENU TEORIJU\" src=\"https:\/\/ifdt.bg.ac.rs\/events\/panel-diskusija-gaza-misliti-i-delati-u-vreme-genocida-criticlab-yugolab\/embed\/#?secret=o0HAOAKvFj#?secret=Uhty7IWH4X\" data-secret=\"Uhty7IWH4X\" width=\"600\" height=\"338\" frameborder=\"0\" marginwidth=\"0\" marginheight=\"0\" scrolling=\"no\"><\/iframe>\n<\/div><\/figure>\n\n\n\n<hr class=\"wp-block-separator has-alpha-channel-opacity\"\/>\n\n\n\n<p>Obavijest je objavljena i na portalu <strong>Historiografija.ba<\/strong>:<\/p>\n\n\n\n<p><a href=\"https:\/\/historiografija.ba\/historija-u-javnosti\/naucne-manifestacije\/gaza-misliti-i-delati-u-vreme-genocida\">https:\/\/historiografija.ba\/historija-u-javnosti\/naucne-manifestacije\/gaza-misliti-i-delati-u-vreme-genocida<\/a><\/p>\n\n\n\n<hr class=\"wp-block-separator has-alpha-channel-opacity\"\/>\n","protected":false},"excerpt":{"rendered":"","protected":false},"author":2,"featured_media":50366,"comment_status":"open","ping_status":"open","sticky":false,"template":"","format":"standard","meta":{"_acf_changed":false,"jetpack_post_was_ever_published":false,"_jetpack_newsletter_access":"","_jetpack_dont_email_post_to_subs":false,"_jetpack_newsletter_tier_id":0,"_jetpack_memberships_contains_paywalled_content":false,"_jetpack_memberships_contains_paid_content":false,"footnotes":"","jetpack_publicize_message":"","jetpack_publicize_feature_enabled":true,"jetpack_social_post_already_shared":true,"jetpack_social_options":{"image_generator_settings":{"template":"highway","default_image_id":0,"font":"","enabled":false},"version":2}},"categories":[3],"tags":[],"class_list":["post-50365","post","type-post","status-publish","format-standard","has-post-thumbnail","hentry","category-novosti"],"acf":{"facebook_opis":""},"jetpack_publicize_connections":[],"jetpack_featured_media_url":"https:\/\/i0.wp.com\/historiografija.hr\/wp-content\/uploads\/2025\/12\/Gaza-18.12.2025.jpg?fit=1280%2C720&ssl=1","jetpack_sharing_enabled":true,"jetpack-related-posts":[],"_links":{"self":[{"href":"https:\/\/historiografija.hr\/index.php?rest_route=\/wp\/v2\/posts\/50365","targetHints":{"allow":["GET"]}}],"collection":[{"href":"https:\/\/historiografija.hr\/index.php?rest_route=\/wp\/v2\/posts"}],"about":[{"href":"https:\/\/historiografija.hr\/index.php?rest_route=\/wp\/v2\/types\/post"}],"author":[{"embeddable":true,"href":"https:\/\/historiografija.hr\/index.php?rest_route=\/wp\/v2\/users\/2"}],"replies":[{"embeddable":true,"href":"https:\/\/historiografija.hr\/index.php?rest_route=%2Fwp%2Fv2%2Fcomments&post=50365"}],"version-history":[{"count":1,"href":"https:\/\/historiografija.hr\/index.php?rest_route=\/wp\/v2\/posts\/50365\/revisions"}],"predecessor-version":[{"id":50367,"href":"https:\/\/historiografija.hr\/index.php?rest_route=\/wp\/v2\/posts\/50365\/revisions\/50367"}],"wp:featuredmedia":[{"embeddable":true,"href":"https:\/\/historiografija.hr\/index.php?rest_route=\/wp\/v2\/media\/50366"}],"wp:attachment":[{"href":"https:\/\/historiografija.hr\/index.php?rest_route=%2Fwp%2Fv2%2Fmedia&parent=50365"}],"wp:term":[{"taxonomy":"category","embeddable":true,"href":"https:\/\/historiografija.hr\/index.php?rest_route=%2Fwp%2Fv2%2Fcategories&post=50365"},{"taxonomy":"post_tag","embeddable":true,"href":"https:\/\/historiografija.hr\/index.php?rest_route=%2Fwp%2Fv2%2Ftags&post=50365"}],"curies":[{"name":"wp","href":"https:\/\/api.w.org\/{rel}","templated":true}]}}