{"id":50362,"date":"2025-12-17T23:02:40","date_gmt":"2025-12-17T23:02:40","guid":{"rendered":"https:\/\/historiografija.hr\/?p=50362"},"modified":"2025-12-17T23:02:40","modified_gmt":"2025-12-17T23:02:40","slug":"predavanje-masovna-ubistva-genocid-i-etika-rata-istorijske-pravne-i-savremene-perspektive-shoahlab","status":"publish","type":"post","link":"https:\/\/historiografija.hr\/?p=50362","title":{"rendered":"[Predavanje] Masovna ubistva, genocid i etika rata: istorijske, pravne i savremene perspektive (ShoahLab)"},"content":{"rendered":"\n<p>Institut za filozofiju i dru\u0161tvenu teoriju Univerziteta u Beogradu organizuje seriju otvorenih onlajn predavanja posve\u0107enih razli\u010ditim temama povezanih sa istorijom i podu\u010davanjem o Holokaustu, genocidima po\u010dinjenim u savremenoj istoriji, antisemitizmu, anticiganizmu i drugim oblicima rasizma i netolerancije. Cilj serije je razmena i sticanje novih znanja, kao i uspostavljanje novih mre\u017ea i oblika saradnje u prou\u010davanju Holokausta izme\u0111u institucija, organizacija i pojedinaca iz Evrope, SAD i drugih zemalja. Predavanja su prvenstveno namenjena studentima svih uzrasta i studijskih programa, stru\u010dnjacima, muzeolozima, istori\u010darima, nastavnicima, ali i \u0161iroj javnosti.<\/p>\n\n\n\n<p><strong>Apstrakt<\/strong><\/p>\n\n\n\n<p>U svetlu katastrofalnog gubitka ljudskih \u017eivota i humanitarne katastrofe u Gazi, izazvane napadom Hamasa na Izrael u oktobru 2023. godine, nau\u010dnici i posmatra\u010di raspravljaju o tome da li se ovi doga\u0111aji mogu okarakterisati kao genocid, etni\u010dko \u010di\u0161\u0107enje, zlo\u010din protiv \u010dove\u010dnosti, ratni zlo\u010dini ili, naprotiv, kao opravdani ratni postupci, kao i da su po\u0161tovana na\u010dela proporcionalnosti. Bez obzira na terminologiju, razmere razaranja i ljudske patnje su u\u017easavaju\u0107e.<\/p>\n\n\n\n<p>Predavanje \u0107e izneti zaklju\u010dke rada koji po\u010dinje ispitivanjem masovnih ubistava u antici i mitologiji, uklju\u010duju\u0107i narative o Noju, o Isusu Navinu pri ulasku u Hanan, o Knjizi o Jesteri, kao i istorijsko razaranje Kartagine, Tebe, Troje i aste\u010dke civilizacije. Zatim daje pregled religijskih, rasnih i nacionalnih opravdanja koja su se istorijski koristila da legitimi\u0161u masovno nasilje.<\/p>\n\n\n\n<p>Analiza se dalje bavi modernim primerima masovnih ubistava od kraja 19. veka do 21. veka, uklju\u010duju\u0107i kolonijalne zlo\u010dine, genocidne kampanje i etni\u010dke \u010distke, pri \u010demu se osvetljavaju i pravne definicije i politi\u010dke rasprave koje prate ove pojave.<\/p>\n\n\n\n<p>Na kraju, razmatraju se teorijski okviri iz vi\u0161e disciplina za definisanje genocida, zlo\u010dina protiv \u010dove\u010dnosti i ratnih zlo\u010dina, integri\u0161u\u0107i perspektive politi\u010dke filozofije, istorije i teorije etike, sa posebnim fokusom na njihovu primenu u savremenom kontekstu sukoba u Gazi. Ovo uklju\u010duje i kriti\u010dki pregled nau\u010dnih debata o tome da li trenutni doga\u0111aji u Gazi ispunjavaju kriterijume za genocid, etni\u010dko \u010di\u0161\u0107enje ili zlo\u010dine protiv \u010dove\u010dnosti, kao i eti\u010dke dileme koje se ti\u010du pravednog rata i proporcionalnosti.<\/p>\n\n\n\n<p><strong>Biografija predava\u010da:<\/strong><\/p>\n\n\n\n<p>Alon Segev je istori\u010dar moderne intelektualne istorije \u010diji rad istra\u017euje prosvetiteljstvo i antiprosvetiteljstvo, odnos religije i nasilja, Holokaust, genocid, kao i \u0161ire politi\u010dke i kulturne procese 20. i 21. veka. Predavao je religijske studije i anti\u010dku filozofiju na Univerzitetu Konektikat, etiku na Univerzitetu Lojola u \u010cikagu, a kao akademik radio je i na univerzitetima u Hajdelbergu, Marburgu, Bohumu, Haleu i Insbruku. Radio je i kao nau\u010dni saradnik na Institutu za pravoslavne hri\u0161\u0107anske studije u Kembrid\u017eu.<\/p>\n\n\n\n<p>Njegov aktuelni rad obuhvata istra\u017eivanje politi\u010dkih i kulturnih procesa u Nema\u010dkoj i Austriji izme\u0111u Prvog i Drugog svetskog rata, kao i analizu humanitarne katastrofe u Gazi u \u0161irokom politi\u010dkom i istorijskom okviru. Najva\u017enije publikacije uklju\u010duju Thinking and Killing (De Gruyter, 2013), Political Readings of Descartes in Continental Thought (Bloomsbury, 2019) i Gerhard Kittel\u2019s Defence (sa Matijasom Morgen\u0161ternom, Berlin University Press, 2019).<\/p>\n\n\n\n<p>Institut za filozofiju i dru\u0161tvenu teoriju u Beogradu, 17. decembar 2025<a href=\"https:\/\/www.youtube.com\/user\/ifdtbelgrade\" target=\"_blank\" rel=\"noreferrer noopener\"><\/a><\/p>\n\n\n\n<p><strong><u><a href=\"https:\/\/www.youtube.com\/user\/ifdtbelgrade\" target=\"_blank\" rel=\"noreferrer noopener\">YouTube kanal Anga\u017eovana misao<\/a><\/u><\/strong><a href=\"https:\/\/www.youtube.com\/user\/ifdtbelgrade\" target=\"_blank\" rel=\"noreferrer noopener\"><\/a><\/p>\n\n\n\n<p><em><u>Doga\u0111aj \u0107e biti fotografisan i sniman radi objavljivanja na YouTube kanalu Anga\u017eovana misao, dru\u0161tvenim mre\u017eama, vebsajtu i drugim kanalima informisanja u svrhu promocije doga\u0111aja i aktivnosti Instituta.<\/u><\/em><\/p>\n\n\n\n<hr class=\"wp-block-separator has-alpha-channel-opacity\"\/>\n\n\n\n<p>Izvor:<\/p>\n\n\n\n<figure class=\"wp-block-embed is-type-wp-embed is-provider-institut-za-filozofiju-i-dru-tvenu-teoriju wp-block-embed-institut-za-filozofiju-i-dru-tvenu-teoriju\"><div class=\"wp-block-embed__wrapper\">\n<blockquote class=\"wp-embedded-content\" data-secret=\"Lgf3LjJudw\"><a href=\"https:\/\/ifdt.bg.ac.rs\/events\/predavanje-masovna-ubistva-genocid-i-etika-rata-istorijske-pravne-i-savremene-perspektive-shoahlab\/\">[Predavanje] Masovna ubistva, genocid i etika rata: istorijske, pravne i savremene perspektive (ShoahLab)<\/a><\/blockquote><iframe loading=\"lazy\" class=\"wp-embedded-content\" sandbox=\"allow-scripts\" security=\"restricted\" style=\"position: absolute; visibility: hidden;\" title=\"&#132;[Predavanje] Masovna ubistva, genocid i etika rata: istorijske, pravne i savremene perspektive (ShoahLab)&#147; &#8212; INSTITUT ZA FILOZOFIJU I DRU\u0160TVENU TEORIJU\" src=\"https:\/\/ifdt.bg.ac.rs\/events\/predavanje-masovna-ubistva-genocid-i-etika-rata-istorijske-pravne-i-savremene-perspektive-shoahlab\/embed\/#?secret=xNQNFuzvca#?secret=Lgf3LjJudw\" data-secret=\"Lgf3LjJudw\" width=\"600\" height=\"338\" frameborder=\"0\" marginwidth=\"0\" marginheight=\"0\" scrolling=\"no\"><\/iframe>\n<\/div><\/figure>\n\n\n\n<hr class=\"wp-block-separator has-alpha-channel-opacity\"\/>\n","protected":false},"excerpt":{"rendered":"","protected":false},"author":2,"featured_media":50363,"comment_status":"open","ping_status":"open","sticky":false,"template":"","format":"standard","meta":{"_acf_changed":false,"jetpack_post_was_ever_published":false,"_jetpack_newsletter_access":"","_jetpack_dont_email_post_to_subs":false,"_jetpack_newsletter_tier_id":0,"_jetpack_memberships_contains_paywalled_content":false,"_jetpack_memberships_contains_paid_content":false,"footnotes":"","jetpack_publicize_message":"","jetpack_publicize_feature_enabled":true,"jetpack_social_post_already_shared":true,"jetpack_social_options":{"image_generator_settings":{"template":"highway","default_image_id":0,"font":"","enabled":false},"version":2}},"categories":[3],"tags":[],"class_list":["post-50362","post","type-post","status-publish","format-standard","has-post-thumbnail","hentry","category-novosti"],"acf":{"facebook_opis":""},"jetpack_publicize_connections":[],"jetpack_featured_media_url":"https:\/\/i0.wp.com\/historiografija.hr\/wp-content\/uploads\/2025\/12\/Masovna-ubistva-genocid-i-etika-rata.jpg?fit=1280%2C720&ssl=1","jetpack_sharing_enabled":true,"jetpack-related-posts":[],"_links":{"self":[{"href":"https:\/\/historiografija.hr\/index.php?rest_route=\/wp\/v2\/posts\/50362","targetHints":{"allow":["GET"]}}],"collection":[{"href":"https:\/\/historiografija.hr\/index.php?rest_route=\/wp\/v2\/posts"}],"about":[{"href":"https:\/\/historiografija.hr\/index.php?rest_route=\/wp\/v2\/types\/post"}],"author":[{"embeddable":true,"href":"https:\/\/historiografija.hr\/index.php?rest_route=\/wp\/v2\/users\/2"}],"replies":[{"embeddable":true,"href":"https:\/\/historiografija.hr\/index.php?rest_route=%2Fwp%2Fv2%2Fcomments&post=50362"}],"version-history":[{"count":1,"href":"https:\/\/historiografija.hr\/index.php?rest_route=\/wp\/v2\/posts\/50362\/revisions"}],"predecessor-version":[{"id":50364,"href":"https:\/\/historiografija.hr\/index.php?rest_route=\/wp\/v2\/posts\/50362\/revisions\/50364"}],"wp:featuredmedia":[{"embeddable":true,"href":"https:\/\/historiografija.hr\/index.php?rest_route=\/wp\/v2\/media\/50363"}],"wp:attachment":[{"href":"https:\/\/historiografija.hr\/index.php?rest_route=%2Fwp%2Fv2%2Fmedia&parent=50362"}],"wp:term":[{"taxonomy":"category","embeddable":true,"href":"https:\/\/historiografija.hr\/index.php?rest_route=%2Fwp%2Fv2%2Fcategories&post=50362"},{"taxonomy":"post_tag","embeddable":true,"href":"https:\/\/historiografija.hr\/index.php?rest_route=%2Fwp%2Fv2%2Ftags&post=50362"}],"curies":[{"name":"wp","href":"https:\/\/api.w.org\/{rel}","templated":true}]}}