{"id":50354,"date":"2025-12-17T22:46:48","date_gmt":"2025-12-17T22:46:48","guid":{"rendered":"https:\/\/historiografija.hr\/?p=50354"},"modified":"2025-12-17T22:47:28","modified_gmt":"2025-12-17T22:47:28","slug":"otkrivena-spomen-ploca-filipu-lukasu-u-dvoristu-palace-matice-hrvatske-u-zagrebu","status":"publish","type":"post","link":"https:\/\/historiografija.hr\/?p=50354","title":{"rendered":"Otkrivena spomen-plo\u010da Filipu Lukasu u dvori\u0161tu Pala\u010de Matice hrvatske u Zagrebu"},"content":{"rendered":"\n<p>Uz sjednicu Glavnog odbora MH i Bo\u017ei\u0107ni susret u Matici hrvatskoj 12. prosinca 2025. otkrivena je spomen-plo\u010da Filipu Lukasu (1871\u20131958), najdugovje\u010dnijem predsjedniku Matice hrvatske (1928\u20131945).&nbsp;<\/p>\n\n\n\n<p>Matica hrvatska zastupnicima Gradske skup\u0161tine u listopadu je uputila pismo uo\u010di glasovanja o&nbsp;Prijedlogu odluke o preimenovanju ulica (Ulica Vladimira Arka, Ulica Antuna Bonifa\u010di\u0107a, Ulica Filipa Lukasa i Ulica Ivana \u0160ari\u0107a), no Gradska je skup\u0161tina taj prijedlog i potvrdila.&nbsp;<\/p>\n\n\n\n<p>Plo\u010du je otkrio Mati\u010din potpredsjednik Dra\u017een \u0160vagelj.&nbsp;<\/p>\n\n\n\n<hr class=\"wp-block-separator has-alpha-channel-opacity\"\/>\n\n\n\n<figure class=\"wp-block-image size-full is-resized\"><img data-recalc-dims=\"1\" loading=\"lazy\" decoding=\"async\" width=\"680\" height=\"1021\" data-attachment-id=\"50355\" data-permalink=\"https:\/\/historiografija.hr\/?attachment_id=50355\" data-orig-file=\"https:\/\/i0.wp.com\/historiografija.hr\/wp-content\/uploads\/2025\/12\/filip_lukas_dvoriste_mh.jpg?fit=680%2C1021&amp;ssl=1\" data-orig-size=\"680,1021\" data-comments-opened=\"1\" data-image-meta=\"{&quot;aperture&quot;:&quot;0&quot;,&quot;credit&quot;:&quot;&quot;,&quot;camera&quot;:&quot;&quot;,&quot;caption&quot;:&quot;&quot;,&quot;created_timestamp&quot;:&quot;0&quot;,&quot;copyright&quot;:&quot;&quot;,&quot;focal_length&quot;:&quot;0&quot;,&quot;iso&quot;:&quot;0&quot;,&quot;shutter_speed&quot;:&quot;0&quot;,&quot;title&quot;:&quot;&quot;,&quot;orientation&quot;:&quot;0&quot;}\" data-image-title=\"filip_lukas_dvoriste_mh\" data-image-description=\"\" data-image-caption=\"\" data-large-file=\"https:\/\/i0.wp.com\/historiografija.hr\/wp-content\/uploads\/2025\/12\/filip_lukas_dvoriste_mh.jpg?fit=680%2C1021&amp;ssl=1\" src=\"https:\/\/i0.wp.com\/historiografija.hr\/wp-content\/uploads\/2025\/12\/filip_lukas_dvoriste_mh.jpg?resize=680%2C1021&#038;ssl=1\" alt=\"\" class=\"wp-image-50355\" style=\"width:567px;height:auto\" srcset=\"https:\/\/i0.wp.com\/historiografija.hr\/wp-content\/uploads\/2025\/12\/filip_lukas_dvoriste_mh.jpg?w=680&amp;ssl=1 680w, https:\/\/i0.wp.com\/historiografija.hr\/wp-content\/uploads\/2025\/12\/filip_lukas_dvoriste_mh.jpg?resize=200%2C300&amp;ssl=1 200w\" sizes=\"auto, (max-width: 680px) 100vw, 680px\" \/><\/figure>\n\n\n\n<hr class=\"wp-block-separator has-alpha-channel-opacity\"\/>\n\n\n\n<p>Izvor i fotografije:<\/p>\n\n\n\n<p><a href=\"https:\/\/www.matica.hr\/novosti\/otkrivena-spomen-ploca-filipu-lukasu-u-dvoristu-palace-mh-464\">https:\/\/www.matica.hr\/novosti\/otkrivena-spomen-ploca-filipu-lukasu-u-dvoristu-palace-mh-464<\/a><\/p>\n\n\n\n<hr class=\"wp-block-separator has-alpha-channel-opacity\"\/>\n","protected":false},"excerpt":{"rendered":"","protected":false},"author":2,"featured_media":50355,"comment_status":"open","ping_status":"open","sticky":false,"template":"","format":"standard","meta":{"_acf_changed":false,"jetpack_post_was_ever_published":false,"_jetpack_newsletter_access":"","_jetpack_dont_email_post_to_subs":false,"_jetpack_newsletter_tier_id":0,"_jetpack_memberships_contains_paywalled_content":false,"_jetpack_memberships_contains_paid_content":false,"footnotes":"","jetpack_publicize_message":"","jetpack_publicize_feature_enabled":true,"jetpack_social_post_already_shared":true,"jetpack_social_options":{"image_generator_settings":{"template":"highway","default_image_id":0,"font":"","enabled":false},"version":2}},"categories":[3],"tags":[],"class_list":["post-50354","post","type-post","status-publish","format-standard","has-post-thumbnail","hentry","category-novosti"],"acf":{"facebook_opis":""},"jetpack_publicize_connections":[],"jetpack_featured_media_url":"https:\/\/i0.wp.com\/historiografija.hr\/wp-content\/uploads\/2025\/12\/filip_lukas_dvoriste_mh.jpg?fit=680%2C1021&ssl=1","jetpack_sharing_enabled":true,"jetpack-related-posts":[],"_links":{"self":[{"href":"https:\/\/historiografija.hr\/index.php?rest_route=\/wp\/v2\/posts\/50354","targetHints":{"allow":["GET"]}}],"collection":[{"href":"https:\/\/historiografija.hr\/index.php?rest_route=\/wp\/v2\/posts"}],"about":[{"href":"https:\/\/historiografija.hr\/index.php?rest_route=\/wp\/v2\/types\/post"}],"author":[{"embeddable":true,"href":"https:\/\/historiografija.hr\/index.php?rest_route=\/wp\/v2\/users\/2"}],"replies":[{"embeddable":true,"href":"https:\/\/historiografija.hr\/index.php?rest_route=%2Fwp%2Fv2%2Fcomments&post=50354"}],"version-history":[{"count":3,"href":"https:\/\/historiografija.hr\/index.php?rest_route=\/wp\/v2\/posts\/50354\/revisions"}],"predecessor-version":[{"id":50358,"href":"https:\/\/historiografija.hr\/index.php?rest_route=\/wp\/v2\/posts\/50354\/revisions\/50358"}],"wp:featuredmedia":[{"embeddable":true,"href":"https:\/\/historiografija.hr\/index.php?rest_route=\/wp\/v2\/media\/50355"}],"wp:attachment":[{"href":"https:\/\/historiografija.hr\/index.php?rest_route=%2Fwp%2Fv2%2Fmedia&parent=50354"}],"wp:term":[{"taxonomy":"category","embeddable":true,"href":"https:\/\/historiografija.hr\/index.php?rest_route=%2Fwp%2Fv2%2Fcategories&post=50354"},{"taxonomy":"post_tag","embeddable":true,"href":"https:\/\/historiografija.hr\/index.php?rest_route=%2Fwp%2Fv2%2Ftags&post=50354"}],"curies":[{"name":"wp","href":"https:\/\/api.w.org\/{rel}","templated":true}]}}