{"id":50346,"date":"2025-12-17T22:29:48","date_gmt":"2025-12-17T22:29:48","guid":{"rendered":"https:\/\/historiografija.hr\/?p=50346"},"modified":"2025-12-17T22:31:01","modified_gmt":"2025-12-17T22:31:01","slug":"zbornik-radova-drustva-i-bolesti-odgovori-na-zdravstvene-krize-u-modernoj-i-suvremenoj-povijesti","status":"publish","type":"post","link":"https:\/\/historiografija.hr\/?p=50346","title":{"rendered":"Zbornik radova \u201cDru\u0161tva i bolesti: odgovori na zdravstvene krize u modernoj i suvremenoj povijesti\u201d"},"content":{"rendered":"\n<p>U nakladi Filozofskog fakulteta u Osijeku objavljen je zbornik radova \u201eDru\u0161tva i bolesti: odgovori na zdravstvene krize u modernoj i suvremenoj povijesti\u201c. Zbornik je uredio Luka Peji\u0107.<\/p>\n\n\n\n<p>Zbornik kroz \u0161esnaest \u010dlanaka obra\u0111uje vi\u0161estruke utjecaje epidemija i pandemija na dru\u0161tvene odnose i politi\u010dke prakse u Hrvatskoj i svijetu u razdoblju od 18. stolje\u0107a do na\u0161eg vremena. Publikacija je rezultat istoimenog jednogodi\u0161njeg projekta te znanstvenog skupa koji je u travnju 2023. godine odr\u017ean na Filozofskom fakultetu u Osijeku. Autorice i autori objavljenih radova navedena pitanja obra\u0111uju iz razli\u010ditih perspektiva, analiziraju\u0107i odabrane probleme u ve\u0107ini slu\u010dajeva kao povjesni\u010dari, ali i kao filozofi, lingvisti i pedagozi. U sredi\u0161tu zanimanja njihovih \u010dlanaka nalaze se slo\u017eene implikacije razli\u010ditih zdravstvenih kriza izazvanih, primjerice, pojavom kuge, epidemijom boginja, \u0161irenjem \u0161panjolske gripe, sifilisa ili koronavirusa.<\/p>\n\n\n\n<p><strong><a href=\"https:\/\/www.ffos.unios.hr\/wp-content\/uploads\/2025\/12\/SADRZAJ-ZBORNIKA.pdf\">Sadr\u017eaj zbornika<\/a><\/strong><\/p>\n\n\n\n<p><strong>Iz recenzija:<\/strong><\/p>\n\n\n\n<p>Promatrati dru\u0161tva i bolesti, posebice kroz zdravstvene krize, nije tematika koja je \u0161iroko zastupljena u hrvatskoj historiografiji te svaki zna\u010dajniji pomak u tom smislu predstavlja itekako va\u017enu odluku istra\u017eiva\u010da te doprinosi raznolikosti historiografskih tuma\u010denja. Ovaj zbornik svakako predstavlja iznimno va\u017ean pomak na pozornici recentnih historiografskih istra\u017eivanja u Hrvatskoj, ali i u vidu interdisciplinarnih istra\u017eivanja sa stanovi\u0161ta povijesti medicine, povijesti znanosti, dru\u0161tvene i intelektualne povijesti. Autorice i autori radova uvr\u0161tenih u ovaj zbornik odabrana pitanja obra\u0111uju iz razli\u010ditih perspektiva, analiziraju\u0107i probleme kao povjesni\u010dari, ali i kao filozofi, pedagozi i lingvisti.<\/p>\n\n\n\n<p>\u017deljko Dugac<\/p>\n\n\n\n<p>Ovaj zbornik valja, dakako, \u010ditati kao zasebno djelo i ocjenjivati ga kao takvo, ali nemogu\u0107e je izbje\u0107i usporedbe sa srodnim djelima, odnosno zbornicima radova posve\u0107enima problematici pandemije koronavirusa. Tijekom i nakon pandemije koronavirusa (2020. \u2013 2023.) u Hrvatskoj je, prema na\u0161im uvidima, pored dvadesetak znanstvenih monografija objavljeno petnaestak znanstvenih zbornika o problematici pandemije, ali nijedna od tih knjiga nije re\u010denu problematiku smjestila u \u0161iri povijesni kontekst i time omogu\u0107ila komparativno sagledavanje i analiziranje pandemije koronavirusa i usporedivih zdravstvenih kriza iz pro\u0161losti kao \u0161to \u010dini ovaj zbornik, pa se on isti\u010de i u tom pogledu.<\/p>\n\n\n\n<p>Hrvoje Juri\u0107<\/p>\n\n\n\n<hr class=\"wp-block-separator has-alpha-channel-opacity\"\/>\n\n\n\n<p>Izvor:<\/p>\n\n\n\n<figure class=\"wp-block-embed is-type-wp-embed is-provider-filozofski-fakultet-osijek wp-block-embed-filozofski-fakultet-osijek\"><div class=\"wp-block-embed__wrapper\">\n<blockquote class=\"wp-embedded-content\" data-secret=\"K5if2zomLA\"><a href=\"https:\/\/www.ffos.unios.hr\/objavljen-zbornik-drustva-i-bolesti-odgovori-na-zdravstvene-krize-u-modernoj-i-suvremenoj-povijesti\/\">Objavljen zbornik &#8220;Dru\u0161tva i bolesti: odgovori na zdravstvene krize u modernoj i suvremenoj povijesti&#8221;<\/a><\/blockquote><iframe loading=\"lazy\" class=\"wp-embedded-content\" sandbox=\"allow-scripts\" security=\"restricted\" style=\"position: absolute; visibility: hidden;\" title=\"&#8220;Objavljen zbornik &#8220;Dru\u0161tva i bolesti: odgovori na zdravstvene krize u modernoj i suvremenoj povijesti&#8221;&#8221; &#8212; Filozofski fakultet Osijek\" src=\"https:\/\/www.ffos.unios.hr\/objavljen-zbornik-drustva-i-bolesti-odgovori-na-zdravstvene-krize-u-modernoj-i-suvremenoj-povijesti\/embed\/#?secret=CAz5Bt3ubL#?secret=K5if2zomLA\" data-secret=\"K5if2zomLA\" width=\"600\" height=\"338\" frameborder=\"0\" marginwidth=\"0\" marginheight=\"0\" scrolling=\"no\"><\/iframe>\n<\/div><\/figure>\n\n\n\n<hr class=\"wp-block-separator has-alpha-channel-opacity\"\/>\n","protected":false},"excerpt":{"rendered":"","protected":false},"author":2,"featured_media":50350,"comment_status":"open","ping_status":"open","sticky":false,"template":"","format":"standard","meta":{"_acf_changed":false,"jetpack_post_was_ever_published":false,"_jetpack_newsletter_access":"","_jetpack_dont_email_post_to_subs":false,"_jetpack_newsletter_tier_id":0,"_jetpack_memberships_contains_paywalled_content":false,"_jetpack_memberships_contains_paid_content":false,"footnotes":"","jetpack_publicize_message":"","jetpack_publicize_feature_enabled":true,"jetpack_social_post_already_shared":true,"jetpack_social_options":{"image_generator_settings":{"template":"highway","default_image_id":0,"font":"","enabled":false},"version":2}},"categories":[8,3],"tags":[],"class_list":["post-50346","post","type-post","status-publish","format-standard","has-post-thumbnail","hentry","category-knjige","category-novosti"],"acf":{"facebook_opis":""},"jetpack_publicize_connections":[],"jetpack_featured_media_url":"https:\/\/i0.wp.com\/historiografija.hr\/wp-content\/uploads\/2025\/12\/dib-naslovna-zbornik.jpg?fit=1019%2C616&ssl=1","jetpack_sharing_enabled":true,"jetpack-related-posts":[],"_links":{"self":[{"href":"https:\/\/historiografija.hr\/index.php?rest_route=\/wp\/v2\/posts\/50346","targetHints":{"allow":["GET"]}}],"collection":[{"href":"https:\/\/historiografija.hr\/index.php?rest_route=\/wp\/v2\/posts"}],"about":[{"href":"https:\/\/historiografija.hr\/index.php?rest_route=\/wp\/v2\/types\/post"}],"author":[{"embeddable":true,"href":"https:\/\/historiografija.hr\/index.php?rest_route=\/wp\/v2\/users\/2"}],"replies":[{"embeddable":true,"href":"https:\/\/historiografija.hr\/index.php?rest_route=%2Fwp%2Fv2%2Fcomments&post=50346"}],"version-history":[{"count":2,"href":"https:\/\/historiografija.hr\/index.php?rest_route=\/wp\/v2\/posts\/50346\/revisions"}],"predecessor-version":[{"id":50349,"href":"https:\/\/historiografija.hr\/index.php?rest_route=\/wp\/v2\/posts\/50346\/revisions\/50349"}],"wp:featuredmedia":[{"embeddable":true,"href":"https:\/\/historiografija.hr\/index.php?rest_route=\/wp\/v2\/media\/50350"}],"wp:attachment":[{"href":"https:\/\/historiografija.hr\/index.php?rest_route=%2Fwp%2Fv2%2Fmedia&parent=50346"}],"wp:term":[{"taxonomy":"category","embeddable":true,"href":"https:\/\/historiografija.hr\/index.php?rest_route=%2Fwp%2Fv2%2Fcategories&post=50346"},{"taxonomy":"post_tag","embeddable":true,"href":"https:\/\/historiografija.hr\/index.php?rest_route=%2Fwp%2Fv2%2Ftags&post=50346"}],"curies":[{"name":"wp","href":"https:\/\/api.w.org\/{rel}","templated":true}]}}