{"id":50342,"date":"2025-12-17T22:25:21","date_gmt":"2025-12-17T22:25:21","guid":{"rendered":"https:\/\/historiografija.hr\/?p=50342"},"modified":"2025-12-17T22:25:59","modified_gmt":"2025-12-17T22:25:59","slug":"10-susret-istrazivacke-grupe-za-proucavanje-18-stoljeca-igos","status":"publish","type":"post","link":"https:\/\/historiografija.hr\/?p=50342","title":{"rendered":"10. susret Istra\u017eiva\u010dke grupe za prou\u010davanje 18. stolje\u0107a (IGOS)"},"content":{"rendered":"\n<p>10. susret Istra\u017eiva\u010dke grupe za prou\u010davanje 18. stolje\u0107a (IGOS) odr\u017ean je u subotu, 13. prosinca 2025. u Vite\u0161koj dvorani Dru\u017ebe \u201eBra\u0107a Hrvatskoga Zmaja\u201c u Zagrebu i mogu\u0107e ga je i naknadno poslu\u0161ati online.<\/p>\n\n\n\n<hr class=\"wp-block-separator has-alpha-channel-opacity\"\/>\n\n\n\n<p><strong>Istra\u017eiva\u010dka grupa za prou\u010davanje 18. stolje\u0107a<\/strong><\/p>\n\n\n\n<p>Nakon malo dulje pauze uzrokovane brojnim drugim obvezama vezano za rad na\u0161e grupe, pozivamo vas na deseti susret IGOS-a koji \u0107e se odr\u017eati u subotu 13. prosinca 2025. u 10:00h u Vite\u0161koj dvorani Dru\u017ebe &#8220;Bra\u0107a Hrvatskoga Zmaja&#8221;, Kamenita vrata 3, Zagreb. Susret \u0107e se prenositi u\u017eivo putem Youtube kanala Hrvatskog instituta za povijest (<a href=\"https:\/\/www.youtube.com\/@HIPZagreb\/streams?fbclid=IwZXh0bgNhZW0CMTAAYnJpZBExYzhJN250OVpXRHBhZ285SnNydGMGYXBwX2lkEDIyMjAzOTE3ODgyMDA4OTIAAR5cUjK21cJRa0BAoRdIyxCYk35skGQjkXS8uIHQRDdnrfhXh7_YPolLs1NF2w_aem_68_TLee01TU0P68c9lTNvQ\" target=\"_blank\" rel=\"noreferrer noopener\">https:\/\/www.youtube.com\/@HIPZagreb\/streams<\/a>).<\/p>\n\n\n\n<p>Na samom po\u010detku dr. sc. Filip Hren, kao njegov voditelj, predstavit \u0107e istra\u017eiva\u010dki znanstveni projekt &#8220;Od obrambenog bedema do vojnog rezervoara: evolucija kraji\u0161nika kao vojnika od 16. do 18. stolje\u0107a&#8221; (preliminarno istra\u017eivanje) koji se odvija pri Hrvatskom katoli\u010dkom sveu\u010dili\u0161tu.<\/p>\n\n\n\n<p>Potom slijedi izlaganje naslova &#8220;Mapiranje dru\u0161tvenog prizori\u0161ta ranomodernog Vara\u017edina&#8221; kojom \u0107e dr. sc. Tihana Ku\u0161ter kroz svoje istra\u017eivanje predstaviti inovativne metode digitalne humanistike.<\/p>\n\n\n\n<p>Susret \u0107emo zaklju\u010diti izlaganjem Ivane Jela\u010da pod naslovom &#8220;Izme\u0111u javnog i privatnog: \u017eenski kreativni svjetovi u salonima 18. stolje\u0107a&#8221; u kojem \u0107e izlaga\u010dica, uz ulogu \u017eena u dru\u0161tvenom \u017eivotu 18. stolje\u0107a, u\u017eivo klavirskim izvedbama do\u010darati onovremeni salonski svijet.<\/p>\n\n\n\n<hr class=\"wp-block-separator has-alpha-channel-opacity\"\/>\n\n\n\n<p>Op\u0161irnije:<\/p>\n\n\n\n<p><a href=\"https:\/\/www.facebook.com\/igos18\">https:\/\/www.facebook.com\/igos18<\/a><\/p>\n\n\n\n<p><a href=\"https:\/\/www.unicath.hr\/novosti\/dr-sc-hren-predstavio-rezultate-projekta-od-obrambenog-bedema-do-vojnog-rezervoara\">https:\/\/www.unicath.hr\/novosti\/dr-sc-hren-predstavio-rezultate-projekta-od-obrambenog-bedema-do-vojnog-rezervoara<\/a><\/p>\n\n\n\n<hr class=\"wp-block-separator has-alpha-channel-opacity\"\/>\n","protected":false},"excerpt":{"rendered":"","protected":false},"author":2,"featured_media":50343,"comment_status":"open","ping_status":"open","sticky":false,"template":"","format":"standard","meta":{"_acf_changed":false,"jetpack_post_was_ever_published":false,"_jetpack_newsletter_access":"","_jetpack_dont_email_post_to_subs":false,"_jetpack_newsletter_tier_id":0,"_jetpack_memberships_contains_paywalled_content":false,"_jetpack_memberships_contains_paid_content":false,"footnotes":"","jetpack_publicize_message":"","jetpack_publicize_feature_enabled":true,"jetpack_social_post_already_shared":true,"jetpack_social_options":{"image_generator_settings":{"template":"highway","default_image_id":0,"font":"","enabled":false},"version":2}},"categories":[3],"tags":[],"class_list":["post-50342","post","type-post","status-publish","format-standard","has-post-thumbnail","hentry","category-novosti"],"acf":{"facebook_opis":""},"jetpack_publicize_connections":[],"jetpack_featured_media_url":"https:\/\/i0.wp.com\/historiografija.hr\/wp-content\/uploads\/2025\/12\/10_IGOS.jpg?fit=1640%2C924&ssl=1","jetpack_sharing_enabled":true,"jetpack-related-posts":[],"_links":{"self":[{"href":"https:\/\/historiografija.hr\/index.php?rest_route=\/wp\/v2\/posts\/50342","targetHints":{"allow":["GET"]}}],"collection":[{"href":"https:\/\/historiografija.hr\/index.php?rest_route=\/wp\/v2\/posts"}],"about":[{"href":"https:\/\/historiografija.hr\/index.php?rest_route=\/wp\/v2\/types\/post"}],"author":[{"embeddable":true,"href":"https:\/\/historiografija.hr\/index.php?rest_route=\/wp\/v2\/users\/2"}],"replies":[{"embeddable":true,"href":"https:\/\/historiografija.hr\/index.php?rest_route=%2Fwp%2Fv2%2Fcomments&post=50342"}],"version-history":[{"count":2,"href":"https:\/\/historiografija.hr\/index.php?rest_route=\/wp\/v2\/posts\/50342\/revisions"}],"predecessor-version":[{"id":50345,"href":"https:\/\/historiografija.hr\/index.php?rest_route=\/wp\/v2\/posts\/50342\/revisions\/50345"}],"wp:featuredmedia":[{"embeddable":true,"href":"https:\/\/historiografija.hr\/index.php?rest_route=\/wp\/v2\/media\/50343"}],"wp:attachment":[{"href":"https:\/\/historiografija.hr\/index.php?rest_route=%2Fwp%2Fv2%2Fmedia&parent=50342"}],"wp:term":[{"taxonomy":"category","embeddable":true,"href":"https:\/\/historiografija.hr\/index.php?rest_route=%2Fwp%2Fv2%2Fcategories&post=50342"},{"taxonomy":"post_tag","embeddable":true,"href":"https:\/\/historiografija.hr\/index.php?rest_route=%2Fwp%2Fv2%2Ftags&post=50342"}],"curies":[{"name":"wp","href":"https:\/\/api.w.org\/{rel}","templated":true}]}}