{"id":50339,"date":"2025-12-17T22:16:05","date_gmt":"2025-12-17T22:16:05","guid":{"rendered":"https:\/\/historiografija.hr\/?p=50339"},"modified":"2025-12-17T22:16:05","modified_gmt":"2025-12-17T22:16:05","slug":"prezentacija-hrvatski-povijesni-muzej-na-izlozbi-kraljevstva-u-susret-stalnom-postavu-hrvatskog-povijesnog-muzeja-u-zagrebu","status":"publish","type":"post","link":"https:\/\/historiografija.hr\/?p=50339","title":{"rendered":"Prezentacija: \u201cHrvatski povijesni muzej na izlo\u017ebi Kraljevstva \/ U susret stalnom postavu Hrvatskog povijesnog muzeja u Zagrebu\u201d"},"content":{"rendered":"\n<p>Predavanja i vodstva uz izlo\u017ebu \u201cU po\u010detku bija\u0161e Kraljevstvo \u2013 1100 godina Hrvatskoga kraljevstva\u201d<\/p>\n\n\n\n<p>Galerija Klovi\u0107evi dvori, 18. prosinca 2025. u 18 sati.<\/p>\n\n\n\n<hr class=\"wp-block-separator has-alpha-channel-opacity\"\/>\n\n\n\n<p>Hrvatski povijesni muzej najavljuje predavanje posve\u0107eno radu na koncepciji prvoga stalnog postava s posebnim osvrtom na sudjelovanje Hrvatskoga povijesnog muzeja na izlo\u017ebi \u201eU po\u010detku bija\u0161e Kraljevstvo\u201c koje je istodobno poslu\u017eilo kao va\u017eno iskustvo i provjera koncepcijskih polazi\u0161ta budu\u0107ega stalnog postava.<\/p>\n\n\n\n<p>Prezentaciju \u0107e odr\u017eati Tomislav \u010cankovi\u0107 i Nikolina \u0160imunovi\u0107, kustosi Hrvatskoga povijesnog muzeja.<\/p>\n\n\n\n<hr class=\"wp-block-separator has-alpha-channel-opacity\"\/>\n\n\n\n<p>Izvor:<\/p>\n\n\n\n<figure class=\"wp-block-embed is-type-wp-embed is-provider-galerija-klovi-evi-dvori wp-block-embed-galerija-klovi-evi-dvori\"><div class=\"wp-block-embed__wrapper\">\n<blockquote class=\"wp-embedded-content\" data-secret=\"dHzZXN9Qm5\"><a href=\"https:\/\/gkd.hr\/2025\/12\/16\/prezentacija-hrvatski-povijesni-muzej-na-izlozbi-kraljevstva-u-susret-stalnom-postavu-hrvatskog-povijesnog-muzeja-u-zagrebu\/\">Prezentacija: &#8220;Hrvatski povijesni muzej na izlo\u017ebi Kraljevstva \/ U susret stalnom postavu Hrvatskog povijesnog muzeja u Zagrebu&#8221;<\/a><\/blockquote><iframe loading=\"lazy\" class=\"wp-embedded-content\" sandbox=\"allow-scripts\" security=\"restricted\" style=\"position: absolute; visibility: hidden;\" title=\"&#8220;Prezentacija: &#8220;Hrvatski povijesni muzej na izlo\u017ebi Kraljevstva \/ U susret stalnom postavu Hrvatskog povijesnog muzeja u Zagrebu&#8221;&#8221; &#8212; Galerija Klovi\u0107evi dvori\" src=\"https:\/\/gkd.hr\/2025\/12\/16\/prezentacija-hrvatski-povijesni-muzej-na-izlozbi-kraljevstva-u-susret-stalnom-postavu-hrvatskog-povijesnog-muzeja-u-zagrebu\/embed\/#?secret=6PavpkdMfm#?secret=dHzZXN9Qm5\" data-secret=\"dHzZXN9Qm5\" width=\"600\" height=\"338\" frameborder=\"0\" marginwidth=\"0\" marginheight=\"0\" scrolling=\"no\"><\/iframe>\n<\/div><\/figure>\n\n\n\n<hr class=\"wp-block-separator has-alpha-channel-opacity\"\/>\n\n\n\n<figure class=\"wp-block-embed is-type-wp-embed is-provider-historiografija-hr wp-block-embed-historiografija-hr\"><div class=\"wp-block-embed__wrapper\">\n<blockquote class=\"wp-embedded-content\" data-secret=\"IndsHWzSHa\"><a href=\"https:\/\/historiografija.hr\/?p=49612\">Predavanja i vodstva uz izlo\u017ebu \u201cU po\u010detku bija\u0161e Kraljevstvo \u2013 1100 godina Hrvatskoga kraljevstva\u201d<\/a><\/blockquote><iframe loading=\"lazy\" class=\"wp-embedded-content\" sandbox=\"allow-scripts\" security=\"restricted\" style=\"position: absolute; visibility: hidden;\" title=\"&#8220;Predavanja i vodstva uz izlo\u017ebu \u201cU po\u010detku bija\u0161e Kraljevstvo \u2013 1100 godina Hrvatskoga kraljevstva\u201d&#8221; &#8212; Historiografija.hr\" src=\"https:\/\/historiografija.hr\/?p=49612&#038;embed=true#?secret=t7TdPopovN#?secret=IndsHWzSHa\" data-secret=\"IndsHWzSHa\" width=\"600\" height=\"338\" frameborder=\"0\" marginwidth=\"0\" marginheight=\"0\" scrolling=\"no\"><\/iframe>\n<\/div><\/figure>\n\n\n\n<hr class=\"wp-block-separator has-alpha-channel-opacity\"\/>\n","protected":false},"excerpt":{"rendered":"","protected":false},"author":2,"featured_media":50340,"comment_status":"open","ping_status":"open","sticky":false,"template":"","format":"standard","meta":{"_acf_changed":false,"jetpack_post_was_ever_published":false,"_jetpack_newsletter_access":"","_jetpack_dont_email_post_to_subs":false,"_jetpack_newsletter_tier_id":0,"_jetpack_memberships_contains_paywalled_content":false,"_jetpack_memberships_contains_paid_content":false,"footnotes":"","jetpack_publicize_message":"","jetpack_publicize_feature_enabled":true,"jetpack_social_post_already_shared":true,"jetpack_social_options":{"image_generator_settings":{"template":"highway","default_image_id":0,"font":"","enabled":false},"version":2}},"categories":[3],"tags":[],"class_list":["post-50339","post","type-post","status-publish","format-standard","has-post-thumbnail","hentry","category-novosti"],"acf":{"facebook_opis":""},"jetpack_publicize_connections":[],"jetpack_featured_media_url":"https:\/\/i0.wp.com\/historiografija.hr\/wp-content\/uploads\/2025\/12\/Hrvatski-povijesni-muzej-na-izlozbi.webp?fit=1400%2C1536&ssl=1","jetpack_sharing_enabled":true,"jetpack-related-posts":[],"_links":{"self":[{"href":"https:\/\/historiografija.hr\/index.php?rest_route=\/wp\/v2\/posts\/50339","targetHints":{"allow":["GET"]}}],"collection":[{"href":"https:\/\/historiografija.hr\/index.php?rest_route=\/wp\/v2\/posts"}],"about":[{"href":"https:\/\/historiografija.hr\/index.php?rest_route=\/wp\/v2\/types\/post"}],"author":[{"embeddable":true,"href":"https:\/\/historiografija.hr\/index.php?rest_route=\/wp\/v2\/users\/2"}],"replies":[{"embeddable":true,"href":"https:\/\/historiografija.hr\/index.php?rest_route=%2Fwp%2Fv2%2Fcomments&post=50339"}],"version-history":[{"count":1,"href":"https:\/\/historiografija.hr\/index.php?rest_route=\/wp\/v2\/posts\/50339\/revisions"}],"predecessor-version":[{"id":50341,"href":"https:\/\/historiografija.hr\/index.php?rest_route=\/wp\/v2\/posts\/50339\/revisions\/50341"}],"wp:featuredmedia":[{"embeddable":true,"href":"https:\/\/historiografija.hr\/index.php?rest_route=\/wp\/v2\/media\/50340"}],"wp:attachment":[{"href":"https:\/\/historiografija.hr\/index.php?rest_route=%2Fwp%2Fv2%2Fmedia&parent=50339"}],"wp:term":[{"taxonomy":"category","embeddable":true,"href":"https:\/\/historiografija.hr\/index.php?rest_route=%2Fwp%2Fv2%2Fcategories&post=50339"},{"taxonomy":"post_tag","embeddable":true,"href":"https:\/\/historiografija.hr\/index.php?rest_route=%2Fwp%2Fv2%2Ftags&post=50339"}],"curies":[{"name":"wp","href":"https:\/\/api.w.org\/{rel}","templated":true}]}}