{"id":50336,"date":"2025-12-17T22:05:27","date_gmt":"2025-12-17T22:05:27","guid":{"rendered":"https:\/\/historiografija.hr\/?p=50336"},"modified":"2025-12-17T22:05:27","modified_gmt":"2025-12-17T22:05:27","slug":"odrzan-dan-predavanja-o-ocuvanju-zidovskih-groblja","status":"publish","type":"post","link":"https:\/\/historiografija.hr\/?p=50336","title":{"rendered":"Odr\u017ean dan predavanja o o\u010duvanju \u017eidovskih groblja"},"content":{"rendered":"\n<p><a href=\"https:\/\/www.facebook.com\/esjff\/\">ESJF<\/a> je u suradnji s Centrom za \u017eidovske studije i istra\u017eivanja Holokausta Sveu\u010dili\u0161ta u Zagrebu i Centrom za \u017eidovsku umjetnost Hebrejskog sveu\u010dili\u0161ta u Jeruzalemu 11. prosinca 2025. odr\u017eao dan predavanja o o\u010duvanju \u017eidovskih groblja.<\/p>\n\n\n\n<p>Na otvaranju doga\u0111aja, sudionike su pozdravili Opher Dach, zamjenik veleposlanika Dr\u017eave Izrael &nbsp;u Hrvatskoj; Domagoj Ton\u010dini\u0107, dekan Filozofskog fakulteta; i profesor Hrvoje Gra\u010danin, voditelj Centra za \u017eidovske studije.<\/p>\n\n\n\n<p>Tijekom programa, sudionici su istra\u017eivali urbani i ruralni kontekst \u017eidovskih groblja u Hrvatskoj i stekli bitne vje\u0161tine za pregled \u017eidovskih groblja i \u010ditanje hebrejskih natpisa. Tako\u0111er su upoznati sa \u0161irom mre\u017eom \u017eidovskih groblja u Hrvatskoj i \u0161ire. Predavanja su odr\u017eali Anita Fiket, Alexandra Fishel i dr. Vladimir Levin.<\/p>\n\n\n\n<p>Hrvatska je jedno od klju\u010dnih podru\u010dja fokusa za ESJF. Prije nekoliko godina provedeno je istra\u017eivanje svih poznatih \u017eidovskih groblja u Hrvatskoj, dokumentiraju\u0107i 84 lokacije. Od tada je ogra\u0111eno sedam ugro\u017eenih groblja.<\/p>\n\n\n\n<p>Ovaj doga\u0111aj, kao i ogra\u0111ivanje svih \u017eidovskih groblja u Hrvatskoj, omogu\u0107en je uz podr\u0161ku Ausw\u00e4rtiges Amt (njema\u010dkog Saveznog ministarstva vanjskih poslova).<\/p>\n\n\n\n<hr class=\"wp-block-separator has-alpha-channel-opacity\"\/>\n\n\n\n<p>A lecture day on the preservation of Jewish cemeteries was held by the ESJF in cooperation with the Chair for Jewish and Holocaust Studies at the University of Zagreb and the Center for Jewish Art at the Hebrew University of Jerusalem, on December 11, 2025.<\/p>\n\n\n\n<p>At the opening of the event, participants were greeted by Opher Dach, Deputy Head of Mission (Embassy of the State of Israel to Croatia, Izrael u Hrvatskoj); Domagoj Ton\u010dini\u0107, Dean of the Faculty of Humanities and Social Sciences; and Professor Hrvoje Gra\u010danin.<\/p>\n\n\n\n<p>Throughout the programme, participants explored the urban and rural context of Jewish cemeteries in Croatia and gained essential skills for surveying Jewish burial sites and reading Hebrew inscriptions. They were also introduced to the wider network of Jewish graveyards in Croatia and beyond. The lectures were delivered by Anita Fiket, Alexandra Fishel, and Dr. Vladimir Levin.<\/p>\n\n\n\n<p>Croatia is one of the key focus areas for ESJF. A few years ago, we conducted a full survey of all known Jewish cemeteries in the country, documenting 84 sites. Since then, we have fenced seven of them, and our work continues.<\/p>\n\n\n\n<p>This event, as well as the fencing of all Jewish cemeteries in Croatia, was made possible with the support of the Ausw\u00e4rtiges Amt (German Federal Foreign Office).<\/p>\n\n\n\n<hr class=\"wp-block-separator has-alpha-channel-opacity\"\/>\n\n\n\n<p>Izvor:<\/p>\n\n\n\n<figure class=\"wp-block-embed is-type-wp-embed is-provider-filozofski-fakultet-sveu-ili-ta-u-zagrebu wp-block-embed-filozofski-fakultet-sveu-ili-ta-u-zagrebu\"><div class=\"wp-block-embed__wrapper\">\n<blockquote class=\"wp-embedded-content\" data-secret=\"KKP2YIN5fV\"><a href=\"https:\/\/web2020.ffzg.unizg.hr\/blog\/2025\/12\/16\/odrzao-dan-predavanja-o-ocuvanju-zidovskih-groblja\/\">Odr\u017eao dan predavanja o o\u010duvanju \u017eidovskih groblja<\/a><\/blockquote><iframe loading=\"lazy\" class=\"wp-embedded-content\" sandbox=\"allow-scripts\" security=\"restricted\" style=\"position: absolute; visibility: hidden;\" title=\"&#8220;Odr\u017eao dan predavanja o o\u010duvanju \u017eidovskih groblja&#8221; &#8212; Filozofski fakultet Sveu\u010dili\u0161ta u Zagrebu\" src=\"https:\/\/web2020.ffzg.unizg.hr\/blog\/2025\/12\/16\/odrzao-dan-predavanja-o-ocuvanju-zidovskih-groblja\/embed\/#?secret=KKP2YIN5fV\" data-secret=\"KKP2YIN5fV\" width=\"600\" height=\"338\" frameborder=\"0\" marginwidth=\"0\" marginheight=\"0\" scrolling=\"no\"><\/iframe>\n<\/div><\/figure>\n\n\n\n<hr class=\"wp-block-separator has-alpha-channel-opacity\"\/>\n","protected":false},"excerpt":{"rendered":"","protected":false},"author":2,"featured_media":50337,"comment_status":"open","ping_status":"open","sticky":false,"template":"","format":"standard","meta":{"_acf_changed":false,"jetpack_post_was_ever_published":false,"_jetpack_newsletter_access":"","_jetpack_dont_email_post_to_subs":false,"_jetpack_newsletter_tier_id":0,"_jetpack_memberships_contains_paywalled_content":false,"_jetpack_memberships_contains_paid_content":false,"footnotes":"","jetpack_publicize_message":"","jetpack_publicize_feature_enabled":true,"jetpack_social_post_already_shared":true,"jetpack_social_options":{"image_generator_settings":{"template":"highway","default_image_id":0,"font":"","enabled":false},"version":2}},"categories":[3],"tags":[],"class_list":["post-50336","post","type-post","status-publish","format-standard","has-post-thumbnail","hentry","category-novosti"],"acf":{"facebook_opis":""},"jetpack_publicize_connections":[],"jetpack_featured_media_url":"https:\/\/i0.wp.com\/historiografija.hr\/wp-content\/uploads\/2025\/12\/Dan-slike.jpg?fit=1600%2C1200&ssl=1","jetpack_sharing_enabled":true,"jetpack-related-posts":[],"_links":{"self":[{"href":"https:\/\/historiografija.hr\/index.php?rest_route=\/wp\/v2\/posts\/50336","targetHints":{"allow":["GET"]}}],"collection":[{"href":"https:\/\/historiografija.hr\/index.php?rest_route=\/wp\/v2\/posts"}],"about":[{"href":"https:\/\/historiografija.hr\/index.php?rest_route=\/wp\/v2\/types\/post"}],"author":[{"embeddable":true,"href":"https:\/\/historiografija.hr\/index.php?rest_route=\/wp\/v2\/users\/2"}],"replies":[{"embeddable":true,"href":"https:\/\/historiografija.hr\/index.php?rest_route=%2Fwp%2Fv2%2Fcomments&post=50336"}],"version-history":[{"count":1,"href":"https:\/\/historiografija.hr\/index.php?rest_route=\/wp\/v2\/posts\/50336\/revisions"}],"predecessor-version":[{"id":50338,"href":"https:\/\/historiografija.hr\/index.php?rest_route=\/wp\/v2\/posts\/50336\/revisions\/50338"}],"wp:featuredmedia":[{"embeddable":true,"href":"https:\/\/historiografija.hr\/index.php?rest_route=\/wp\/v2\/media\/50337"}],"wp:attachment":[{"href":"https:\/\/historiografija.hr\/index.php?rest_route=%2Fwp%2Fv2%2Fmedia&parent=50336"}],"wp:term":[{"taxonomy":"category","embeddable":true,"href":"https:\/\/historiografija.hr\/index.php?rest_route=%2Fwp%2Fv2%2Fcategories&post=50336"},{"taxonomy":"post_tag","embeddable":true,"href":"https:\/\/historiografija.hr\/index.php?rest_route=%2Fwp%2Fv2%2Ftags&post=50336"}],"curies":[{"name":"wp","href":"https:\/\/api.w.org\/{rel}","templated":true}]}}