{"id":50333,"date":"2025-12-17T00:02:13","date_gmt":"2025-12-17T00:02:13","guid":{"rendered":"https:\/\/historiografija.hr\/?p=50333"},"modified":"2025-12-17T00:02:13","modified_gmt":"2025-12-17T00:02:13","slug":"primo-levi-auschwitz-testimonies-1945-1986","status":"publish","type":"post","link":"https:\/\/historiografija.hr\/?p=50333","title":{"rendered":"Primo Levi, \u201eAuschwitz Testimonies: 1945-1986\u201c"},"content":{"rendered":"\n<p>Sve zainteresirane koji su pod dojmom iznimnih knjiga Prima Levija \u201eZar je to \u010dovjek\u201c i \u201eUtopljenici i spa\u0161eni\u201c te mo\u017eda razmi\u0161ljaju \u0161to jo\u0161 \u010ditati ili prevesti od tog izuzetnog autora upu\u0107ujemo na jo\u0161 jednu knjigu njegovih svjedo\u010denja, zapisa, pisama i govora nastalih povodom istra\u017eivanja, su\u0111enja, komemoriranja i razumijevanja Auschwitza.<\/p>\n\n\n\n<hr class=\"wp-block-separator has-alpha-channel-opacity\"\/>\n\n\n\n<p>Primo Levi<\/p>\n\n\n\n<p><strong>Cos\u00ec fu Auschwitz. Testimonianze 1945-1986<\/strong><\/p>\n\n\n\n<p>Con Leonardo De Benedetti<\/p>\n\n\n\n<figure class=\"wp-block-embed is-type-wp-embed is-provider-einaudi wp-block-embed-einaudi\"><div class=\"wp-block-embed__wrapper\">\n<blockquote class=\"wp-embedded-content\" data-secret=\"26MMwbgGsi\"><a href=\"https:\/\/www.einaudi.it\/catalogo-libri\/storia\/storia-moderna\/cosi-fu-auschwitz-primo-levi-9788806224974\/\">Cos\u00ec fu Auschwitz<\/a><\/blockquote><iframe loading=\"lazy\" class=\"wp-embedded-content\" sandbox=\"allow-scripts\" security=\"restricted\" style=\"position: absolute; visibility: hidden;\" title=\"&#8220;Cos\u00ec fu Auschwitz&#8221; &#8212; Einaudi\" src=\"https:\/\/www.einaudi.it\/catalogo-libri\/storia\/storia-moderna\/cosi-fu-auschwitz-primo-levi-9788806224974\/embed\/#?secret=26MMwbgGsi\" data-secret=\"26MMwbgGsi\" width=\"600\" height=\"338\" frameborder=\"0\" marginwidth=\"0\" marginheight=\"0\" scrolling=\"no\"><\/iframe>\n<\/div><\/figure>\n\n\n\n<hr class=\"wp-block-separator has-alpha-channel-opacity\"\/>\n\n\n\n<p>Primo Levi<\/p>\n\n\n\n<p><strong>So war Auschwitz<\/strong><\/p>\n\n\n\n<p><strong>Zeugnisse 1945-1986.<\/strong> Mit Leonardo De Benedetti<\/p>\n\n\n\n<p>\u00dcbersetzt aus dem Italienischen von Barbara Kleiner<\/p>\n\n\n\n<p><a href=\"https:\/\/www.hanser-literaturverlage.de\/buch\/primo-levi-so-war-auschwitz-9783446254497-t-2274\">https:\/\/www.hanser-literaturverlage.de\/buch\/primo-levi-so-war-auschwitz-9783446254497-t-2274<\/a><\/p>\n\n\n\n<hr class=\"wp-block-separator has-alpha-channel-opacity\"\/>\n\n\n\n<p>Primo Levi<\/p>\n\n\n\n<p><strong>Auschwitz Testimonies 1945-1986<\/strong><\/p>\n\n\n\n<p>With Leonardo De Benedetti<\/p>\n\n\n\n<p>Edited by Fabio Levi, Domenico Scarpa<\/p>\n\n\n\n<p>Translated by Judith Woolf<\/p>\n\n\n\n<p><a href=\"https:\/\/www.politybooks.com\/bookdetail?book_slug=auschwitz-testimonies-1945-1986--9781509513369\">https:\/\/www.politybooks.com\/bookdetail?book_slug=auschwitz-testimonies-1945-1986&#8211;9781509513369<\/a><\/p>\n\n\n\n<hr class=\"wp-block-separator has-alpha-channel-opacity\"\/>\n","protected":false},"excerpt":{"rendered":"","protected":false},"author":2,"featured_media":50334,"comment_status":"open","ping_status":"open","sticky":false,"template":"","format":"standard","meta":{"_acf_changed":false,"jetpack_post_was_ever_published":false,"_jetpack_newsletter_access":"","_jetpack_dont_email_post_to_subs":false,"_jetpack_newsletter_tier_id":0,"_jetpack_memberships_contains_paywalled_content":false,"_jetpack_memberships_contains_paid_content":false,"footnotes":"","jetpack_publicize_message":"","jetpack_publicize_feature_enabled":true,"jetpack_social_post_already_shared":true,"jetpack_social_options":{"image_generator_settings":{"template":"highway","default_image_id":0,"font":"","enabled":false},"version":2}},"categories":[8,3],"tags":[],"class_list":["post-50333","post","type-post","status-publish","format-standard","has-post-thumbnail","hentry","category-knjige","category-novosti"],"acf":{"facebook_opis":""},"jetpack_publicize_connections":[],"jetpack_featured_media_url":"https:\/\/i0.wp.com\/historiografija.hr\/wp-content\/uploads\/2025\/12\/Levi.webp?fit=600%2C980&ssl=1","jetpack_sharing_enabled":true,"jetpack-related-posts":[],"_links":{"self":[{"href":"https:\/\/historiografija.hr\/index.php?rest_route=\/wp\/v2\/posts\/50333","targetHints":{"allow":["GET"]}}],"collection":[{"href":"https:\/\/historiografija.hr\/index.php?rest_route=\/wp\/v2\/posts"}],"about":[{"href":"https:\/\/historiografija.hr\/index.php?rest_route=\/wp\/v2\/types\/post"}],"author":[{"embeddable":true,"href":"https:\/\/historiografija.hr\/index.php?rest_route=\/wp\/v2\/users\/2"}],"replies":[{"embeddable":true,"href":"https:\/\/historiografija.hr\/index.php?rest_route=%2Fwp%2Fv2%2Fcomments&post=50333"}],"version-history":[{"count":1,"href":"https:\/\/historiografija.hr\/index.php?rest_route=\/wp\/v2\/posts\/50333\/revisions"}],"predecessor-version":[{"id":50335,"href":"https:\/\/historiografija.hr\/index.php?rest_route=\/wp\/v2\/posts\/50333\/revisions\/50335"}],"wp:featuredmedia":[{"embeddable":true,"href":"https:\/\/historiografija.hr\/index.php?rest_route=\/wp\/v2\/media\/50334"}],"wp:attachment":[{"href":"https:\/\/historiografija.hr\/index.php?rest_route=%2Fwp%2Fv2%2Fmedia&parent=50333"}],"wp:term":[{"taxonomy":"category","embeddable":true,"href":"https:\/\/historiografija.hr\/index.php?rest_route=%2Fwp%2Fv2%2Fcategories&post=50333"},{"taxonomy":"post_tag","embeddable":true,"href":"https:\/\/historiografija.hr\/index.php?rest_route=%2Fwp%2Fv2%2Ftags&post=50333"}],"curies":[{"name":"wp","href":"https:\/\/api.w.org\/{rel}","templated":true}]}}