{"id":50328,"date":"2025-12-16T23:18:15","date_gmt":"2025-12-16T23:18:15","guid":{"rendered":"https:\/\/historiografija.hr\/?p=50328"},"modified":"2025-12-16T23:18:15","modified_gmt":"2025-12-16T23:18:15","slug":"osnovano-drustvo-istrazivaca-proslosti-s-postjugoslavenskog-prostora","status":"publish","type":"post","link":"https:\/\/historiografija.hr\/?p=50328","title":{"rendered":"Osnovano Dru\u0161tvo istra\u017eiva\u010da pro\u0161losti s postjugoslavenskog prostora"},"content":{"rendered":"\n<p>Na Osniva\u010dkoj skup\u0161tini odr\u017eanoj u Sarajevu 25. studenog 2025. godine osnovano je Dru\u0161tvo istra\u017eiva\u010da pro\u0161losti s postjugoslavenskog prostora kao dobrovoljna, nevladina, nestrana\u010dka i neprofitna organizacija. Sjedi\u0161te Dru\u0161tva je u Beogradu. Osnovni ciljevi Dru\u0161tva su: me\u0111usobno upoznavanje i akademsko povezivanje istra\u017eiva\u010da pro\u0161losti s postjugoslavenskog prostora; stvaranje uvjeta za njihovu kontinuiranu suradnju; razmjena njihovih znanstvenih rezultata; razmjena mi\u0161ljenja, stavova, ideja; olak\u0161anje i unapre\u0111enje uvjeta za njihov istra\u017eiva\u010dki proces; promocija dru\u0161tveno-humanisti\u010dkih znanosti i znanosti uop\u0107e; poticanje i promoviranje multidisciplinarnosti; provo\u0111enje zajedni\u010dkih projekata, objavljivanje publikacija nastalih zajedni\u010dkim radom istra\u017eiva\u010da pro\u0161losti s postjugoslavenskog prostora itd.<\/p>\n\n\n\n<p>Upravni i Nadzorni odbor Dru\u0161tva \u010dine sljede\u0107i istra\u017eiva\u010di s postjugoslavenskog prostora: Nikola Koneski (Beograd) &#8211; predsjednik, Ajdin Muhedinovi\u0107 (Sarajevo), Kaja Mujdrica (Maribor), Aleksandar Andonov (Skoplje), Valentina Kezi\u0107 (Osijek), Vuka\u0161in Mari\u0107 (Novi Sad), Oliver Peji\u0107 (Ljubljana), Tomislav Bran\u0111olica (Zagreb), Ognjen Tomi\u0107 (Beograd), Amer Maslo (Sarajevo), Sava \u0110ur\u0111evi\u0107 (Leposavi\u0107) i Nemanja Mitrovi\u0107 (Beograd). Svi \u010dlanovi Dru\u0161tva \u010dine Skup\u0161tinu Dru\u0161tva. Svi \u010dlanovi Dru\u0161tva mogu i po\u017eeljno je da sudjeluju u osmi\u0161ljavanju i realiziranju aktivnosti Dru\u0161tva.<\/p>\n\n\n\n<p>\u010clan Dru\u0161tva mo\u017ee biti svaki istra\u017eiva\u010d pro\u0161losti s postjugoslavenskog prostora koji prihva\u0107a Statut, ciljeve i principe Dru\u0161tva. Pod \u201eistra\u017eiva\u010dima pro\u0161losti s postjugoslavenskog prostora\u201c podrazumijevaju se doktorandi koji prou\u010davaju pro\u0161lost i koji studiraju na fakultetima na prostoru biv\u0161ih jugoslavenskih republika, a koji u svojoj bibliografiji imaju minimum jedan objavljen znanstveni rad u podru\u010dju prou\u010davanja pro\u0161losti; istra\u017eiva\u010di koji \u017eive ili rade na prostoru biv\u0161ih jugoslavenskih republika (kao i oni koji su ro\u0111eni ili su se \u0161kolovali na prostoru biv\u0161ih jugoslavenskih republika), a koji u svojoj bibliografiji imaju minimalno jedan objavljen znanstveni rad u podru\u010dju prou\u010davanja pro\u0161losti.<\/p>\n\n\n\n<p>Informacije o na\u010dinu pristupanja u \u010dlanstvo Dru\u0161tva mo\u017eete dobiti putem e-maila: <a href=\"mailto:drustvoistrazivacaproslosti@gmail.com\">drustvoistrazivacaproslosti@gmail.com<\/a>.<\/p>\n\n\n\n<hr class=\"wp-block-separator has-alpha-channel-opacity\"\/>\n\n\n\n<p>Obavijest je objavljena i na portalu <strong>Historiografija.ba<\/strong>:<\/p>\n\n\n\n<p><a href=\"https:\/\/historiografija.ba\/historija-u-javnosti\/dogadjaji\/osnovano-drustvo-istrazivaca-proslosti-sa-postjugoslavenskog-prostora\">https:\/\/historiografija.ba\/historija-u-javnosti\/dogadjaji\/osnovano-drustvo-istrazivaca-proslosti-sa-postjugoslavenskog-prostora<\/a><\/p>\n\n\n\n<hr class=\"wp-block-separator has-alpha-channel-opacity\"\/>\n","protected":false},"excerpt":{"rendered":"","protected":false},"author":2,"featured_media":50329,"comment_status":"open","ping_status":"open","sticky":false,"template":"","format":"standard","meta":{"_acf_changed":false,"jetpack_post_was_ever_published":false,"_jetpack_newsletter_access":"","_jetpack_dont_email_post_to_subs":false,"_jetpack_newsletter_tier_id":0,"_jetpack_memberships_contains_paywalled_content":false,"_jetpack_memberships_contains_paid_content":false,"footnotes":"","jetpack_publicize_message":"","jetpack_publicize_feature_enabled":true,"jetpack_social_post_already_shared":true,"jetpack_social_options":{"image_generator_settings":{"template":"highway","default_image_id":0,"font":"","enabled":false},"version":2}},"categories":[3],"tags":[],"class_list":["post-50328","post","type-post","status-publish","format-standard","has-post-thumbnail","hentry","category-novosti"],"acf":{"facebook_opis":""},"jetpack_publicize_connections":[],"jetpack_featured_media_url":"https:\/\/i0.wp.com\/historiografija.hr\/wp-content\/uploads\/2025\/12\/Drustvo.jpg?fit=550%2C504&ssl=1","jetpack_sharing_enabled":true,"jetpack-related-posts":[],"_links":{"self":[{"href":"https:\/\/historiografija.hr\/index.php?rest_route=\/wp\/v2\/posts\/50328","targetHints":{"allow":["GET"]}}],"collection":[{"href":"https:\/\/historiografija.hr\/index.php?rest_route=\/wp\/v2\/posts"}],"about":[{"href":"https:\/\/historiografija.hr\/index.php?rest_route=\/wp\/v2\/types\/post"}],"author":[{"embeddable":true,"href":"https:\/\/historiografija.hr\/index.php?rest_route=\/wp\/v2\/users\/2"}],"replies":[{"embeddable":true,"href":"https:\/\/historiografija.hr\/index.php?rest_route=%2Fwp%2Fv2%2Fcomments&post=50328"}],"version-history":[{"count":1,"href":"https:\/\/historiografija.hr\/index.php?rest_route=\/wp\/v2\/posts\/50328\/revisions"}],"predecessor-version":[{"id":50330,"href":"https:\/\/historiografija.hr\/index.php?rest_route=\/wp\/v2\/posts\/50328\/revisions\/50330"}],"wp:featuredmedia":[{"embeddable":true,"href":"https:\/\/historiografija.hr\/index.php?rest_route=\/wp\/v2\/media\/50329"}],"wp:attachment":[{"href":"https:\/\/historiografija.hr\/index.php?rest_route=%2Fwp%2Fv2%2Fmedia&parent=50328"}],"wp:term":[{"taxonomy":"category","embeddable":true,"href":"https:\/\/historiografija.hr\/index.php?rest_route=%2Fwp%2Fv2%2Fcategories&post=50328"},{"taxonomy":"post_tag","embeddable":true,"href":"https:\/\/historiografija.hr\/index.php?rest_route=%2Fwp%2Fv2%2Ftags&post=50328"}],"curies":[{"name":"wp","href":"https:\/\/api.w.org\/{rel}","templated":true}]}}