{"id":50314,"date":"2025-12-16T22:50:42","date_gmt":"2025-12-16T22:50:42","guid":{"rendered":"https:\/\/historiografija.hr\/?p=50314"},"modified":"2025-12-16T22:53:33","modified_gmt":"2025-12-16T22:53:33","slug":"odrzan-42-saltykow-memorial","status":"publish","type":"post","link":"https:\/\/historiografija.hr\/?p=50314","title":{"rendered":"Odr\u017ean 42. Saltykow memorial"},"content":{"rendered":"\n<p>Na Zavodu za patologiju Medicinskog fakulteta Sveu\u010dili\u0161ta u Zagrebu od 12. do 13. prosinca 2025. odr\u017ean je 42. Saltykow memorijal, popularna Saltykowijada &#8211; manifestacija posve\u0107ena o\u010duvanju stru\u010dne i znanstvene ostav\u0161tine profesora Sergeja Saltykowa, jednog od najzna\u010dajnijih hrvatskih patologa i dugogodi\u0161njeg predstojnika Zavoda i pro\u010delnika Katedre.<\/p>\n\n\n\n<p>Skup je otvoren prezentacijom stipendista Zaklade Sergej Saltykow, Stele Bulimba\u0161i\u0107 i Petra \u0160enjuga. Potom su uslijedile promocije knjiga. Prvo je promovirana knjiga Marka Koli\u0107a i Svena Seiwertha <em>102 godine Zavoda za patologiju<\/em>. Uz autora, Marka Koli\u0107a, govorili su Damir Agi\u010di\u0107 i Danica Gale\u0161i\u0107 Ljubanovi\u0107. Nakon toga uslijedio je glazbeni program pod vodstvom \u017eenskog guda\u010dkog kvarteta Hrvatskog zbora lije\u010dnika u sastavu Nade Lang, Bo\u017eene \u0160ar\u010devi\u0107, Ivane \u0160ubic Kova\u010devi\u0107 i Mihaele Britvec. Potom je uslijedilo predstavljanje priru\u010dnika <em>Patologija \u2013 priru\u010dnik za pripremu ispita<\/em> (urednici Ivan Damjanov, Marina Kos, Anamarija Morovi\u0107 Perry) i ud\u017ebenika <em>Bolesti glomerula<\/em> (urednik Kre\u0161imir Gale\u0161i\u0107).<\/p>\n\n\n\n<p>Nakon predstavljanja novih izdanja uslijedio je znanstveno-stru\u010dni dio skupa. Ovogodi\u0161nja Saltykowijada bila je posve\u0107ena autopsijama, eksperimentalnoj patologiji te mikroskopiji izvan vizualnog spektra. Na skupu su sudjelovali brojni patolozi iz Hrvatske te iz Belgije, Ma\u0111arske, Njema\u010dke i Velike Britanije. Nakon radnog dijela skupa, dru\u017eenje je nastavljeno u Samoboru.<\/p>\n\n\n\n<p>Tijekom povijesti, Zavod za patologiju nije bio samo regionalna perjanica patolo\u0161ke znanosti i nastave, ve\u0107 i svjedok razli\u010ditih dru\u0161tvenih i politi\u010dkih previranja te prirodnih katastrofa koji su utjecali na njegovu funkciju, a ponekad \u010dak i ugro\u017eavali njegov opstanak. Usprkos svemu, danas Zavod i dalje slovi kao jedna od vode\u0107ih ustanova posve\u0107ena vrhunskoj dijagnostici i razvoju znanosti u Hrvatskoj i \u0161ire.<\/p>\n\n\n\n<figure class=\"wp-block-image size-full is-resized\"><img data-recalc-dims=\"1\" loading=\"lazy\" decoding=\"async\" width=\"860\" height=\"574\" data-attachment-id=\"50317\" data-permalink=\"https:\/\/historiografija.hr\/?attachment_id=50317\" data-orig-file=\"https:\/\/i0.wp.com\/historiografija.hr\/wp-content\/uploads\/2025\/12\/salty-2.jpg?fit=1024%2C683&amp;ssl=1\" data-orig-size=\"1024,683\" data-comments-opened=\"1\" data-image-meta=\"{&quot;aperture&quot;:&quot;0&quot;,&quot;credit&quot;:&quot;&quot;,&quot;camera&quot;:&quot;&quot;,&quot;caption&quot;:&quot;&quot;,&quot;created_timestamp&quot;:&quot;0&quot;,&quot;copyright&quot;:&quot;&quot;,&quot;focal_length&quot;:&quot;0&quot;,&quot;iso&quot;:&quot;0&quot;,&quot;shutter_speed&quot;:&quot;0&quot;,&quot;title&quot;:&quot;&quot;,&quot;orientation&quot;:&quot;0&quot;}\" data-image-title=\"salty-2\" data-image-description=\"\" data-image-caption=\"\" data-large-file=\"https:\/\/i0.wp.com\/historiografija.hr\/wp-content\/uploads\/2025\/12\/salty-2.jpg?fit=860%2C574&amp;ssl=1\" src=\"https:\/\/i0.wp.com\/historiografija.hr\/wp-content\/uploads\/2025\/12\/salty-2.jpg?resize=860%2C574&#038;ssl=1\" alt=\"\" class=\"wp-image-50317\" style=\"width:721px;height:auto\" srcset=\"https:\/\/i0.wp.com\/historiografija.hr\/wp-content\/uploads\/2025\/12\/salty-2.jpg?w=1024&amp;ssl=1 1024w, https:\/\/i0.wp.com\/historiografija.hr\/wp-content\/uploads\/2025\/12\/salty-2.jpg?resize=300%2C200&amp;ssl=1 300w, https:\/\/i0.wp.com\/historiografija.hr\/wp-content\/uploads\/2025\/12\/salty-2.jpg?resize=768%2C512&amp;ssl=1 768w\" sizes=\"auto, (max-width: 860px) 100vw, 860px\" \/><\/figure>\n\n\n\n<hr class=\"wp-block-separator has-alpha-channel-opacity\"\/>\n\n\n\n<figure class=\"wp-block-image size-large is-resized\"><img data-recalc-dims=\"1\" loading=\"lazy\" decoding=\"async\" width=\"860\" height=\"484\" data-attachment-id=\"50319\" data-permalink=\"https:\/\/historiografija.hr\/?attachment_id=50319\" data-orig-file=\"https:\/\/i0.wp.com\/historiografija.hr\/wp-content\/uploads\/2025\/12\/salty-1.jpg?fit=2560%2C1440&amp;ssl=1\" data-orig-size=\"2560,1440\" data-comments-opened=\"1\" data-image-meta=\"{&quot;aperture&quot;:&quot;0&quot;,&quot;credit&quot;:&quot;&quot;,&quot;camera&quot;:&quot;&quot;,&quot;caption&quot;:&quot;&quot;,&quot;created_timestamp&quot;:&quot;0&quot;,&quot;copyright&quot;:&quot;&quot;,&quot;focal_length&quot;:&quot;0&quot;,&quot;iso&quot;:&quot;0&quot;,&quot;shutter_speed&quot;:&quot;0&quot;,&quot;title&quot;:&quot;&quot;,&quot;orientation&quot;:&quot;0&quot;}\" data-image-title=\"salty-1\" data-image-description=\"\" data-image-caption=\"\" data-large-file=\"https:\/\/i0.wp.com\/historiografija.hr\/wp-content\/uploads\/2025\/12\/salty-1.jpg?fit=860%2C484&amp;ssl=1\" src=\"https:\/\/i0.wp.com\/historiografija.hr\/wp-content\/uploads\/2025\/12\/salty-1.jpg?resize=860%2C484&#038;ssl=1\" alt=\"\" class=\"wp-image-50319\" style=\"width:721px;height:auto\" srcset=\"https:\/\/i0.wp.com\/historiografija.hr\/wp-content\/uploads\/2025\/12\/salty-1.jpg?resize=1024%2C576&amp;ssl=1 1024w, https:\/\/i0.wp.com\/historiografija.hr\/wp-content\/uploads\/2025\/12\/salty-1.jpg?resize=300%2C169&amp;ssl=1 300w, https:\/\/i0.wp.com\/historiografija.hr\/wp-content\/uploads\/2025\/12\/salty-1.jpg?resize=768%2C432&amp;ssl=1 768w, https:\/\/i0.wp.com\/historiografija.hr\/wp-content\/uploads\/2025\/12\/salty-1.jpg?resize=1536%2C864&amp;ssl=1 1536w, https:\/\/i0.wp.com\/historiografija.hr\/wp-content\/uploads\/2025\/12\/salty-1.jpg?resize=2048%2C1152&amp;ssl=1 2048w, https:\/\/i0.wp.com\/historiografija.hr\/wp-content\/uploads\/2025\/12\/salty-1.jpg?w=1720&amp;ssl=1 1720w\" sizes=\"auto, (max-width: 860px) 100vw, 860px\" \/><\/figure>\n\n\n\n<hr class=\"wp-block-separator has-alpha-channel-opacity\"\/>\n\n\n\n<p>Izvor:<\/p>\n\n\n\n<p><a href=\"https:\/\/mef.unizg.hr\/odrzan-42-saltykow-memorial\">https:\/\/mef.unizg.hr\/odrzan-42-saltykow-memorial<\/a><\/p>\n\n\n\n<hr class=\"wp-block-separator has-alpha-channel-opacity\"\/>\n\n\n\n<p>Prethodna obavijest na portalu Historiografija.hr:<\/p>\n\n\n\n<figure class=\"wp-block-embed is-type-wp-embed is-provider-historiografija-hr wp-block-embed-historiografija-hr\"><div class=\"wp-block-embed__wrapper\">\n<blockquote class=\"wp-embedded-content\" data-secret=\"tKZ9KMfc2J\"><a href=\"https:\/\/historiografija.hr\/?p=50201\">Predstavljanje monografije &#8220;102 godine Zavoda za patologiju&#8221; Svena Seiwertha i Marka Koli\u0107a<\/a><\/blockquote><iframe loading=\"lazy\" class=\"wp-embedded-content\" sandbox=\"allow-scripts\" security=\"restricted\" style=\"position: absolute; visibility: hidden;\" title=\"&#8220;Predstavljanje monografije &#8220;102 godine Zavoda za patologiju&#8221; Svena Seiwertha i Marka Koli\u0107a&#8221; &#8212; Historiografija.hr\" src=\"https:\/\/historiografija.hr\/?p=50201&#038;embed=true#?secret=Ie58492oKE#?secret=tKZ9KMfc2J\" data-secret=\"tKZ9KMfc2J\" width=\"600\" height=\"338\" frameborder=\"0\" marginwidth=\"0\" marginheight=\"0\" scrolling=\"no\"><\/iframe>\n<\/div><\/figure>\n\n\n\n<hr class=\"wp-block-separator has-alpha-channel-opacity\"\/>\n","protected":false},"excerpt":{"rendered":"","protected":false},"author":2,"featured_media":50315,"comment_status":"open","ping_status":"open","sticky":false,"template":"","format":"standard","meta":{"_acf_changed":false,"jetpack_post_was_ever_published":false,"_jetpack_newsletter_access":"","_jetpack_dont_email_post_to_subs":false,"_jetpack_newsletter_tier_id":0,"_jetpack_memberships_contains_paywalled_content":false,"_jetpack_memberships_contains_paid_content":false,"footnotes":"","jetpack_publicize_message":"","jetpack_publicize_feature_enabled":true,"jetpack_social_post_already_shared":true,"jetpack_social_options":{"image_generator_settings":{"template":"highway","default_image_id":0,"font":"","enabled":false},"version":2}},"categories":[3],"tags":[],"class_list":["post-50314","post","type-post","status-publish","format-standard","has-post-thumbnail","hentry","category-novosti"],"acf":{"facebook_opis":""},"jetpack_publicize_connections":[],"jetpack_featured_media_url":"https:\/\/i0.wp.com\/historiografija.hr\/wp-content\/uploads\/2025\/12\/salty-3.jpg?fit=1024%2C683&ssl=1","jetpack_sharing_enabled":true,"jetpack-related-posts":[],"_links":{"self":[{"href":"https:\/\/historiografija.hr\/index.php?rest_route=\/wp\/v2\/posts\/50314","targetHints":{"allow":["GET"]}}],"collection":[{"href":"https:\/\/historiografija.hr\/index.php?rest_route=\/wp\/v2\/posts"}],"about":[{"href":"https:\/\/historiografija.hr\/index.php?rest_route=\/wp\/v2\/types\/post"}],"author":[{"embeddable":true,"href":"https:\/\/historiografija.hr\/index.php?rest_route=\/wp\/v2\/users\/2"}],"replies":[{"embeddable":true,"href":"https:\/\/historiografija.hr\/index.php?rest_route=%2Fwp%2Fv2%2Fcomments&post=50314"}],"version-history":[{"count":4,"href":"https:\/\/historiografija.hr\/index.php?rest_route=\/wp\/v2\/posts\/50314\/revisions"}],"predecessor-version":[{"id":50321,"href":"https:\/\/historiografija.hr\/index.php?rest_route=\/wp\/v2\/posts\/50314\/revisions\/50321"}],"wp:featuredmedia":[{"embeddable":true,"href":"https:\/\/historiografija.hr\/index.php?rest_route=\/wp\/v2\/media\/50315"}],"wp:attachment":[{"href":"https:\/\/historiografija.hr\/index.php?rest_route=%2Fwp%2Fv2%2Fmedia&parent=50314"}],"wp:term":[{"taxonomy":"category","embeddable":true,"href":"https:\/\/historiografija.hr\/index.php?rest_route=%2Fwp%2Fv2%2Fcategories&post=50314"},{"taxonomy":"post_tag","embeddable":true,"href":"https:\/\/historiografija.hr\/index.php?rest_route=%2Fwp%2Fv2%2Ftags&post=50314"}],"curies":[{"name":"wp","href":"https:\/\/api.w.org\/{rel}","templated":true}]}}