{"id":50311,"date":"2025-12-15T22:22:25","date_gmt":"2025-12-15T22:22:25","guid":{"rendered":"https:\/\/historiografija.hr\/?p=50311"},"modified":"2025-12-15T22:22:25","modified_gmt":"2025-12-15T22:22:25","slug":"predstavljanje-informacijskog-sustava-vanis-visual-artists-networks-infomation-system","status":"publish","type":"post","link":"https:\/\/historiografija.hr\/?p=50311","title":{"rendered":"Predstavljanje informacijskog sustava VANIS \u2013 Visual Artists Networks Infomation System"},"content":{"rendered":"\n<p>Stvorena i razvijana kroz dva znanstveno-istra\u017eiva\u010dka projekta voditeljice dr. sc. Ljiljane Kole\u0161nik, informacijski sustav VANIS predstavlja se javnosti i otvara vanjskim korisnicima. Rije\u010d je prvoj, javno dostupnoj relacijskoj bazi podataka iz domene moderne i suvremene vizualne umjetnosti u ovom dijelu Europe, opremljenoj nizom su\u010delja za vizualizaciju podataka, \u010diji se daljnji razvoj odvija kroz projekt Housing.YU (ERC) i DIGitART (NextGeneration EU) Instituta za povijest umjetnosti.<\/p>\n\n\n\n<p>Preko VANIS-a je ostvarena uspje\u0161na suradnja Instituta s nekoliko ba\u0161tinskih i profesionalnih institucija, poput Muzeja grada Zagreba i Muzeja moderne i suvremene umjetnosti u Rijeci te Hrvatskog dru\u0161tva likovnih umjetnika.<\/p>\n\n\n\n<p>Kako bismo pro\u0161irili mre\u017eu suradnika i pribli\u017eili funkcionalnosti ovog digitalnog resursa \u0161irem krugu istra\u017eiva\u010da iz polja humanisti\u010dkih i dru\u0161tvenih znanosti, stru\u010dnjacima iz AKM sektora i polja nezavisne kulture, kao i zainteresiranoj javnosti, pozivamo vas na javno predstavljanje VANIS-a koje \u0107e se odr\u017eati na Institutu za povijest umjetnosti u ponedjeljak, 15. prosinca 2025. godine, u 17:00 sati.<\/p>\n\n\n\n<p>Na predstavljanju \u0107e govoriti:<\/p>\n\n\n\n<p>\u25cf dr. sc. Ljiljana Kole\u0161nik, emerita na Institutu za povijest umjetnosti, stru\u010dna savjetnica projekta Housing.YU (ERC)<br>\u25cf dr. sc. Artur \u0160ili\u0107, autor programskog rje\u0161enja VANIS-a<br>\u25cf dr. sc. Tamara Bja\u017ei\u0107 Klarin, znanstvena savjetnica u Institutu za povijest umjetnosti, voditeljica projekta Housing.YU (ERC)<br>\u25cf dr. sc. Tihana Puc, kustosica u Muzeju grada Zagreba, voditeljica Zbirke hrvatskih slikarica ro\u0111enih u 19. stolje\u0107u<br>\u25cf dr. sc. Sanja Horvatin\u010di\u0107, znanstvena suradnica na Institut za povijest umjetnosti, voditeljica projekta DIGitART (NextGeneration EU)<br>\u25cf Irena \u0160imi\u0107, voditeljica dokumentacijske slu\u017ebe Instituta za povijest umjetnosti<\/p>\n\n\n\n<p>Razgovor \u0107e moderirati Marija Juri\u0107, stru\u010dna suradnica u znanosti i visokom obrazovanju \u2013 za dokumentaciju i informacijske sustave (Housing.YU).<\/p>\n\n\n\n<p>Ovaj doga\u0111aj organiziran je u sklopu znanstvenoistra\u017eiva\u010dkog projekta Instituta za povijest umjetnosti u Zagrebu <a href=\"https:\/\/www.ipu.hr\/article\/hr\/1613\/digitart\">Digitalna mre\u017ena, prostorna i (kon)tekstualna analiza umjetni\u010dkih fenomena i ba\u0161tine 20. stolje\u0107a <\/a>(DIGitART, 2023.\u20132027.) koji financira Europska unija \u2013 NextGenerationEU.<\/p>\n\n\n\n<hr class=\"wp-block-separator has-alpha-channel-opacity\"\/>\n\n\n\n<p>Izvor:<\/p>\n\n\n\n<p><a href=\"https:\/\/www.ipu.hr\/article\/hr\/2085\/predstavljanje-informacijskog-sustava-vanis-visual-artists-networks-infomation-system\">https:\/\/www.ipu.hr\/article\/hr\/2085\/predstavljanje-informacijskog-sustava-vanis-visual-artists-networks-infomation-system<\/a><\/p>\n\n\n\n<hr class=\"wp-block-separator has-alpha-channel-opacity\"\/>\n","protected":false},"excerpt":{"rendered":"","protected":false},"author":2,"featured_media":50312,"comment_status":"open","ping_status":"open","sticky":false,"template":"","format":"standard","meta":{"_acf_changed":false,"jetpack_post_was_ever_published":false,"_jetpack_newsletter_access":"","_jetpack_dont_email_post_to_subs":false,"_jetpack_newsletter_tier_id":0,"_jetpack_memberships_contains_paywalled_content":false,"_jetpack_memberships_contains_paid_content":false,"footnotes":"","jetpack_publicize_message":"","jetpack_publicize_feature_enabled":true,"jetpack_social_post_already_shared":true,"jetpack_social_options":{"image_generator_settings":{"template":"highway","default_image_id":0,"font":"","enabled":false},"version":2}},"categories":[3],"tags":[],"class_list":["post-50311","post","type-post","status-publish","format-standard","has-post-thumbnail","hentry","category-novosti"],"acf":{"facebook_opis":""},"jetpack_publicize_connections":[],"jetpack_featured_media_url":"https:\/\/i0.wp.com\/historiografija.hr\/wp-content\/uploads\/2025\/12\/vanis-logo.jpg?fit=900%2C563&ssl=1","jetpack_sharing_enabled":true,"jetpack-related-posts":[],"_links":{"self":[{"href":"https:\/\/historiografija.hr\/index.php?rest_route=\/wp\/v2\/posts\/50311","targetHints":{"allow":["GET"]}}],"collection":[{"href":"https:\/\/historiografija.hr\/index.php?rest_route=\/wp\/v2\/posts"}],"about":[{"href":"https:\/\/historiografija.hr\/index.php?rest_route=\/wp\/v2\/types\/post"}],"author":[{"embeddable":true,"href":"https:\/\/historiografija.hr\/index.php?rest_route=\/wp\/v2\/users\/2"}],"replies":[{"embeddable":true,"href":"https:\/\/historiografija.hr\/index.php?rest_route=%2Fwp%2Fv2%2Fcomments&post=50311"}],"version-history":[{"count":1,"href":"https:\/\/historiografija.hr\/index.php?rest_route=\/wp\/v2\/posts\/50311\/revisions"}],"predecessor-version":[{"id":50313,"href":"https:\/\/historiografija.hr\/index.php?rest_route=\/wp\/v2\/posts\/50311\/revisions\/50313"}],"wp:featuredmedia":[{"embeddable":true,"href":"https:\/\/historiografija.hr\/index.php?rest_route=\/wp\/v2\/media\/50312"}],"wp:attachment":[{"href":"https:\/\/historiografija.hr\/index.php?rest_route=%2Fwp%2Fv2%2Fmedia&parent=50311"}],"wp:term":[{"taxonomy":"category","embeddable":true,"href":"https:\/\/historiografija.hr\/index.php?rest_route=%2Fwp%2Fv2%2Fcategories&post=50311"},{"taxonomy":"post_tag","embeddable":true,"href":"https:\/\/historiografija.hr\/index.php?rest_route=%2Fwp%2Fv2%2Ftags&post=50311"}],"curies":[{"name":"wp","href":"https:\/\/api.w.org\/{rel}","templated":true}]}}