{"id":50307,"date":"2025-12-15T22:16:06","date_gmt":"2025-12-15T22:16:06","guid":{"rendered":"https:\/\/historiografija.hr\/?p=50307"},"modified":"2025-12-15T22:18:07","modified_gmt":"2025-12-15T22:18:07","slug":"dokumentarna-serija-svjetla-pozornice","status":"publish","type":"post","link":"https:\/\/historiografija.hr\/?p=50307","title":{"rendered":"Dokumentarna serija &#8220;Svjetla pozornice&#8221;"},"content":{"rendered":"\n<p>Dokumentarna serija &#8220;Svjetla pozornice&#8221; kroz sedam epizoda prikazuje razvoj hrvatske popularne kulture od 1950. do danas.<\/p>\n\n\n\n<p>Uz dokumentarno-arhivske dijelove, voditelji &#8211; bra\u010dni par <strong>\u017deljka Ogresta i Dubravko Merli\u0107 <\/strong>&#8211; u studiju razgovaraju sa stru\u010dnim sugovornicima, izvode se plesne i pjeva\u010dke to\u010dke, a svaka epizoda obra\u0111uje najzanimljivije djelo, osobu ili doga\u0111aj dekade.\u00a0<br><br>Sedamdesete,\u00a0naslov je tre\u0107eg nastavka dokumentarne serije<strong> Svjetla pozornice<\/strong>, a emitiramo ga u <strong>utorak, 9. prosinca 2025. na Prvom u 21:20.\u00a0<\/strong><\/p>\n\n\n\n<p>Tre\u0107a epizoda nas vodi u sedamdesete godine 20. stolje\u0107a koje su i u popularnoj kulturi obilje\u017eene slomom Hrvatskog prolje\u0107a.<strong> Vice Vukov, <\/strong>tada najpopularniji pjeva\u010d u Hrvatskoj i \u0161ire, bio je nemilosrdno ka\u017enjen zbog svog otvorenog stava prema polo\u017eaju Hrvatske u Jugoslaviji. O njegovom tragi\u010dnom slu\u010daju u emisiji govore povjesni\u010dari <strong>Igor Duda i Tvrtko Jakovina<\/strong>, glazbeni kriti\u010dar <strong>Zlatko Gall i pjeva\u010dica Beti Jurkovi\u0107.&nbsp;<br><br><\/strong>Tjednik Start u sedamdesetima se u potpunosti afirmira na jugoslavenskom tr\u017ei\u0161tu. Kombinacija obna\u017eenih ljepotica i iznimno kvalitetnih tekstova donosi visoke tira\u017ee i sna\u017ean utjecaj. O tom izdava\u010dkom pothvatu govore novinari i urednici<strong> Marko Gr\u010di\u0107, Mladen Ple\u0161e i \u017deljko \u017dutelija.<\/strong><br><br>Filmska produkcija bila je iznimno jaka u sedamdesetima, a skoro svi filmovi imali su tih godina neki odnos, uglavnom kriti\u010dki, prema sustavu, bilo da je rije\u010d o &#8220;Izbavitelju&#8221; <strong>Krste Papi\u0107a<\/strong> ili &#8220;Gastarbajteru&#8221; <strong>Bogdana \u017di\u017ei\u0107a<\/strong>. Uz to, bila je jaka produkcija dje\u010djih filmova, gdje se izdvaja film <strong>Mate Relje<\/strong>&nbsp;&#8220;Vlak u snijegu&#8221;. Posebno va\u017eno mjesto ima najgledaniji hrvatski film svih vremena &#8220;Tko pjeva zlo ne misli&#8221;, <strong>Kre\u0161e Golika<\/strong>. O tom filmu govorit \u0107e glumica <strong>Mirjana Bohanec.<\/strong><\/p>\n\n\n\n<p>Gost u studiju bit \u0107e<strong> Rade \u0160erbed\u017eija<\/strong> koji \u0107e govoriti o svojim ulogama u TV serijama, posebno &#8220;U registraturi&#8221; i &#8220;Bomba\u0161kom procesu&#8221;, koje su samo neke od iznimno kvalitetnih serija koje je u sedamdesetima ostvarila RTV Zagreb.<br><br>U studiju \u0107e go\u0161\u0107a biti i <strong>Josipa Lisac<\/strong>, s kojom \u0107e \u017deljka Ogresta razgovarati o kultnom albumu &#8220;Dnevnik jedne mladosti2 te o rock-operi &#8220;Gubec beg&#8221;. Oba su ta maestralna djela kreacija nenadma\u0161nog tandema <strong>Karlo Metiko\u0161 i Ivica Kraja\u010d.<\/strong><br><br>U prebogatim sedamdesetima doga\u0111a se i mjuzikl &#8220;Jalta, Jalta&#8221; <strong>Alfija Kabilja i Milana Grgi\u0107a<\/strong> koji svojom kvalitetom stoji uz bok najboljim svjetskim mjuziklima. O tom mjuziklu govori povjesni\u010dar <strong>\u017deljko Luketi\u0107.\u00a0<br><br><\/strong>Publika onog vremena predstave je mogla gledati i izvan slu\u017ebenih kazali\u0161ta &#8211; za to se pobrinuo Relja Ba\u0161i\u0107 koji 1974. godine pokre\u0107e iznimno popularan &#8220;Teatar u gostima&#8221;. Sugovornica o toj temi bit \u0107e teatrologinja i redateljica<strong> Snje\u017eana Banovi\u0107.<\/strong><br><br>Nikad dovoljno cijenjen urednik <strong>Nenad Brixy <\/strong>zaslu\u017ean je za pokretane visokonakladnog \u010dasopisa za djevojke &#8220;Tina&#8221;, ali i za otkrivanje stripa &#8220;Alan Ford&#8221;. Fenomen Alana Forda velikim je dijelom zasluga Brixyjeva sjajnog prijevoda koji je postao dijelom hrvatske pop-kulture. O fenomenu Alana Forda govorit \u0107e splitski novinar i knji\u017eevni<strong>k Ivica Ivani\u0161evi\u0107.\u00a0<br><br><\/strong>U zaklju\u010dnom dijelu voditelj i<strong> Igor Duda<\/strong> kontekstualizirat \u0107e najva\u017enije segmente popularne kulture u sedamdesetima te najaviti \u0161to nas \u010deka u osamdesetima u kojima je popularna kultura u Hrvatskoj do\u017eivjela procvat.<\/p>\n\n\n\n<p><strong>Utorak, 9. prosinca na Prvom<\/strong><\/p>\n\n\n\n<p><strong>Foto: Svjetla pozornice \/ dokumentarna serija<\/strong><\/p>\n\n\n\n<p>Autori Matej <strong>Merli\u0107 i Dubravko Merli\u0107<\/strong>, redateljica<strong>Dalija Dozet,<\/strong> voditelji <strong>\u017deljka Ogresta<\/strong> i Dubravko Merli\u0107, direktor fotografije<strong> Marinko Marinki\u0107<\/strong>, monta\u017eerka<strong> Lucija Strugar,<\/strong> a urednika<strong> Maja Toki\u0107.<\/strong><\/p>\n\n\n\n<p>Produkcija: Castor Multimedia za HRT&nbsp;<br><br>Emitirane epizode dokumentarne serije<strong> Svjetla pozornice<\/strong> dostupne su u<strong> <a href=\"https:\/\/hrti.hrt.hr\/api\/api\/ott\/socialshare?target=copy&amp;referenceId=d6090d7e-0ee6-45f3-84d7-d2e3d3dfecd0&amp;channelReferenceId=null&amp;mobile=false&amp;serie=false&amp;operatorReferenceId=hrt\" target=\"_blank\" rel=\"noreferrer noopener\">videoteci multimedijske platforme HRTi.<\/a><\/strong><\/p>\n\n\n\n<hr class=\"wp-block-separator has-alpha-channel-opacity\"\/>\n\n\n\n<p>Izvor:<\/p>\n\n\n\n<p><a href=\"https:\/\/hrtprikazuje.hrt.hr\/dokumentarci\/svjetla-pozornice-sedamdesete-12453515\">https:\/\/hrtprikazuje.hrt.hr\/dokumentarci\/svjetla-pozornice-sedamdesete-12453515<\/a><\/p>\n\n\n\n<hr class=\"wp-block-separator has-alpha-channel-opacity\"\/>\n","protected":false},"excerpt":{"rendered":"","protected":false},"author":2,"featured_media":50308,"comment_status":"open","ping_status":"open","sticky":false,"template":"","format":"standard","meta":{"_acf_changed":false,"jetpack_post_was_ever_published":false,"_jetpack_newsletter_access":"","_jetpack_dont_email_post_to_subs":false,"_jetpack_newsletter_tier_id":0,"_jetpack_memberships_contains_paywalled_content":false,"_jetpack_memberships_contains_paid_content":false,"footnotes":"","jetpack_publicize_message":"","jetpack_publicize_feature_enabled":true,"jetpack_social_post_already_shared":true,"jetpack_social_options":{"image_generator_settings":{"template":"highway","default_image_id":0,"font":"","enabled":false},"version":2}},"categories":[13,3],"tags":[],"class_list":["post-50307","post","type-post","status-publish","format-standard","has-post-thumbnail","hentry","category-filmovi-i-serije","category-novosti"],"acf":{"facebook_opis":""},"jetpack_publicize_connections":[],"jetpack_featured_media_url":"https:\/\/i0.wp.com\/historiografija.hr\/wp-content\/uploads\/2025\/12\/Sedamdesete.png?fit=1920%2C1080&ssl=1","jetpack_sharing_enabled":true,"jetpack-related-posts":[],"_links":{"self":[{"href":"https:\/\/historiografija.hr\/index.php?rest_route=\/wp\/v2\/posts\/50307","targetHints":{"allow":["GET"]}}],"collection":[{"href":"https:\/\/historiografija.hr\/index.php?rest_route=\/wp\/v2\/posts"}],"about":[{"href":"https:\/\/historiografija.hr\/index.php?rest_route=\/wp\/v2\/types\/post"}],"author":[{"embeddable":true,"href":"https:\/\/historiografija.hr\/index.php?rest_route=\/wp\/v2\/users\/2"}],"replies":[{"embeddable":true,"href":"https:\/\/historiografija.hr\/index.php?rest_route=%2Fwp%2Fv2%2Fcomments&post=50307"}],"version-history":[{"count":2,"href":"https:\/\/historiografija.hr\/index.php?rest_route=\/wp\/v2\/posts\/50307\/revisions"}],"predecessor-version":[{"id":50310,"href":"https:\/\/historiografija.hr\/index.php?rest_route=\/wp\/v2\/posts\/50307\/revisions\/50310"}],"wp:featuredmedia":[{"embeddable":true,"href":"https:\/\/historiografija.hr\/index.php?rest_route=\/wp\/v2\/media\/50308"}],"wp:attachment":[{"href":"https:\/\/historiografija.hr\/index.php?rest_route=%2Fwp%2Fv2%2Fmedia&parent=50307"}],"wp:term":[{"taxonomy":"category","embeddable":true,"href":"https:\/\/historiografija.hr\/index.php?rest_route=%2Fwp%2Fv2%2Fcategories&post=50307"},{"taxonomy":"post_tag","embeddable":true,"href":"https:\/\/historiografija.hr\/index.php?rest_route=%2Fwp%2Fv2%2Ftags&post=50307"}],"curies":[{"name":"wp","href":"https:\/\/api.w.org\/{rel}","templated":true}]}}