{"id":50295,"date":"2025-12-15T21:27:32","date_gmt":"2025-12-15T21:27:32","guid":{"rendered":"https:\/\/historiografija.hr\/?p=50295"},"modified":"2025-12-15T21:27:32","modified_gmt":"2025-12-15T21:27:32","slug":"gerhard-podskalsky-srednjovekovna-teoloska-knjizevnost-u-bugarskoj-i-srbiji-865-1459","status":"publish","type":"post","link":"https:\/\/historiografija.hr\/?p=50295","title":{"rendered":"Gerhard Podskalsky, \u201eSREDNJOVEKOVNA TEOLO\u0160KA KNJI\u017dEVNOST U BUGARSKOJ I SRBIJI (865\u20131459)\u201c"},"content":{"rendered":"\n<p>Prevod: Tijana Tropin i Dejan Ani\u010di\u0107<\/p>\n\n\n\n<p>Bibliografija, indeks imena, indeks pojmova<\/p>\n\n\n\n<p>Broj strana: 728<\/p>\n\n\n\n<p>Godina izdanja: 2024.<\/p>\n\n\n\n<hr class=\"wp-block-separator has-alpha-channel-opacity\"\/>\n\n\n\n<p><em>Srednjovekovna teolo\u0161ka knji\u017eevnost u Bugarskoj i Srbiji (865\u20131459)<\/em> nema\u010dkog slaviste i vizantologa Gerharda Podskalskog delo je koje sadr\u017ei mnogo \u0161iri opseg tema nego \u0161to to naslov na prvi pogled sugeri\u0161e. Autor najpre daje pregled srednjovekovne kulturne i politi\u010dke istorije obaju naroda, a potom se bavi razvojem njihovih knji\u017eevnih tradicija u koje ne spadaju samo tekstovi koje bismo prema dana\u0161njim kategorizacijama strogo smestili u \u201eteologiju\u201c. \u010citalac iz dela saznaje o srednjovekovnoj bugarskoj i srpskoj hronistici, hagiografiji, omilitici, liturgijskom pesni\u0161tvu, apologetici, kanonskom pravu, izve\u0161tajima sa hodo\u010da\u0161\u0107a itd. Iako pisano za zapadnog \u010ditaoca, delo nudi pregr\u0161t informacija i uvida koji su slabo poznati i doma\u0107em obave\u0161tenom \u010ditaocu, naro\u010dito kada je re\u010d o bugarskom knji\u017eevnom i kulturnom nasle\u0111u, bliskom srpskom, ali u nekim aspektima i razli\u010ditom. Knjiga sadr\u017ei veliki broj obimnih i informativnih fusnota, od kojih neke predo\u010davaju \u010ditav mali istorijat odre\u0111ene problematike u nau\u010dnim raspravama.<\/p>\n\n\n\n<p>Zahvaljuju\u0107i prevodiocima, ovo izdanje je revidirano i delom popravljeno u odnosu na ono iz 2010. g. (Institut za teolo\u0161ka istra\u017eivanja), kada se kod nas knjiga prvi put pojavila.<\/p>\n\n\n\n<p><strong>Gerhard Podskalski<\/strong> (Gerhard Podskalsky, 1937\u20132013) bio je ugledni nema\u010dki slavista, vizantolog i teolog. U nau\u010dnom svetu i \u010ditala\u010dkoj publici poznat je pre svega po monografskim pregledima velikih tematskih celina, kao \u0161to su <em>Hri\u0161\u0107anstvo i teolo\u0161ka knji\u017eevnost u Kijevskoj Rusiji (988\u20131237)<\/em> (<em>Christentum und theologische Literatur in der Kiever Rus\u2019 (988\u20131237)<\/em>, 1982), <em>Teologija i filosofija u Vizantiji<\/em> (<em>Theologie und Philosophie in Byzanz<\/em>, 1977, srp. prevod 2010), <em>Gr\u010dka teologija u doba turske vlasti (1453\u20131821)<\/em> (<em>Griechische Theologie in der Zeit der T\u00fcrkenherrschaft (1453\u20131821)<\/em>, 1988), kao i <em>Srednjovekovna teolo\u0161ka knji\u017eevnost u Bugarskoj i Srbiji (865\u20131459)<\/em> (<em>Theologische Literatur des Mittelalters in Bulgarien und Serbien (865\u20131459)<\/em>, C. H. Beck, M\u00fcnchen 2000). Doktorirao je kod prof. Hans-Georga Beka u Minhenu sa tezom o vizantijskoj carskoj teologiji (objavljena kao <em>Byzantinische Reichsideologie<\/em>, 1972). Po\u010dev od 1975. g. predavao je na Filozofsko-teolo\u0161koj visokoj \u0161koli \u201eSankt Georgen\u201c (Frankfurt), gde je od 1981. do 2005. godine dr\u017eao Katedru za vizantistiku, slavistiku i staru crkvenu istoriju. Gerhard Podskalski se zamona\u0161io 1956. g. i do kraja \u017eivota bio je pripadnik jezuitskog reda.<\/p>\n\n\n\n<hr class=\"wp-block-separator has-alpha-channel-opacity\"\/>\n\n\n\n<p>Izvor:<\/p>\n\n\n\n<figure class=\"wp-block-embed\"><div class=\"wp-block-embed__wrapper\">\nhttps:\/\/karposbooks.rs\/shop\/novo\/srednjovekovna-teoloska-knjizevnost-u-bugarskoj-i-srbiji-865-1459-gerhard-podskalski\/\n<\/div><\/figure>\n\n\n\n<hr class=\"wp-block-separator has-alpha-channel-opacity\"\/>\n","protected":false},"excerpt":{"rendered":"","protected":false},"author":2,"featured_media":50296,"comment_status":"open","ping_status":"open","sticky":false,"template":"","format":"standard","meta":{"_acf_changed":false,"jetpack_post_was_ever_published":false,"_jetpack_newsletter_access":"","_jetpack_dont_email_post_to_subs":false,"_jetpack_newsletter_tier_id":0,"_jetpack_memberships_contains_paywalled_content":false,"_jetpack_memberships_contains_paid_content":false,"footnotes":"","jetpack_publicize_message":"","jetpack_publicize_feature_enabled":true,"jetpack_social_post_already_shared":true,"jetpack_social_options":{"image_generator_settings":{"template":"highway","default_image_id":0,"font":"","enabled":false},"version":2}},"categories":[8,3],"tags":[],"class_list":["post-50295","post","type-post","status-publish","format-standard","has-post-thumbnail","hentry","category-knjige","category-novosti"],"acf":{"facebook_opis":""},"jetpack_publicize_connections":[],"jetpack_featured_media_url":"https:\/\/i0.wp.com\/historiografija.hr\/wp-content\/uploads\/2025\/12\/PODSKALSKI.jpg?fit=214%2C320&ssl=1","jetpack_sharing_enabled":true,"jetpack-related-posts":[],"_links":{"self":[{"href":"https:\/\/historiografija.hr\/index.php?rest_route=\/wp\/v2\/posts\/50295","targetHints":{"allow":["GET"]}}],"collection":[{"href":"https:\/\/historiografija.hr\/index.php?rest_route=\/wp\/v2\/posts"}],"about":[{"href":"https:\/\/historiografija.hr\/index.php?rest_route=\/wp\/v2\/types\/post"}],"author":[{"embeddable":true,"href":"https:\/\/historiografija.hr\/index.php?rest_route=\/wp\/v2\/users\/2"}],"replies":[{"embeddable":true,"href":"https:\/\/historiografija.hr\/index.php?rest_route=%2Fwp%2Fv2%2Fcomments&post=50295"}],"version-history":[{"count":1,"href":"https:\/\/historiografija.hr\/index.php?rest_route=\/wp\/v2\/posts\/50295\/revisions"}],"predecessor-version":[{"id":50297,"href":"https:\/\/historiografija.hr\/index.php?rest_route=\/wp\/v2\/posts\/50295\/revisions\/50297"}],"wp:featuredmedia":[{"embeddable":true,"href":"https:\/\/historiografija.hr\/index.php?rest_route=\/wp\/v2\/media\/50296"}],"wp:attachment":[{"href":"https:\/\/historiografija.hr\/index.php?rest_route=%2Fwp%2Fv2%2Fmedia&parent=50295"}],"wp:term":[{"taxonomy":"category","embeddable":true,"href":"https:\/\/historiografija.hr\/index.php?rest_route=%2Fwp%2Fv2%2Fcategories&post=50295"},{"taxonomy":"post_tag","embeddable":true,"href":"https:\/\/historiografija.hr\/index.php?rest_route=%2Fwp%2Fv2%2Ftags&post=50295"}],"curies":[{"name":"wp","href":"https:\/\/api.w.org\/{rel}","templated":true}]}}