{"id":50277,"date":"2025-12-13T23:14:40","date_gmt":"2025-12-13T23:14:40","guid":{"rendered":"https:\/\/historiografija.hr\/?p=50277"},"modified":"2025-12-13T23:14:40","modified_gmt":"2025-12-13T23:14:40","slug":"lupa-muskarac-koji-je-u-velenju-ostetio-titov-spomenik-siri-lazni-citat-aleksandra-rankovica","status":"publish","type":"post","link":"https:\/\/historiografija.hr\/?p=50277","title":{"rendered":"Lupa: Mu\u0161karac koji je u Velenju o\u0161tetio Titov spomenik \u0161iri la\u017eni citat Aleksandra Rankovi\u0107a"},"content":{"rendered":"\n<p>Ivor Fuka objavio je 13. prosinca 2025. na portalu Lupa prilog \u201eMu\u0161karac koji je u Velenju o\u0161tetio Titov spomenik \u0161iri la\u017eni citat Aleksandra Rankovi\u0107a\u201d.<\/p>\n\n\n\n<hr class=\"wp-block-separator has-alpha-channel-opacity\"\/>\n\n\n\n<p>Prilog je dostupan na sljede\u0107im poveznicama:<\/p>\n\n\n\n<p><a href=\"https:\/\/lupa.lupiga.com\/politika-i-drustvo\/muskarac-koji-je-u-velenju-ostetio-titov-spomenik-siri-lazni-citat-aleksandra-rankovica\">https:\/\/lupa.lupiga.com\/politika-i-drustvo\/muskarac-koji-je-u-velenju-ostetio-titov-spomenik-siri-lazni-citat-aleksandra-rankovica<\/a><\/p>\n\n\n\n<hr class=\"wp-block-separator has-alpha-channel-opacity\"\/>\n\n\n\n<p><a href=\"https:\/\/www.tocnotako.hr\/clanak\/Muskarac-koji-je-u-Velenju-ostetio-Titov-spomenik-siri-lazni-citat-Aleksandra-Rankovica_Lupa\/2442\">https:\/\/www.tocnotako.hr\/clanak\/Muskarac-koji-je-u-Velenju-ostetio-Titov-spomenik-siri-lazni-citat-Aleksandra-Rankovica_Lupa\/2442<\/a><\/p>\n\n\n\n<hr class=\"wp-block-separator has-alpha-channel-opacity\"\/>\n","protected":false},"excerpt":{"rendered":"","protected":false},"author":2,"featured_media":50278,"comment_status":"open","ping_status":"open","sticky":false,"template":"","format":"standard","meta":{"_acf_changed":false,"jetpack_post_was_ever_published":false,"_jetpack_newsletter_access":"","_jetpack_dont_email_post_to_subs":false,"_jetpack_newsletter_tier_id":0,"_jetpack_memberships_contains_paywalled_content":false,"_jetpack_memberships_contains_paid_content":false,"footnotes":"","jetpack_publicize_message":"","jetpack_publicize_feature_enabled":true,"jetpack_social_post_already_shared":true,"jetpack_social_options":{"image_generator_settings":{"template":"highway","default_image_id":0,"font":"","enabled":false},"version":2}},"categories":[3],"tags":[],"class_list":["post-50277","post","type-post","status-publish","format-standard","has-post-thumbnail","hentry","category-novosti"],"acf":{"facebook_opis":""},"jetpack_publicize_connections":[],"jetpack_featured_media_url":"https:\/\/i0.wp.com\/historiografija.hr\/wp-content\/uploads\/2025\/12\/Rankovic.jpg?fit=650%2C375&ssl=1","jetpack_sharing_enabled":true,"jetpack-related-posts":[],"_links":{"self":[{"href":"https:\/\/historiografija.hr\/index.php?rest_route=\/wp\/v2\/posts\/50277","targetHints":{"allow":["GET"]}}],"collection":[{"href":"https:\/\/historiografija.hr\/index.php?rest_route=\/wp\/v2\/posts"}],"about":[{"href":"https:\/\/historiografija.hr\/index.php?rest_route=\/wp\/v2\/types\/post"}],"author":[{"embeddable":true,"href":"https:\/\/historiografija.hr\/index.php?rest_route=\/wp\/v2\/users\/2"}],"replies":[{"embeddable":true,"href":"https:\/\/historiografija.hr\/index.php?rest_route=%2Fwp%2Fv2%2Fcomments&post=50277"}],"version-history":[{"count":1,"href":"https:\/\/historiografija.hr\/index.php?rest_route=\/wp\/v2\/posts\/50277\/revisions"}],"predecessor-version":[{"id":50279,"href":"https:\/\/historiografija.hr\/index.php?rest_route=\/wp\/v2\/posts\/50277\/revisions\/50279"}],"wp:featuredmedia":[{"embeddable":true,"href":"https:\/\/historiografija.hr\/index.php?rest_route=\/wp\/v2\/media\/50278"}],"wp:attachment":[{"href":"https:\/\/historiografija.hr\/index.php?rest_route=%2Fwp%2Fv2%2Fmedia&parent=50277"}],"wp:term":[{"taxonomy":"category","embeddable":true,"href":"https:\/\/historiografija.hr\/index.php?rest_route=%2Fwp%2Fv2%2Fcategories&post=50277"},{"taxonomy":"post_tag","embeddable":true,"href":"https:\/\/historiografija.hr\/index.php?rest_route=%2Fwp%2Fv2%2Ftags&post=50277"}],"curies":[{"name":"wp","href":"https:\/\/api.w.org\/{rel}","templated":true}]}}