{"id":50257,"date":"2025-12-11T22:49:17","date_gmt":"2025-12-11T22:49:17","guid":{"rendered":"https:\/\/historiografija.hr\/?p=50257"},"modified":"2025-12-11T22:49:58","modified_gmt":"2025-12-11T22:49:58","slug":"anton-de-kom-mi-surinamski-robovi","status":"publish","type":"post","link":"https:\/\/historiografija.hr\/?p=50257","title":{"rendered":"Anton de Kom, \u201eMI, SURINAMSKI ROBOVI\u201c"},"content":{"rendered":"\n<p>Prvi put objavljena 1934. godine, knjiga Mi, surinamski robovi predstavlja jedno od najva\u017enijih antikolonijalnih dela 20. veka. Autor Anton de Kom, surinamski pisac, politi\u010dki aktivista i potomak porobljenih, pi\u0161e ovu knjigu kao sna\u017enu optu\u017enicu protiv holandskog kolonijalizma, ropstva i rasizma.<\/p>\n\n\n\n<p>Zabranjena odmah po objavljivanju, knjiga se decenijama prenosila kao svedo\u010danstvo izgnanika, prepoznata tek mnogo kasnije kao klju\u010dni dokument postkolonijalne istine. Mi, surinamski robovi spajaju istorijsku hroniku i knji\u017eevnu snagu \u2013 ovo je delo koje istovremeno informi\u0161e, potresa i poziva na preuzimanje odgovornosti.<\/p>\n\n\n\n<p>Kroz mo\u0107nu naraciju, De Kom osvetljava brutalnu svakodnevicu robova u Surinamu, ali i prikazuje njihovu borbu, otpor i dostojanstvo. Njegov stil je o\u0161tar, emotivan i poeti\u010dan, a poruka univerzalna i svevremena.<\/p>\n\n\n\n<hr class=\"wp-block-separator has-alpha-channel-opacity\"\/>\n\n\n\n<p><strong>O autoru<\/strong><\/p>\n\n\n\n<p><strong>Anton de Kom<\/strong>, \u010diji je otac ro\u0111en u ropstvu, surinamski je antikolonijalni pisac, pesnik i borac za nacionalna i radni\u010dka prava. Nakon zavr\u0161ene \u0161kole za ra\u010dunovo\u0111e, radio je neko vreme u Surinamu i na Haitiju, a 1920. godine oti\u0161ao je u Holandiju. Tamo je bio politi\u010dki aktivan u levi\u010darskim i antikolonijalnim organizacijama. U tom periodu zapo\u010deo je rad na knjizi Mi, surinamski robovi, potresnoj i odli\u010dno dokumentovanoj optu\u017ebi holandske kolonijalne vladavine u Surinamu. De Kom se po\u010detkom tridesetih godina vratio u Surinam zbog zdravstvenog stanja svoje majke. Tamo je osnovao biro gde je radio kao savetnik za radni\u010dka prava, \u0161to ga je dovelo u sukob s vla\u0161\u0107u, koja ga je uhapsila, optu\u017eila za poku\u0161aj dizanja revolucije i prognala u Holandiju. Nakon nema\u010dke okupacije Holandije priklju\u010dio se holandskom pokretu otpora, ali je 1944. uhap\u0161en. Umro je od tuberkuloze u koncentracionom logoru Nojengame.<\/p>\n\n\n\n<p>Godine 2023. holandski ministar inostranih poslova zvani\u010dno se, u ime vlade, izvinio potomcima Antona de Koma. Tom prilikom je najavljeno i formiranje Katedre \u201eAnton de Kom\u201d na Slobodnom univerzitetu u Amsterdamu.<\/p>\n\n\n\n<hr class=\"wp-block-separator has-alpha-channel-opacity\"\/>\n\n\n\n<p><strong>Izdava\u010d<\/strong>: Izdava\u010dka ku\u0107a Clio<\/p>\n\n\n\n<p><strong>Godina izdanja<\/strong>: 2025.<\/p>\n\n\n\n<p><strong>Broj strana<\/strong>: 222<\/p>\n\n\n\n<hr class=\"wp-block-separator has-alpha-channel-opacity\"\/>\n\n\n\n<p>Izvor: <a href=\"https:\/\/clio.rs\/proizvodi\/klepsidra\/mi-surinamski-robovi_294571\">https:\/\/clio.rs\/proizvodi\/klepsidra\/mi-surinamski-robovi_294571<\/a><\/p>\n\n\n\n<p>Objavljeno i na portalu <strong>Historiografija.ba<\/strong>: <\/p>\n\n\n\n<p><a href=\"https:\/\/historiografija.ba\/knjige\/jugoistocna-evropa\/knjiga-o-svakodnevici-robova\">https:\/\/historiografija.ba\/knjige\/jugoistocna-evropa\/knjiga-o-svakodnevici-robova<\/a><\/p>\n\n\n\n<hr class=\"wp-block-separator has-alpha-channel-opacity\"\/>\n","protected":false},"excerpt":{"rendered":"","protected":false},"author":2,"featured_media":50258,"comment_status":"open","ping_status":"open","sticky":false,"template":"","format":"standard","meta":{"_acf_changed":false,"jetpack_post_was_ever_published":false,"_jetpack_newsletter_access":"","_jetpack_dont_email_post_to_subs":false,"_jetpack_newsletter_tier_id":0,"_jetpack_memberships_contains_paywalled_content":false,"_jetpack_memberships_contains_paid_content":false,"footnotes":"","jetpack_publicize_message":"","jetpack_publicize_feature_enabled":true,"jetpack_social_post_already_shared":true,"jetpack_social_options":{"image_generator_settings":{"template":"highway","default_image_id":0,"font":"","enabled":false},"version":2}},"categories":[8,3],"tags":[],"class_list":["post-50257","post","type-post","status-publish","format-standard","has-post-thumbnail","hentry","category-knjige","category-novosti"],"acf":{"facebook_opis":""},"jetpack_publicize_connections":[],"jetpack_featured_media_url":"https:\/\/i0.wp.com\/historiografija.hr\/wp-content\/uploads\/2025\/12\/Anton-de-Kom.jpg?fit=450%2C687&ssl=1","jetpack_sharing_enabled":true,"jetpack-related-posts":[],"_links":{"self":[{"href":"https:\/\/historiografija.hr\/index.php?rest_route=\/wp\/v2\/posts\/50257","targetHints":{"allow":["GET"]}}],"collection":[{"href":"https:\/\/historiografija.hr\/index.php?rest_route=\/wp\/v2\/posts"}],"about":[{"href":"https:\/\/historiografija.hr\/index.php?rest_route=\/wp\/v2\/types\/post"}],"author":[{"embeddable":true,"href":"https:\/\/historiografija.hr\/index.php?rest_route=\/wp\/v2\/users\/2"}],"replies":[{"embeddable":true,"href":"https:\/\/historiografija.hr\/index.php?rest_route=%2Fwp%2Fv2%2Fcomments&post=50257"}],"version-history":[{"count":2,"href":"https:\/\/historiografija.hr\/index.php?rest_route=\/wp\/v2\/posts\/50257\/revisions"}],"predecessor-version":[{"id":50260,"href":"https:\/\/historiografija.hr\/index.php?rest_route=\/wp\/v2\/posts\/50257\/revisions\/50260"}],"wp:featuredmedia":[{"embeddable":true,"href":"https:\/\/historiografija.hr\/index.php?rest_route=\/wp\/v2\/media\/50258"}],"wp:attachment":[{"href":"https:\/\/historiografija.hr\/index.php?rest_route=%2Fwp%2Fv2%2Fmedia&parent=50257"}],"wp:term":[{"taxonomy":"category","embeddable":true,"href":"https:\/\/historiografija.hr\/index.php?rest_route=%2Fwp%2Fv2%2Fcategories&post=50257"},{"taxonomy":"post_tag","embeddable":true,"href":"https:\/\/historiografija.hr\/index.php?rest_route=%2Fwp%2Fv2%2Ftags&post=50257"}],"curies":[{"name":"wp","href":"https:\/\/api.w.org\/{rel}","templated":true}]}}