{"id":50254,"date":"2025-12-11T22:44:28","date_gmt":"2025-12-11T22:44:28","guid":{"rendered":"https:\/\/historiografija.hr\/?p=50254"},"modified":"2025-12-11T22:44:28","modified_gmt":"2025-12-11T22:44:28","slug":"ivana-kurtovic-budja-josip-lasic-ur-tebe-cu-cekati-ja-iz-ispisane-ostavstine-novozelandskih-hrvata","status":"publish","type":"post","link":"https:\/\/historiografija.hr\/?p=50254","title":{"rendered":"Ivana Kurtovi\u0107 Budja, Josip Lasi\u0107 (ur.), \u201eTEBE \u0106U \u010cEKATI JA&#8230; iz (is)pisane ostav\u0161tine novozelandskih Hrvata&#8221;"},"content":{"rendered":"\n<p>Zbornik \u201eTebe \u0107u \u010dekati ja&#8230; iz (is)pisane ostav\u0161tine novozelandskih Hrvata\u201c donosi sliku iseljenoga hrvatskog prostora na najudaljeniju stranu svijeta \u2013 u daleki Novi Zeland. Okupljena poglavlja obuhvatila su vi\u0161e podru\u010dja kako bi se interdisciplinarno promotrilo (o)\u010duvanje kulturnoga, dru\u0161tvenoga i jezi\u010dnoga identiteta hrvatskih predaka. Podru\u010dja znanosti, umjetnosti, jezika, svakodnevne kulture, knji\u017eevnosti, ali i podru\u010dje povijesti, geografije, sociologije, etnologije i etnografije pa sve do izdava\u0161tva, sporta i utjecaja suvremenih dru\u0161tvenih mre\u017ea na funkcioniranje i odr\u017eavanje kulture predaka u dana\u0161njemu pona\u0161anju potomaka pozicije su iz kojih se u knjizi promatra ono \u0161to je bila sredi\u0161nja nakana ovoga zbornika: predstaviti u suvremenosti (o)\u010duvanost slike staroga vremena i starih obrazaca prenesenih s hrvatskih prostora na Novi Zeland.<\/p>\n\n\n\n<p>U zborniku je zorno prikazan vi\u0161eslojni identitet ishodi\u0161noga hrvatskog dru\u0161tvenog, kulturnog i jezi\u010dnog prostora u dana\u0161njoj novozelandskoj svakodnevnici me\u0111u potomcima hrvatskih iseljenika. Stoga je ova knjiga izvrstan znanstveni vodi\u010d kako promatrati o\u010duvanost kulture prostora iseljavanja u prostoru \u017eivljenja i organizacije svakodnevice.<\/p>\n\n\n\n<p>Knjiga \u0107e zasigurno na\u0107i svoje mjesto u nizu dru\u0161tveno-humanisti\u010dkih podru\u010dja \u2013 od sociologa, kulturologa, povjesni\u010dara, geografa, etnologa pa do jezikoslovaca i knji\u017eevno-povijesnih teoreti\u010dara. Fenomen iseljavanja s hrvatskih prostora i \u010duvanje identiteta zavi\u010daja na novozelandskom prostoru ovom je knjigom dobio va\u017ean izvor za promatranja tih fenomena kako na europskome tako i na prekomorskim prostorima, u prvome redu Sjeverne i Ju\u017ene Amerike te Australije.<\/p>\n\n\n\n<p><strong>Izdava\u010d<\/strong>: Hrvatska sveu\u010dili\u0161na naklada<br><strong>Godina izdavanja<\/strong>: 2025<br><strong>Broj stranica<\/strong>: 432<\/p>\n\n\n\n<hr class=\"wp-block-separator has-alpha-channel-opacity\"\/>\n\n\n\n<p><strong>Izvor<\/strong>: <a href=\"https:\/\/www.hsn.hr\/product\/1657\/tebe-cu-cekati-ja-iz-is-pisane-ostavstine-novozelandskih-hrvata\">https:\/\/www.hsn.hr\/product\/1657\/tebe-cu-cekati-ja-iz-is-pisane-ostavstine-novozelandskih-hrvata<\/a><\/p>\n\n\n\n<hr class=\"wp-block-separator has-alpha-channel-opacity\"\/>\n","protected":false},"excerpt":{"rendered":"","protected":false},"author":2,"featured_media":50255,"comment_status":"open","ping_status":"open","sticky":false,"template":"","format":"standard","meta":{"_acf_changed":false,"jetpack_post_was_ever_published":false,"_jetpack_newsletter_access":"","_jetpack_dont_email_post_to_subs":false,"_jetpack_newsletter_tier_id":0,"_jetpack_memberships_contains_paywalled_content":false,"_jetpack_memberships_contains_paid_content":false,"footnotes":"","jetpack_publicize_message":"","jetpack_publicize_feature_enabled":true,"jetpack_social_post_already_shared":true,"jetpack_social_options":{"image_generator_settings":{"template":"highway","default_image_id":0,"font":"","enabled":false},"version":2}},"categories":[8,3],"tags":[],"class_list":["post-50254","post","type-post","status-publish","format-standard","has-post-thumbnail","hentry","category-knjige","category-novosti"],"acf":{"facebook_opis":""},"jetpack_publicize_connections":[],"jetpack_featured_media_url":"https:\/\/i0.wp.com\/historiografija.hr\/wp-content\/uploads\/2025\/12\/Tebe-cu-cekati-ja.jpg?fit=622%2C895&ssl=1","jetpack_sharing_enabled":true,"jetpack-related-posts":[],"_links":{"self":[{"href":"https:\/\/historiografija.hr\/index.php?rest_route=\/wp\/v2\/posts\/50254","targetHints":{"allow":["GET"]}}],"collection":[{"href":"https:\/\/historiografija.hr\/index.php?rest_route=\/wp\/v2\/posts"}],"about":[{"href":"https:\/\/historiografija.hr\/index.php?rest_route=\/wp\/v2\/types\/post"}],"author":[{"embeddable":true,"href":"https:\/\/historiografija.hr\/index.php?rest_route=\/wp\/v2\/users\/2"}],"replies":[{"embeddable":true,"href":"https:\/\/historiografija.hr\/index.php?rest_route=%2Fwp%2Fv2%2Fcomments&post=50254"}],"version-history":[{"count":1,"href":"https:\/\/historiografija.hr\/index.php?rest_route=\/wp\/v2\/posts\/50254\/revisions"}],"predecessor-version":[{"id":50256,"href":"https:\/\/historiografija.hr\/index.php?rest_route=\/wp\/v2\/posts\/50254\/revisions\/50256"}],"wp:featuredmedia":[{"embeddable":true,"href":"https:\/\/historiografija.hr\/index.php?rest_route=\/wp\/v2\/media\/50255"}],"wp:attachment":[{"href":"https:\/\/historiografija.hr\/index.php?rest_route=%2Fwp%2Fv2%2Fmedia&parent=50254"}],"wp:term":[{"taxonomy":"category","embeddable":true,"href":"https:\/\/historiografija.hr\/index.php?rest_route=%2Fwp%2Fv2%2Fcategories&post=50254"},{"taxonomy":"post_tag","embeddable":true,"href":"https:\/\/historiografija.hr\/index.php?rest_route=%2Fwp%2Fv2%2Ftags&post=50254"}],"curies":[{"name":"wp","href":"https:\/\/api.w.org\/{rel}","templated":true}]}}