{"id":50235,"date":"2025-12-10T22:09:03","date_gmt":"2025-12-10T22:09:03","guid":{"rendered":"https:\/\/historiografija.hr\/?p=50235"},"modified":"2025-12-10T22:09:03","modified_gmt":"2025-12-10T22:09:03","slug":"promocija-knjige-nenada-rizvanovica-zadnja-posta-osijek-u-osijeku","status":"publish","type":"post","link":"https:\/\/historiografija.hr\/?p=50235","title":{"rendered":"Promocija knjige Nenada Rizvanovi\u0107a \u201eZadnja po\u0161ta Osijek\u201c u Osijeku"},"content":{"rendered":"\n<p>Udruga Planta\u017ea poziva sve na promociju \u201cZadnja po\u0161ta Osijek\u201d autora Nenada Rizvanovi\u0107a, koja \u0107e se odr\u017eati u subotu, 13. prosinca 2025. u 19:00 sati, u galeriji Kazamat, Ul. Vatroslava Jagi\u0107a 2, Osijek.<\/p>\n\n\n\n<p>Promociju organizira udruga PLANTa\u017ea u sklopu projekta Kultura na asfaltu, programa kojemu je cilj ja\u010danje svijesti o va\u017enosti kulture, knji\u017eevnosti i pisanja u dana\u0161njem dru\u0161tvu te njihova ve\u0107a dostupnost \u0161iroj javnosti.<\/p>\n\n\n\n<p>Uz autora, na razgovoru \u0107e sudjelovati i Zlata \u017divakovi\u0107-Ker\u017ee, povjesni\u010darka i kroni\u010darka grada Osijeka te Helena Sabli\u0107 Tomi\u0107, knji\u017eevna teoreti\u010darka i dekanica Akademije za umjetnost i kulturu.<\/p>\n\n\n\n<p>Ovo je zadnja ovogodi\u0161nja aktivnost projekta, a program uklju\u010duje predstavljanje knjige, razgovor o njezinim temama i o kulturnom identitetu Osijeka, kao i dru\u017eenje s autorom i panelisticama.<\/p>\n\n\n\n<hr class=\"wp-block-separator has-alpha-channel-opacity\"\/>\n\n\n\n<p>Izvor:<\/p>\n\n\n\n<p><a href=\"https:\/\/sib.net.hr\/dogadjanja\/1260503\/galerija-kazamat-promocija-zadnja-posta-osijek\">https:\/\/sib.net.hr\/dogadjanja\/1260503\/galerija-kazamat-promocija-zadnja-posta-osijek<\/a><\/p>\n\n\n\n<hr class=\"wp-block-separator has-alpha-channel-opacity\"\/>\n\n\n\n<p>Prethodna obavijest na portalu Historiografija.hr:<\/p>\n\n\n\n<figure class=\"wp-block-embed is-type-wp-embed is-provider-historiografija-hr wp-block-embed-historiografija-hr\"><div class=\"wp-block-embed__wrapper\">\n<blockquote class=\"wp-embedded-content\" data-secret=\"ogCl2UQTGs\"><a href=\"https:\/\/historiografija.hr\/?p=50047\">Nenad Rizvanovi\u0107, \u201eZadnja po\u0161ta Osijek\u201c<\/a><\/blockquote><iframe loading=\"lazy\" class=\"wp-embedded-content\" sandbox=\"allow-scripts\" security=\"restricted\" style=\"position: absolute; visibility: hidden;\" title=\"&#8220;Nenad Rizvanovi\u0107, \u201eZadnja po\u0161ta Osijek\u201c&#8221; &#8212; Historiografija.hr\" src=\"https:\/\/historiografija.hr\/?p=50047&#038;embed=true#?secret=mg4IOXmSZQ#?secret=ogCl2UQTGs\" data-secret=\"ogCl2UQTGs\" width=\"600\" height=\"338\" frameborder=\"0\" marginwidth=\"0\" marginheight=\"0\" scrolling=\"no\"><\/iframe>\n<\/div><\/figure>\n\n\n\n<hr class=\"wp-block-separator has-alpha-channel-opacity\"\/>\n","protected":false},"excerpt":{"rendered":"","protected":false},"author":2,"featured_media":50236,"comment_status":"open","ping_status":"open","sticky":false,"template":"","format":"standard","meta":{"_acf_changed":false,"jetpack_post_was_ever_published":false,"_jetpack_newsletter_access":"","_jetpack_dont_email_post_to_subs":false,"_jetpack_newsletter_tier_id":0,"_jetpack_memberships_contains_paywalled_content":false,"_jetpack_memberships_contains_paid_content":false,"footnotes":"","jetpack_publicize_message":"","jetpack_publicize_feature_enabled":true,"jetpack_social_post_already_shared":true,"jetpack_social_options":{"image_generator_settings":{"template":"highway","default_image_id":0,"font":"","enabled":false},"version":2}},"categories":[3],"tags":[],"class_list":["post-50235","post","type-post","status-publish","format-standard","has-post-thumbnail","hentry","category-novosti"],"acf":{"facebook_opis":""},"jetpack_publicize_connections":[],"jetpack_featured_media_url":"https:\/\/i0.wp.com\/historiografija.hr\/wp-content\/uploads\/2025\/12\/Posta.webp?fit=1400%2C1400&ssl=1","jetpack_sharing_enabled":true,"jetpack-related-posts":[],"_links":{"self":[{"href":"https:\/\/historiografija.hr\/index.php?rest_route=\/wp\/v2\/posts\/50235","targetHints":{"allow":["GET"]}}],"collection":[{"href":"https:\/\/historiografija.hr\/index.php?rest_route=\/wp\/v2\/posts"}],"about":[{"href":"https:\/\/historiografija.hr\/index.php?rest_route=\/wp\/v2\/types\/post"}],"author":[{"embeddable":true,"href":"https:\/\/historiografija.hr\/index.php?rest_route=\/wp\/v2\/users\/2"}],"replies":[{"embeddable":true,"href":"https:\/\/historiografija.hr\/index.php?rest_route=%2Fwp%2Fv2%2Fcomments&post=50235"}],"version-history":[{"count":1,"href":"https:\/\/historiografija.hr\/index.php?rest_route=\/wp\/v2\/posts\/50235\/revisions"}],"predecessor-version":[{"id":50237,"href":"https:\/\/historiografija.hr\/index.php?rest_route=\/wp\/v2\/posts\/50235\/revisions\/50237"}],"wp:featuredmedia":[{"embeddable":true,"href":"https:\/\/historiografija.hr\/index.php?rest_route=\/wp\/v2\/media\/50236"}],"wp:attachment":[{"href":"https:\/\/historiografija.hr\/index.php?rest_route=%2Fwp%2Fv2%2Fmedia&parent=50235"}],"wp:term":[{"taxonomy":"category","embeddable":true,"href":"https:\/\/historiografija.hr\/index.php?rest_route=%2Fwp%2Fv2%2Fcategories&post=50235"},{"taxonomy":"post_tag","embeddable":true,"href":"https:\/\/historiografija.hr\/index.php?rest_route=%2Fwp%2Fv2%2Ftags&post=50235"}],"curies":[{"name":"wp","href":"https:\/\/api.w.org\/{rel}","templated":true}]}}