{"id":50227,"date":"2025-12-09T22:58:47","date_gmt":"2025-12-09T22:58:47","guid":{"rendered":"https:\/\/historiografija.hr\/?p=50227"},"modified":"2025-12-09T22:59:38","modified_gmt":"2025-12-09T22:59:38","slug":"predavanje-tomislava-galovica-tomislav-kralj-hrvata","status":"publish","type":"post","link":"https:\/\/historiografija.hr\/?p=50227","title":{"rendered":"Predavanje Tomislava Galovi\u0107a \u201eTomislav kralj Hrvata\u201c"},"content":{"rendered":"\n<p>Predavanja i vodstva uz izlo\u017ebu \u201cU po\u010detku bija\u0161e Kraljevstvo \u2013 1100 godina Hrvatskoga kraljevstva\u201d<\/p>\n\n\n\n<p>Galerija Klovi\u0107evi dvori, 11. 12. 2025. u 18 sati<\/p>\n\n\n\n<hr class=\"wp-block-separator has-alpha-channel-opacity\"\/>\n\n\n\n<p><em>Dilecto filio Tamisclao, regi Croatorum<\/em> \/ Dragom sinu Tomislavu, kralju Hrvata &#8211; tim je rije\u010dima to\u010dno prije 1100 godina papa Ivan X. u svome pismu&nbsp;iz 925. godine Tomislava titulirao kao kralja Hrvata i dragoga sina. U predavanju \u0107e se iznijeti sve \u0161to znamo, tj. \u0161to i kako nam se sa\u010duvalo od&nbsp;imena i djela Tomislava \u2013 prvog hrvatskog kralja, a povrh toga kako su ga tijekom stolje\u0107a percipirali i do\u017eivljavali ljudi od pera, kista i dlijeta, napose povjesni\u010dari i&nbsp;umjetnici, ali i hrvatski narod u cjelini.<\/p>\n\n\n\n<p>Predavanje \u0107e odr\u017eati prof. dr. sc. Tomislav Galovi\u0107.<\/p>\n\n\n\n<hr class=\"wp-block-separator has-alpha-channel-opacity\"\/>\n\n\n\n<figure class=\"wp-block-embed is-type-wp-embed is-provider-historiografija-hr wp-block-embed-historiografija-hr\"><div class=\"wp-block-embed__wrapper\">\n<blockquote class=\"wp-embedded-content\" data-secret=\"rM1OamiRxS\"><a href=\"https:\/\/historiografija.hr\/?p=49612\">Predavanja i vodstva uz izlo\u017ebu \u201cU po\u010detku bija\u0161e Kraljevstvo \u2013 1100 godina Hrvatskoga kraljevstva\u201d<\/a><\/blockquote><iframe loading=\"lazy\" class=\"wp-embedded-content\" sandbox=\"allow-scripts\" security=\"restricted\" style=\"position: absolute; visibility: hidden;\" title=\"&#8220;Predavanja i vodstva uz izlo\u017ebu \u201cU po\u010detku bija\u0161e Kraljevstvo \u2013 1100 godina Hrvatskoga kraljevstva\u201d&#8221; &#8212; Historiografija.hr\" src=\"https:\/\/historiografija.hr\/?p=49612&#038;embed=true#?secret=RC0U4v3PWT#?secret=rM1OamiRxS\" data-secret=\"rM1OamiRxS\" width=\"600\" height=\"338\" frameborder=\"0\" marginwidth=\"0\" marginheight=\"0\" scrolling=\"no\"><\/iframe>\n<\/div><\/figure>\n\n\n\n<hr class=\"wp-block-separator has-alpha-channel-opacity\"\/>\n","protected":false},"excerpt":{"rendered":"","protected":false},"author":2,"featured_media":49726,"comment_status":"open","ping_status":"open","sticky":false,"template":"","format":"standard","meta":{"_acf_changed":false,"jetpack_post_was_ever_published":false,"_jetpack_newsletter_access":"","_jetpack_dont_email_post_to_subs":false,"_jetpack_newsletter_tier_id":0,"_jetpack_memberships_contains_paywalled_content":false,"_jetpack_memberships_contains_paid_content":false,"footnotes":"","jetpack_publicize_message":"","jetpack_publicize_feature_enabled":true,"jetpack_social_post_already_shared":true,"jetpack_social_options":{"image_generator_settings":{"template":"highway","default_image_id":0,"font":"","enabled":false},"version":2}},"categories":[3],"tags":[],"class_list":["post-50227","post","type-post","status-publish","format-standard","has-post-thumbnail","hentry","category-novosti"],"acf":{"facebook_opis":""},"jetpack_publicize_connections":[],"jetpack_featured_media_url":"https:\/\/i0.wp.com\/historiografija.hr\/wp-content\/uploads\/2025\/11\/Izlozba_predavanja.jpeg?fit=820%2C360&ssl=1","jetpack_sharing_enabled":true,"jetpack-related-posts":[],"_links":{"self":[{"href":"https:\/\/historiografija.hr\/index.php?rest_route=\/wp\/v2\/posts\/50227","targetHints":{"allow":["GET"]}}],"collection":[{"href":"https:\/\/historiografija.hr\/index.php?rest_route=\/wp\/v2\/posts"}],"about":[{"href":"https:\/\/historiografija.hr\/index.php?rest_route=\/wp\/v2\/types\/post"}],"author":[{"embeddable":true,"href":"https:\/\/historiografija.hr\/index.php?rest_route=\/wp\/v2\/users\/2"}],"replies":[{"embeddable":true,"href":"https:\/\/historiografija.hr\/index.php?rest_route=%2Fwp%2Fv2%2Fcomments&post=50227"}],"version-history":[{"count":1,"href":"https:\/\/historiografija.hr\/index.php?rest_route=\/wp\/v2\/posts\/50227\/revisions"}],"predecessor-version":[{"id":50228,"href":"https:\/\/historiografija.hr\/index.php?rest_route=\/wp\/v2\/posts\/50227\/revisions\/50228"}],"wp:featuredmedia":[{"embeddable":true,"href":"https:\/\/historiografija.hr\/index.php?rest_route=\/wp\/v2\/media\/49726"}],"wp:attachment":[{"href":"https:\/\/historiografija.hr\/index.php?rest_route=%2Fwp%2Fv2%2Fmedia&parent=50227"}],"wp:term":[{"taxonomy":"category","embeddable":true,"href":"https:\/\/historiografija.hr\/index.php?rest_route=%2Fwp%2Fv2%2Fcategories&post=50227"},{"taxonomy":"post_tag","embeddable":true,"href":"https:\/\/historiografija.hr\/index.php?rest_route=%2Fwp%2Fv2%2Ftags&post=50227"}],"curies":[{"name":"wp","href":"https:\/\/api.w.org\/{rel}","templated":true}]}}