{"id":50221,"date":"2025-12-09T22:39:06","date_gmt":"2025-12-09T22:39:06","guid":{"rendered":"https:\/\/historiografija.hr\/?p=50221"},"modified":"2025-12-09T22:39:06","modified_gmt":"2025-12-09T22:39:06","slug":"izlozba-renesansa-pod-morem-brodolom-velike-gagliane-kod-maloga-gnalica-1583","status":"publish","type":"post","link":"https:\/\/historiografija.hr\/?p=50221","title":{"rendered":"Izlo\u017eba &#8220;Renesansa pod morem &#8211; brodolom velike Gagliane kod maloga\u00a0Gnali\u0107a\u00a01583.&#8221;"},"content":{"rendered":"\n<p>Hrvatski pomorski muzej Split<\/p>\n\n\n\n<p>i<\/p>\n\n\n\n<p>Zavi\u010dajni muzej Biograd na Moru<\/p>\n\n\n\n<p>sa zadovoljstvom Vas pozivaju na otvorenje izlo\u017ebe<\/p>\n\n\n\n<p><strong>Renesansa pod morem<\/strong> <strong>&#8211; brodolom velike\u00a0<\/strong><em><strong>Gagliane<\/strong><\/em><strong>\u00a0kod maloga\u00a0Gnali\u0107a\u00a01583<\/strong>.<\/p>\n\n\n\n<p>autorica<\/p>\n\n\n\n<p><strong>Petre Radi\u0107 i Vinke Kli\u0161mani\u0107<\/strong><\/p>\n\n\n\n<p>u \u010detvrtak, 11. prosinca 2025. godine u 18:00 sati<\/p>\n\n\n\n<p>u Hrvatskom pomorskom muzeju Split,\u00a0 Tvr\u0111ava Gripe<\/p>\n\n\n\n<p>Radujemo se Va\u0161em dolasku!<\/p>\n\n\n\n<hr class=\"wp-block-separator has-alpha-channel-opacity\"\/>\n\n\n\n<p><strong>Renesansa pod morem &#8211; brodolom velike <em>Gagliane<\/em> kod maloga&nbsp;Gnali\u0107a&nbsp;1<\/strong><strong>583<\/strong>.<strong><\/strong><\/p>\n\n\n\n<p>Kada su 1967. godine zapo\u010dela sustavna arheolo\u0161ka istra\u017eivanja brodoloma kod oto\u010di\u0107a <strong>Gnali\u0107a<\/strong>, malo je tko mogao pretpostaviti da \u0107e upravo taj lokalitet postati jedan od najvrjednijih prozora u svijet kasne renesanse. Od tada do danas pro\u0161lo je gotovo \u0161ezdeset godina neprekinutog interesa, rada i predanosti niza stru\u010dnjaka: podvodnih arheologa, konzervatora, restauratora, povjesni\u010dara, muzealaca, tehni\u010dara i suradnika iz Hrvatske i inozemstva. Zahvaljuju\u0107i njihovoj upornosti, znanstvenoj radoznalosti i nerijetko osobnoj hrabrosti, iz morskog je dna spa\u0161en izvanredan korpus predmeta, ali i sama znanstvena pri\u010da o brodu <strong><em>Gagliana grossa<\/em><\/strong> i svijetu kojemu je pripadao.<\/p>\n\n\n\n<p>Po\u010detak nove etape u ovoj pri\u010di je realizacija Interpretacijskog centra brodoloma kod Gnali\u0107a u Biogradu na Moru. U tijeku je stvaranja suvremenog prostora u kojem \u0107e ovo iznimno naslje\u0111e biti dostupno javnosti na na\u010din kakav ono zaslu\u017euje. Interpretacijski centar donijet \u0107e tematski i tehnolo\u0161ki suvremenu prezentaciju brodske opreme i tereta, predstaviti razvoj podvodne arheologije te Jadran kao povijesnu pomorsku rutu Mediterana. U i\u0161\u010dekivanju realizacije budu\u0107eg interpretacijskog centra<strong>, Hrvatski pomorski muzej Split<\/strong> i <strong>Zavi\u010dajni muzej Biograd na Moru<\/strong> nastoje odr\u017eati temu brodoloma kod Gnali\u0107a dostupnom i vidljivom.<\/p>\n\n\n\n<p>U tom duhu organizira se izlo\u017eba u Splitu, autorice koje su <strong>Petra Radi\u0107<\/strong> i <strong>Vinka Kli\u0161mani\u0107<\/strong> te je kao katalog izlo\u017ebe pripremljeno novo, izmijenjeno i dopunjeno izdanje knjige \u201eBrodolom kod Gnali\u0107a: ogledalo renesansnog svijeta\u201c, autorice <strong>Irene Radi\u0107 Rossi<\/strong>. Taj skroman doprinos svojevrstan je na\u010din da se u razdoblju muzejske \u201eti\u0161ine\u201c omogu\u0107i pristup ovoj iznimnoj muzejskoj gra\u0111i i pri\u010di staroj \u010detiri i pol stolje\u0107a.<\/p>\n\n\n\n<p>Izlo\u017eba je realizirana uz potporu Ministarstva kulture i medija RH, Splitsko &#8211; dalmatinske \u017eupanije, Grada Splita i Grada Biograda na Moru, a ostaje otvorena do 11. velja\u010de 2026. godine.<\/p>\n\n\n\n<hr class=\"wp-block-separator has-alpha-channel-opacity\"\/>\n","protected":false},"excerpt":{"rendered":"","protected":false},"author":2,"featured_media":50222,"comment_status":"open","ping_status":"open","sticky":false,"template":"","format":"standard","meta":{"_acf_changed":false,"jetpack_post_was_ever_published":false,"_jetpack_newsletter_access":"","_jetpack_dont_email_post_to_subs":false,"_jetpack_newsletter_tier_id":0,"_jetpack_memberships_contains_paywalled_content":false,"_jetpack_memberships_contains_paid_content":false,"footnotes":"","jetpack_publicize_message":"","jetpack_publicize_feature_enabled":true,"jetpack_social_post_already_shared":true,"jetpack_social_options":{"image_generator_settings":{"template":"highway","default_image_id":0,"font":"","enabled":false},"version":2}},"categories":[10,3],"tags":[],"class_list":["post-50221","post","type-post","status-publish","format-standard","has-post-thumbnail","hentry","category-izlozbe","category-novosti"],"acf":{"facebook_opis":""},"jetpack_publicize_connections":[],"jetpack_featured_media_url":"https:\/\/i0.wp.com\/historiografija.hr\/wp-content\/uploads\/2025\/12\/1-pozivnica-GNALIC-11.12.jpg?fit=1241%2C875&ssl=1","jetpack_sharing_enabled":true,"jetpack-related-posts":[],"_links":{"self":[{"href":"https:\/\/historiografija.hr\/index.php?rest_route=\/wp\/v2\/posts\/50221","targetHints":{"allow":["GET"]}}],"collection":[{"href":"https:\/\/historiografija.hr\/index.php?rest_route=\/wp\/v2\/posts"}],"about":[{"href":"https:\/\/historiografija.hr\/index.php?rest_route=\/wp\/v2\/types\/post"}],"author":[{"embeddable":true,"href":"https:\/\/historiografija.hr\/index.php?rest_route=\/wp\/v2\/users\/2"}],"replies":[{"embeddable":true,"href":"https:\/\/historiografija.hr\/index.php?rest_route=%2Fwp%2Fv2%2Fcomments&post=50221"}],"version-history":[{"count":1,"href":"https:\/\/historiografija.hr\/index.php?rest_route=\/wp\/v2\/posts\/50221\/revisions"}],"predecessor-version":[{"id":50223,"href":"https:\/\/historiografija.hr\/index.php?rest_route=\/wp\/v2\/posts\/50221\/revisions\/50223"}],"wp:featuredmedia":[{"embeddable":true,"href":"https:\/\/historiografija.hr\/index.php?rest_route=\/wp\/v2\/media\/50222"}],"wp:attachment":[{"href":"https:\/\/historiografija.hr\/index.php?rest_route=%2Fwp%2Fv2%2Fmedia&parent=50221"}],"wp:term":[{"taxonomy":"category","embeddable":true,"href":"https:\/\/historiografija.hr\/index.php?rest_route=%2Fwp%2Fv2%2Fcategories&post=50221"},{"taxonomy":"post_tag","embeddable":true,"href":"https:\/\/historiografija.hr\/index.php?rest_route=%2Fwp%2Fv2%2Ftags&post=50221"}],"curies":[{"name":"wp","href":"https:\/\/api.w.org\/{rel}","templated":true}]}}