{"id":50215,"date":"2025-12-09T22:26:35","date_gmt":"2025-12-09T22:26:35","guid":{"rendered":"https:\/\/historiografija.hr\/?p=50215"},"modified":"2025-12-09T22:29:22","modified_gmt":"2025-12-09T22:29:22","slug":"svecana-godisnja-skupstina-povijesnog-drustva-pozega-2025-i-predavanje-dinka-zupana-zivot-i-djelo-fra-matije-petra-katancica","status":"publish","type":"post","link":"https:\/\/historiografija.hr\/?p=50215","title":{"rendered":"Sve\u010dana godi\u0161nja skup\u0161tina Povijesnog dru\u0161tva Po\u017eega 2025. i predavanje Dinka \u017dupana \u201e\u017divot i djelo fra Matije Petra Katan\u010di\u0107a\u201c"},"content":{"rendered":"\n<p>Sve\u010dana godi\u0161nja skup\u0161tina Povijesnog dru\u0161tva Po\u017eega odr\u017eat \u0107e se u \u010detvrtak, 11. prosinca 2025. u 18 sati u Gradskoj knji\u017enici Po\u017eega. <\/p>\n\n\n\n<p>Tom \u0107e prigodom dr. sc. Dinko \u017dupan odr\u017eati predavanje \u201e\u017divot i djelo fra Matije Petra Katan\u010di\u0107a\u201c.<\/p>\n\n\n\n<p>Op\u0161irnije u pozivnici u prilogu.<\/p>\n\n\n\n<hr class=\"wp-block-separator has-alpha-channel-opacity\"\/>\n\n\n\n<figure class=\"wp-block-image size-large\"><img data-recalc-dims=\"1\" loading=\"lazy\" decoding=\"async\" width=\"860\" height=\"561\" data-attachment-id=\"50216\" data-permalink=\"https:\/\/historiografija.hr\/?attachment_id=50216\" data-orig-file=\"https:\/\/i0.wp.com\/historiografija.hr\/wp-content\/uploads\/2025\/12\/PdP_2025-Godisnja-skupstina-.jpg?fit=1575%2C1028&amp;ssl=1\" data-orig-size=\"1575,1028\" data-comments-opened=\"1\" data-image-meta=\"{&quot;aperture&quot;:&quot;0&quot;,&quot;credit&quot;:&quot;&quot;,&quot;camera&quot;:&quot;&quot;,&quot;caption&quot;:&quot;&quot;,&quot;created_timestamp&quot;:&quot;0&quot;,&quot;copyright&quot;:&quot;&quot;,&quot;focal_length&quot;:&quot;0&quot;,&quot;iso&quot;:&quot;0&quot;,&quot;shutter_speed&quot;:&quot;0&quot;,&quot;title&quot;:&quot;&quot;,&quot;orientation&quot;:&quot;1&quot;}\" data-image-title=\"PdP_2025 Godi\u0161nja skup\u0161tina\" data-image-description=\"\" data-image-caption=\"\" data-large-file=\"https:\/\/i0.wp.com\/historiografija.hr\/wp-content\/uploads\/2025\/12\/PdP_2025-Godisnja-skupstina-.jpg?fit=860%2C561&amp;ssl=1\" src=\"https:\/\/i0.wp.com\/historiografija.hr\/wp-content\/uploads\/2025\/12\/PdP_2025-Godisnja-skupstina-.jpg?resize=860%2C561&#038;ssl=1\" alt=\"\" class=\"wp-image-50216\" srcset=\"https:\/\/i0.wp.com\/historiografija.hr\/wp-content\/uploads\/2025\/12\/PdP_2025-Godisnja-skupstina-.jpg?resize=1024%2C668&amp;ssl=1 1024w, https:\/\/i0.wp.com\/historiografija.hr\/wp-content\/uploads\/2025\/12\/PdP_2025-Godisnja-skupstina-.jpg?resize=300%2C196&amp;ssl=1 300w, https:\/\/i0.wp.com\/historiografija.hr\/wp-content\/uploads\/2025\/12\/PdP_2025-Godisnja-skupstina-.jpg?resize=768%2C501&amp;ssl=1 768w, https:\/\/i0.wp.com\/historiografija.hr\/wp-content\/uploads\/2025\/12\/PdP_2025-Godisnja-skupstina-.jpg?resize=1536%2C1003&amp;ssl=1 1536w, https:\/\/i0.wp.com\/historiografija.hr\/wp-content\/uploads\/2025\/12\/PdP_2025-Godisnja-skupstina-.jpg?w=1575&amp;ssl=1 1575w\" sizes=\"auto, (max-width: 860px) 100vw, 860px\" \/><\/figure>\n\n\n\n<hr class=\"wp-block-separator has-alpha-channel-opacity\"\/>\n","protected":false},"excerpt":{"rendered":"","protected":false},"author":2,"featured_media":50216,"comment_status":"open","ping_status":"open","sticky":false,"template":"","format":"standard","meta":{"_acf_changed":false,"jetpack_post_was_ever_published":false,"_jetpack_newsletter_access":"","_jetpack_dont_email_post_to_subs":false,"_jetpack_newsletter_tier_id":0,"_jetpack_memberships_contains_paywalled_content":false,"_jetpack_memberships_contains_paid_content":false,"footnotes":"","jetpack_publicize_message":"","jetpack_publicize_feature_enabled":true,"jetpack_social_post_already_shared":true,"jetpack_social_options":{"image_generator_settings":{"template":"highway","default_image_id":0,"font":"","enabled":false},"version":2}},"categories":[3],"tags":[],"class_list":["post-50215","post","type-post","status-publish","format-standard","has-post-thumbnail","hentry","category-novosti"],"acf":{"facebook_opis":""},"jetpack_publicize_connections":[],"jetpack_featured_media_url":"https:\/\/i0.wp.com\/historiografija.hr\/wp-content\/uploads\/2025\/12\/PdP_2025-Godisnja-skupstina-.jpg?fit=1575%2C1028&ssl=1","jetpack_sharing_enabled":true,"jetpack-related-posts":[],"_links":{"self":[{"href":"https:\/\/historiografija.hr\/index.php?rest_route=\/wp\/v2\/posts\/50215","targetHints":{"allow":["GET"]}}],"collection":[{"href":"https:\/\/historiografija.hr\/index.php?rest_route=\/wp\/v2\/posts"}],"about":[{"href":"https:\/\/historiografija.hr\/index.php?rest_route=\/wp\/v2\/types\/post"}],"author":[{"embeddable":true,"href":"https:\/\/historiografija.hr\/index.php?rest_route=\/wp\/v2\/users\/2"}],"replies":[{"embeddable":true,"href":"https:\/\/historiografija.hr\/index.php?rest_route=%2Fwp%2Fv2%2Fcomments&post=50215"}],"version-history":[{"count":4,"href":"https:\/\/historiografija.hr\/index.php?rest_route=\/wp\/v2\/posts\/50215\/revisions"}],"predecessor-version":[{"id":50220,"href":"https:\/\/historiografija.hr\/index.php?rest_route=\/wp\/v2\/posts\/50215\/revisions\/50220"}],"wp:featuredmedia":[{"embeddable":true,"href":"https:\/\/historiografija.hr\/index.php?rest_route=\/wp\/v2\/media\/50216"}],"wp:attachment":[{"href":"https:\/\/historiografija.hr\/index.php?rest_route=%2Fwp%2Fv2%2Fmedia&parent=50215"}],"wp:term":[{"taxonomy":"category","embeddable":true,"href":"https:\/\/historiografija.hr\/index.php?rest_route=%2Fwp%2Fv2%2Fcategories&post=50215"},{"taxonomy":"post_tag","embeddable":true,"href":"https:\/\/historiografija.hr\/index.php?rest_route=%2Fwp%2Fv2%2Ftags&post=50215"}],"curies":[{"name":"wp","href":"https:\/\/api.w.org\/{rel}","templated":true}]}}