{"id":50210,"date":"2025-12-09T22:12:35","date_gmt":"2025-12-09T22:12:35","guid":{"rendered":"https:\/\/historiografija.hr\/?p=50210"},"modified":"2025-12-09T22:14:21","modified_gmt":"2025-12-09T22:14:21","slug":"predstavljanje-knjige-mirele-dakic-rod-avangarda-i-politika-pisanja","status":"publish","type":"post","link":"https:\/\/historiografija.hr\/?p=50210","title":{"rendered":"Predstavljanje knjige Mirele Daki\u0107 \u201cRod, avangarda i politika pisanja\u201d"},"content":{"rendered":"\n<p>Predstavljanje knjige Mirele Daki\u0107 \u201cRod, avangarda i politika pisanja\u201d odr\u017eat \u0107e se u srijedu, 10.12.2025. s po\u010detkom u 18 sati u Booksi, Marti\u0107eva ulica 14d, Zagreb.<\/p>\n\n\n\n<p>O knjizi \u0107e govoriti:<br>urednik biblioteke Ellipsis Maroje Vi\u0161i\u0107, Lada \u010cale Feldman, Zrinka Bo\u017ei\u0107 i autorica Mirela Daki\u0107.<\/p>\n\n\n\n<p>\u201cVe\u0107 se dugo u hrvatskom knji\u017eevno-znanstvenom podru\u010dju nije pojavila knjiga koja bi se s toliko akribi\u010dnosti i suverenosti kretala me\u0111unarodno zaku\u010dastim i razgranatim podru\u010djem povijesti feministi\u010dke knji\u017eevne teorije, koje se posljednjih desetlje\u0107a kanda uspjelo prije svega u nas legitimirati bez nekih ambicioznije artikuliranih polemi\u010dkih tonova, gotovo u nekoj atmosferi prividna konsenzusa oko temeljnih kategorija i istra\u017eiva\u010dkih pretpostavki. Bez obzira na u\u017ee podru\u010dje konfrontacije avangarde i modernizma kao prekretni\u010dkih projekata knji\u017eevnopovijesnoga zna\u010daja s knji\u017eevnoteorijskim okvirom feministi\u010dke intervencije u knji\u017eevno-znanstveni krajolik, knjiga je relevantna kao znak svojevrsna bu\u0111enja diskusije oko nekih temeljnih prijepora koji su u hrvatskoj akademskoj sredini ostali gotovo zata\u0161kani, zbog \u010dega je i ugled feministi\u010dke teorije u okru\u017eju ostalih knji\u017eevno-kriti\u010dkih i teorijskih pristupa platio neki danak.\u201d (Lada \u010cale Feldman)<\/p>\n\n\n\n<p>\u201cSvojom ambicijom, \u0161irinom, na\u010dinom argumentacije, pa\u017eljivim radom s pojmovima i dubinskim zahvatom u temeljne tekstove feministi\u010dke teorije, autorica pokazuje da se podsje\u0107anjem na avangardne izvore odre\u0111enih klju\u010dnih pojmova, poput primjerice \u00e9criture f\u00e9minine, valja vratiti rigoroznosti formalnih analiza umjetni\u010dkih postupaka kada se \u017eeli govoriti o revolucionarnosti ili emancipacijskom potencijalu knji\u017eevnosti. Knjiga je namijenjena knji\u017eevno-znanstvenoj zajednici, studentima neofilolo\u0161kih studija, komparatistima, studentima filozofije, sociologije, rodnih studija, prou\u010davateljima avangarde, knji\u017eevno-kriti\u010dkoj i kriti\u010dko-teorijskoj publici, nastavnicima jezika, knji\u017eevnosti, filozofije, sociologije i svima zainteresiranima za politi\u010dku i dru\u0161tvenu dimenziju knji\u017eevnosti i umjetnosti kao i teorije i naslije\u0111e avangarde.\u201d (Zrinka Bo\u017ei\u0107)<\/p>\n\n\n\n<p>\u201cTema knjige korespondira sa hrvatskim i regionalnim, ali i evropskim i svetskim kontekstom i tendencijama, pri \u010demu autorka nudi originalnu disciplinarnu \u201csamokritiku\u201d savremenog feminizma i teorije avangarde, koja se ogleda u svesnom i obrazlo\u017eenom preispitivanju, unutar oba nazna\u010dena polja, statusa knji\u017eevnosti i njenog estetskog i ideolo\u0161kog smisla. Posredi je zna\u010dajna teorijska intervencija, koja nije li\u0161ena ni implikacija unutar \u0161ireg podru\u010dja (ne samo lokalne) humanistike.\u201d (Predrag Brebanovi\u0107)<\/p>\n\n\n\n<hr class=\"wp-block-separator has-alpha-channel-opacity\"\/>\n\n\n\n<p>Izvor:<\/p>\n\n\n\n<figure class=\"wp-block-embed is-type-wp-embed is-provider-centre-for-theoretical-research-in-the-humanities wp-block-embed-centre-for-theoretical-research-in-the-humanities\"><div class=\"wp-block-embed__wrapper\">\n<blockquote class=\"wp-embedded-content\" data-secret=\"hUXYUQiA6a\"><a href=\"https:\/\/ctih.ffzg.unizg.hr\/index.php\/predstavljanje-knjige-mirele-dakic-rod-avangarda-i-politika-pisanja\/\">Predstavljanje knjige Mirele Daki\u0107 &#8220;Rod, avangarda i politika pisanja&#8221;<\/a><\/blockquote><iframe loading=\"lazy\" class=\"wp-embedded-content\" sandbox=\"allow-scripts\" security=\"restricted\" style=\"position: absolute; visibility: hidden;\" title=\"&#8220;Predstavljanje knjige Mirele Daki\u0107 &#8220;Rod, avangarda i politika pisanja&#8221;&#8221; &#8212; Centre for Theoretical Research in the Humanities\" src=\"https:\/\/ctih.ffzg.unizg.hr\/index.php\/predstavljanje-knjige-mirele-dakic-rod-avangarda-i-politika-pisanja\/embed\/#?secret=pL9WAq54ET#?secret=hUXYUQiA6a\" data-secret=\"hUXYUQiA6a\" width=\"600\" height=\"338\" frameborder=\"0\" marginwidth=\"0\" marginheight=\"0\" scrolling=\"no\"><\/iframe>\n<\/div><\/figure>\n\n\n\n<hr class=\"wp-block-separator has-alpha-channel-opacity\"\/>\n","protected":false},"excerpt":{"rendered":"","protected":false},"author":2,"featured_media":50213,"comment_status":"open","ping_status":"open","sticky":false,"template":"","format":"standard","meta":{"_acf_changed":false,"jetpack_post_was_ever_published":false,"_jetpack_newsletter_access":"","_jetpack_dont_email_post_to_subs":false,"_jetpack_newsletter_tier_id":0,"_jetpack_memberships_contains_paywalled_content":false,"_jetpack_memberships_contains_paid_content":false,"footnotes":"","jetpack_publicize_message":"","jetpack_publicize_feature_enabled":true,"jetpack_social_post_already_shared":true,"jetpack_social_options":{"image_generator_settings":{"template":"highway","default_image_id":0,"font":"","enabled":false},"version":2}},"categories":[3],"tags":[],"class_list":["post-50210","post","type-post","status-publish","format-standard","has-post-thumbnail","hentry","category-novosti"],"acf":{"facebook_opis":""},"jetpack_publicize_connections":[],"jetpack_featured_media_url":"https:\/\/i0.wp.com\/historiografija.hr\/wp-content\/uploads\/2025\/12\/Rod-avangarda-i-politika_pozivnica.jpg?fit=1060%2C586&ssl=1","jetpack_sharing_enabled":true,"jetpack-related-posts":[],"_links":{"self":[{"href":"https:\/\/historiografija.hr\/index.php?rest_route=\/wp\/v2\/posts\/50210","targetHints":{"allow":["GET"]}}],"collection":[{"href":"https:\/\/historiografija.hr\/index.php?rest_route=\/wp\/v2\/posts"}],"about":[{"href":"https:\/\/historiografija.hr\/index.php?rest_route=\/wp\/v2\/types\/post"}],"author":[{"embeddable":true,"href":"https:\/\/historiografija.hr\/index.php?rest_route=\/wp\/v2\/users\/2"}],"replies":[{"embeddable":true,"href":"https:\/\/historiografija.hr\/index.php?rest_route=%2Fwp%2Fv2%2Fcomments&post=50210"}],"version-history":[{"count":2,"href":"https:\/\/historiografija.hr\/index.php?rest_route=\/wp\/v2\/posts\/50210\/revisions"}],"predecessor-version":[{"id":50214,"href":"https:\/\/historiografija.hr\/index.php?rest_route=\/wp\/v2\/posts\/50210\/revisions\/50214"}],"wp:featuredmedia":[{"embeddable":true,"href":"https:\/\/historiografija.hr\/index.php?rest_route=\/wp\/v2\/media\/50213"}],"wp:attachment":[{"href":"https:\/\/historiografija.hr\/index.php?rest_route=%2Fwp%2Fv2%2Fmedia&parent=50210"}],"wp:term":[{"taxonomy":"category","embeddable":true,"href":"https:\/\/historiografija.hr\/index.php?rest_route=%2Fwp%2Fv2%2Fcategories&post=50210"},{"taxonomy":"post_tag","embeddable":true,"href":"https:\/\/historiografija.hr\/index.php?rest_route=%2Fwp%2Fv2%2Ftags&post=50210"}],"curies":[{"name":"wp","href":"https:\/\/api.w.org\/{rel}","templated":true}]}}