{"id":50207,"date":"2025-12-09T21:55:22","date_gmt":"2025-12-09T21:55:22","guid":{"rendered":"https:\/\/historiografija.hr\/?p=50207"},"modified":"2025-12-09T21:55:22","modified_gmt":"2025-12-09T21:55:22","slug":"promocija-knjige-ljubinke-skodric-zene-golog-otoka-u-beogradu","status":"publish","type":"post","link":"https:\/\/historiografija.hr\/?p=50207","title":{"rendered":"Promocija knjige Ljubinke \u0160kodri\u0107 \u201e\u017dene Golog otoka\u201c u Beogradu"},"content":{"rendered":"\n<p>Zadu\u017ebina Ilije Kolarca i Vukoti\u0107 Media organiziraju promociju knjige Ljubinke \u0160kodri\u0107 <em>\u017dene Golog otoka<\/em>.<\/p>\n\n\n\n<p>O knjizi \u0107e govoriti:<\/p>\n\n\n\n<p>Bojan Dimitrijevi\u0107<\/p>\n\n\n\n<p>Ana Radakovi\u0107<\/p>\n\n\n\n<p>Ljubinka \u0160kodri\u0107 i<\/p>\n\n\n\n<p>Manjo Vukoti\u0107.<\/p>\n\n\n\n<p>Podsje\u0107amo, knjigu <em>\u017dene Golog otoka<\/em> je objavila izdava\u010dka ku\u0107a Vukoti\u0107 Media iz Beograda. Knjiga prenosi glasove preko hiljadu \u017eena, zato\u010denih, prognanih, osramo\u0107enih, koje su od 1948. do 1956. godine trpjele represiju zbog stvarnih ili navodnih simpatija prema Informbirou.<\/p>\n\n\n\n<p>Pored onih koje su izdr\u017eavale kazne u zatvorima i logorima, obuhva\u0107ene su i sudbine \u017eena koje su stradale zbog izbora svojih najbli\u017eih.<\/p>\n\n\n\n<p>Kroz ispovijesti, arhivsku gra\u0111u i analizu posljedica koje su trajale decenijama, knjiga pru\u017ea dubok i potresan uvid u \u017eenska iskustva jednog od najmra\u010dnijih perioda jugoslovenske istorije.<\/p>\n\n\n\n<p>Knjiga se mo\u017ee nabaviti, sa popustom, kod izdava\u010da na sljede\u0107em <a href=\"https:\/\/vukoticmedia.rs\/proizvod\/zene-golog-otoka\/\">linku<\/a>.<\/p>\n\n\n\n<p>Promocija \u0107e biti u srijedu, 10. decembra 2025. u 19.00 sati u Zadu\u017ebini Ilije M. Kolarca, Studentski trg 5, Beograd.<\/p>\n\n\n\n<hr class=\"wp-block-separator has-alpha-channel-opacity\"\/>\n\n\n\n<p>Preneseno s portala <strong>Historiografija.ba<\/strong>:<\/p>\n\n\n\n<p><a href=\"https:\/\/historiografija.ba\/historija-u-javnosti\/dogadjaji\/promocija-knjige-o-zenama-na-golom-otoku\">https:\/\/historiografija.ba\/historija-u-javnosti\/dogadjaji\/promocija-knjige-o-zenama-na-golom-otoku<\/a><\/p>\n\n\n\n<hr class=\"wp-block-separator has-alpha-channel-opacity\"\/>\n","protected":false},"excerpt":{"rendered":"","protected":false},"author":2,"featured_media":50208,"comment_status":"open","ping_status":"open","sticky":false,"template":"","format":"standard","meta":{"_acf_changed":false,"jetpack_post_was_ever_published":false,"_jetpack_newsletter_access":"","_jetpack_dont_email_post_to_subs":false,"_jetpack_newsletter_tier_id":0,"_jetpack_memberships_contains_paywalled_content":false,"_jetpack_memberships_contains_paid_content":false,"footnotes":"","jetpack_publicize_message":"","jetpack_publicize_feature_enabled":true,"jetpack_social_post_already_shared":true,"jetpack_social_options":{"image_generator_settings":{"template":"highway","default_image_id":0,"font":"","enabled":false},"version":2}},"categories":[3],"tags":[],"class_list":["post-50207","post","type-post","status-publish","format-standard","has-post-thumbnail","hentry","category-novosti"],"acf":{"facebook_opis":""},"jetpack_publicize_connections":[],"jetpack_featured_media_url":"https:\/\/i0.wp.com\/historiografija.hr\/wp-content\/uploads\/2025\/12\/zene-golog-otoka-promocija.jpg?fit=450%2C637&ssl=1","jetpack_sharing_enabled":true,"jetpack-related-posts":[],"_links":{"self":[{"href":"https:\/\/historiografija.hr\/index.php?rest_route=\/wp\/v2\/posts\/50207","targetHints":{"allow":["GET"]}}],"collection":[{"href":"https:\/\/historiografija.hr\/index.php?rest_route=\/wp\/v2\/posts"}],"about":[{"href":"https:\/\/historiografija.hr\/index.php?rest_route=\/wp\/v2\/types\/post"}],"author":[{"embeddable":true,"href":"https:\/\/historiografija.hr\/index.php?rest_route=\/wp\/v2\/users\/2"}],"replies":[{"embeddable":true,"href":"https:\/\/historiografija.hr\/index.php?rest_route=%2Fwp%2Fv2%2Fcomments&post=50207"}],"version-history":[{"count":1,"href":"https:\/\/historiografija.hr\/index.php?rest_route=\/wp\/v2\/posts\/50207\/revisions"}],"predecessor-version":[{"id":50209,"href":"https:\/\/historiografija.hr\/index.php?rest_route=\/wp\/v2\/posts\/50207\/revisions\/50209"}],"wp:featuredmedia":[{"embeddable":true,"href":"https:\/\/historiografija.hr\/index.php?rest_route=\/wp\/v2\/media\/50208"}],"wp:attachment":[{"href":"https:\/\/historiografija.hr\/index.php?rest_route=%2Fwp%2Fv2%2Fmedia&parent=50207"}],"wp:term":[{"taxonomy":"category","embeddable":true,"href":"https:\/\/historiografija.hr\/index.php?rest_route=%2Fwp%2Fv2%2Fcategories&post=50207"},{"taxonomy":"post_tag","embeddable":true,"href":"https:\/\/historiografija.hr\/index.php?rest_route=%2Fwp%2Fv2%2Ftags&post=50207"}],"curies":[{"name":"wp","href":"https:\/\/api.w.org\/{rel}","templated":true}]}}