{"id":50204,"date":"2025-12-09T21:45:48","date_gmt":"2025-12-09T21:45:48","guid":{"rendered":"https:\/\/historiografija.hr\/?p=50204"},"modified":"2025-12-09T21:45:48","modified_gmt":"2025-12-09T21:45:48","slug":"ciklus-tribina-u-lavirintu-i-gde-smo-sad","status":"publish","type":"post","link":"https:\/\/historiografija.hr\/?p=50204","title":{"rendered":"Ciklus tribina \u201cU lavirintu\u201d: \u201cI, gde smo sad?\u201d"},"content":{"rendered":"\n<p>Muzej devedesetih, Beograd, 10. decembar 2025, 19h<\/p>\n\n\n\n<hr class=\"wp-block-separator has-alpha-channel-opacity\"\/>\n\n\n\n<p>Godina za nama donela je zna\u010dajne promene u nekoliko zemalja biv\u0161e Jugoslavije, a ose\u0107aj krize se produbio. U Srbiji su studenti probudili ogromnu nadu, pokrenuli dru\u0161tvo, postavili klju\u010dna pitanja, ali se politi\u010dka promena nije dogodila. Da li nas o\u010dekuje u 2026? I ako da, kako?<\/p>\n\n\n\n<p>U Hrvatskoj je Tompsonov koncert podigao tepih pod koji se decenijama talo\u017ee ekstremno desne i usta\u0161ke ideje i akteri koji su tokom leta provalili u javnost, zabranili levo i antinacionalisti\u010dki orijentisane festivale, prikazivanje filmova, fizi\u010dki napadale manifestacije srpske kulture, ali i vi\u0111ene hrvatske intelektualce. Da li \u0107e se taj trend nastaviti? I s kakvim posledicama? U Bosni i Hercegovini je izgledalo da \u0107e sudskim odlukama biti poljuljan separatisti\u010dki re\u017eim Milorada Dodika, ali skidanje ameri\u010dkih sankcija vratilo je sve na po\u010detak. Ili nije? Crna Gora je upala u revizionisit\u010dku spiralu sa podizanjem spomenika kolaboracionisti i ratnom zlo\u010dincu Pavlu \u0110uri\u0161i\u0107u, \u0161to je o\u017eivelo duboke ideolo\u0161ke i identitarne podele u tom dru\u0161tvu. Nikakav pomak se nije dogodio u odnosima Srbije i Kosova. Tenzije se i dalje stvaraju. Do kada?<\/p>\n\n\n\n<p>Kona\u010dno, uloga Evropske unije u regionu nije sasvim jasna. Da li \u0107e pritisnuti vlastitu \u010dlanicu Hrvatsku zbog sada ve\u0107 po celoj Evropi poznate rehabilitacije i normalizacije ideja i simbolike vezanih uz NDH? Da li je EU \u010dula glas sa srpskih ulica i doista promenila odnos prema re\u017eimu Aleksandra Vu\u010di\u0107a? Da li ga gura ka prevremenim izborima ili joj i odugovla\u010denje odgovara? I, na kraju, kako sva ova pitanja izgledaju iz globalne perspektive s \u201cmirovnim\u201d incijativama Donalda Trampa u Palestini i Ukrajini i sna\u017enim rivalstvima velikih sila?&nbsp;<\/p>\n\n\n\n<p>O svemu tome razgovara\u0107e se u M90 \u2013 <em>Muzeju devedesetih<\/em>, u sklopu tribine \u201cU lavirintu\u201d, 10. decembra u 19 sati, na kojoj u\u010destvuju Radina Vu\u010deti\u0107, istori\u010darka, glumac Goran Bogdan, pisac Vladimir Arsenijevi\u0107 i istori\u010darka Dubravka Stojanovi\u0107.<\/p>\n\n\n\n<p><strong>Zbog limitiranog broja mesta, svi zainteresovani za tribinu svoju besplatnu ulaznicu mogu podi\u0107i na biletarnici Muzeja (Kneza Milo\u0161a 3) svakog dana u periodu od 10 do 20 \u010dasova.<\/strong><\/p>\n\n\n\n<hr class=\"wp-block-separator has-alpha-channel-opacity\"\/>\n\n\n\n<p>Izvor:<\/p>\n\n\n\n<p><a href=\"https:\/\/museum90.com\/event\/ciklus-tribina-u-lavirintu-i-gde-smo-sad\">https:\/\/museum90.com\/event\/ciklus-tribina-u-lavirintu-i-gde-smo-sad<\/a><\/p>\n\n\n\n<hr class=\"wp-block-separator has-alpha-channel-opacity\"\/>\n","protected":false},"excerpt":{"rendered":"","protected":false},"author":2,"featured_media":50205,"comment_status":"open","ping_status":"open","sticky":false,"template":"","format":"standard","meta":{"_acf_changed":false,"jetpack_post_was_ever_published":false,"_jetpack_newsletter_access":"","_jetpack_dont_email_post_to_subs":false,"_jetpack_newsletter_tier_id":0,"_jetpack_memberships_contains_paywalled_content":false,"_jetpack_memberships_contains_paid_content":false,"footnotes":"","jetpack_publicize_message":"","jetpack_publicize_feature_enabled":true,"jetpack_social_post_already_shared":true,"jetpack_social_options":{"image_generator_settings":{"template":"highway","default_image_id":0,"font":"","enabled":false},"version":2}},"categories":[3],"tags":[],"class_list":["post-50204","post","type-post","status-publish","format-standard","has-post-thumbnail","hentry","category-novosti"],"acf":{"facebook_opis":""},"jetpack_publicize_connections":[],"jetpack_featured_media_url":"https:\/\/i0.wp.com\/historiografija.hr\/wp-content\/uploads\/2025\/12\/tribina-devedesete.png?fit=1200%2C700&ssl=1","jetpack_sharing_enabled":true,"jetpack-related-posts":[],"_links":{"self":[{"href":"https:\/\/historiografija.hr\/index.php?rest_route=\/wp\/v2\/posts\/50204","targetHints":{"allow":["GET"]}}],"collection":[{"href":"https:\/\/historiografija.hr\/index.php?rest_route=\/wp\/v2\/posts"}],"about":[{"href":"https:\/\/historiografija.hr\/index.php?rest_route=\/wp\/v2\/types\/post"}],"author":[{"embeddable":true,"href":"https:\/\/historiografija.hr\/index.php?rest_route=\/wp\/v2\/users\/2"}],"replies":[{"embeddable":true,"href":"https:\/\/historiografija.hr\/index.php?rest_route=%2Fwp%2Fv2%2Fcomments&post=50204"}],"version-history":[{"count":1,"href":"https:\/\/historiografija.hr\/index.php?rest_route=\/wp\/v2\/posts\/50204\/revisions"}],"predecessor-version":[{"id":50206,"href":"https:\/\/historiografija.hr\/index.php?rest_route=\/wp\/v2\/posts\/50204\/revisions\/50206"}],"wp:featuredmedia":[{"embeddable":true,"href":"https:\/\/historiografija.hr\/index.php?rest_route=\/wp\/v2\/media\/50205"}],"wp:attachment":[{"href":"https:\/\/historiografija.hr\/index.php?rest_route=%2Fwp%2Fv2%2Fmedia&parent=50204"}],"wp:term":[{"taxonomy":"category","embeddable":true,"href":"https:\/\/historiografija.hr\/index.php?rest_route=%2Fwp%2Fv2%2Fcategories&post=50204"},{"taxonomy":"post_tag","embeddable":true,"href":"https:\/\/historiografija.hr\/index.php?rest_route=%2Fwp%2Fv2%2Ftags&post=50204"}],"curies":[{"name":"wp","href":"https:\/\/api.w.org\/{rel}","templated":true}]}}