{"id":50201,"date":"2025-12-08T21:50:29","date_gmt":"2025-12-08T21:50:29","guid":{"rendered":"https:\/\/historiografija.hr\/?p=50201"},"modified":"2025-12-08T21:50:29","modified_gmt":"2025-12-08T21:50:29","slug":"predstavljanje-monografije-102-godine-zavoda-za-patologiju-svena-seiwertha-i-marka-kolica","status":"publish","type":"post","link":"https:\/\/historiografija.hr\/?p=50201","title":{"rendered":"Predstavljanje monografije &#8220;102 godine Zavoda za patologiju&#8221; Svena Seiwertha i Marka Koli\u0107a"},"content":{"rendered":"\n<p><strong>Zavod za patologiju<\/strong> <strong>Medicinskog fakulteta Sveu\u010dili\u0161ta u Zagrebu <\/strong>organizira <em><strong>42. Saltykow memorijal<\/strong><\/em>, popularnu Saltykowijadu &#8211; manifestaciju posve\u0107enu o\u010duvanju stru\u010dne i znanstvene ostav\u0161tine profesora <strong>Sergeja Saltykowa<\/strong>, jednog od najzna\u010dajnijih hrvatskih patologa i dugogodi\u0161njeg voditelja Zavoda.<\/p>\n\n\n\n<p>Doga\u0111anje je dvodnevnog karaktera, a zapo\u010det \u0107e sve\u010danim otvorenjem <strong>12. prosinca 2025. u 11.30 sati, u Velikoj predavaonici zgrade Patologije <\/strong>na lokaciji <strong>\u0160alata 10, Zagreb<\/strong>, kad \u0107e se predstaviti knjiga <em><strong>Monografija 102 godine Zavoda za patologiju<\/strong><\/em>, urednika prof. dr. sc. Svena Seiwertha i Marka Koli\u0107a, mag. hist. et inf.<\/p>\n\n\n\n<p>Uz navedeno, programom ovogodi\u0161njeg Saltykowog memorijala obuhva\u0107eno je predstavljanje niza publikacija, tematskih dru\u017eenja te me\u0111unarodni znanstveno-stru\u010dni skup.<a href=\"https:\/\/mef.unizg.hr\/app\/uploads\/2025\/12\/SALTYKOW-2025-PROGRAM.pdf\"><\/a><\/p>\n\n\n\n<p><a href=\"https:\/\/mef.unizg.hr\/app\/uploads\/2025\/12\/SALTYKOW-2025-PROGRAM.pdf\">Program Saltykovijade<\/a><\/p>\n\n\n\n<p><strong>Sergej Nikolajevi\u010d Saltykow<\/strong> (1874.\u20131964.) utemeljitelj je moderne patologije u Hrvatskoj i jedna od klju\u010dnih osoba u povijesti Medicinskog fakulteta Sveu\u010dili\u0161ta u Zagrebu. Nakon \u0161kolovanja u Rusiji te stru\u010dnog usavr\u0161avanja u vode\u0107im europskim centrima, 1922. godine dolazi u Zagreb gdje preuzima du\u017enost prvog predstojnika novoosnovanog Zavoda za patologiju.<\/p>\n\n\n\n<p>Tijekom trideset godina vodstva postavio je organizacijske, znanstvene i nastavne temelje Zavoda: uveo je suvremene dijagnosti\u010dke metode, sustavno razvio nastavu patologije te poticao istra\u017eiva\u010dki rad. Objavio je vi\u0161e od stotinu znanstvenih i stru\u010dnih radova te va\u017ene ud\u017ebenike koji su desetlje\u0107ima slu\u017eili generacijama studenata i mladih lije\u010dnika.<\/p>\n\n\n\n<p>Saltykow je svojom stru\u010dno\u0161\u0107u, me\u0111unarodnim iskustvom i predano\u0161\u0107u znanosti trajno oblikovao razvoj patologije, ne samo u Hrvatskoj, nego i u me\u0111unarodnim razmjerima. Zahvaljuju\u0107i njegovom radu Zavod za patologiju razvio se u prepoznatljivo nastavnu i znanstvenu instituciju, a njegovo ime i danas \u017eivi kroz godi\u0161nje Satykowe memorijale i <strong>zakladu<\/strong> koja nosi njegovo ime.<\/p>\n\n\n\n<p>Njemu posve\u0107ene<strong> Satykowijade<\/strong> tradicionalno okupljaju doma\u0107e i inozemne znanstvenike iz podru\u010dja patologije, lije\u010dnike i studente, s ciljem razmjene znanja, predstavljanja novih publikacija te poticanja razvoja struke.<\/p>\n\n\n\n<hr class=\"wp-block-separator has-alpha-channel-opacity\"\/>\n\n\n\n<p>Izvor:<\/p>\n\n\n\n<p><a href=\"https:\/\/mef.unizg.hr\/42-saltykow-memorijal-u-obnovljenoj-zgradi-patologije-12-13-12-2025\">https:\/\/mef.unizg.hr\/42-saltykow-memorijal-u-obnovljenoj-zgradi-patologije-12-13-12-2025<\/a><\/p>\n\n\n\n<hr class=\"wp-block-separator has-alpha-channel-opacity\"\/>\n","protected":false},"excerpt":{"rendered":"","protected":false},"author":2,"featured_media":50202,"comment_status":"open","ping_status":"open","sticky":false,"template":"","format":"standard","meta":{"_acf_changed":false,"jetpack_post_was_ever_published":false,"_jetpack_newsletter_access":"","_jetpack_dont_email_post_to_subs":false,"_jetpack_newsletter_tier_id":0,"_jetpack_memberships_contains_paywalled_content":false,"_jetpack_memberships_contains_paid_content":false,"footnotes":"","jetpack_publicize_message":"","jetpack_publicize_feature_enabled":true,"jetpack_social_post_already_shared":true,"jetpack_social_options":{"image_generator_settings":{"template":"highway","default_image_id":0,"font":"","enabled":false},"version":2}},"categories":[3],"tags":[],"class_list":["post-50201","post","type-post","status-publish","format-standard","has-post-thumbnail","hentry","category-novosti"],"acf":{"facebook_opis":""},"jetpack_publicize_connections":[],"jetpack_featured_media_url":"https:\/\/i0.wp.com\/historiografija.hr\/wp-content\/uploads\/2025\/12\/POZIVN1.jpg?fit=1600%2C900&ssl=1","jetpack_sharing_enabled":true,"jetpack-related-posts":[],"_links":{"self":[{"href":"https:\/\/historiografija.hr\/index.php?rest_route=\/wp\/v2\/posts\/50201","targetHints":{"allow":["GET"]}}],"collection":[{"href":"https:\/\/historiografija.hr\/index.php?rest_route=\/wp\/v2\/posts"}],"about":[{"href":"https:\/\/historiografija.hr\/index.php?rest_route=\/wp\/v2\/types\/post"}],"author":[{"embeddable":true,"href":"https:\/\/historiografija.hr\/index.php?rest_route=\/wp\/v2\/users\/2"}],"replies":[{"embeddable":true,"href":"https:\/\/historiografija.hr\/index.php?rest_route=%2Fwp%2Fv2%2Fcomments&post=50201"}],"version-history":[{"count":1,"href":"https:\/\/historiografija.hr\/index.php?rest_route=\/wp\/v2\/posts\/50201\/revisions"}],"predecessor-version":[{"id":50203,"href":"https:\/\/historiografija.hr\/index.php?rest_route=\/wp\/v2\/posts\/50201\/revisions\/50203"}],"wp:featuredmedia":[{"embeddable":true,"href":"https:\/\/historiografija.hr\/index.php?rest_route=\/wp\/v2\/media\/50202"}],"wp:attachment":[{"href":"https:\/\/historiografija.hr\/index.php?rest_route=%2Fwp%2Fv2%2Fmedia&parent=50201"}],"wp:term":[{"taxonomy":"category","embeddable":true,"href":"https:\/\/historiografija.hr\/index.php?rest_route=%2Fwp%2Fv2%2Fcategories&post=50201"},{"taxonomy":"post_tag","embeddable":true,"href":"https:\/\/historiografija.hr\/index.php?rest_route=%2Fwp%2Fv2%2Ftags&post=50201"}],"curies":[{"name":"wp","href":"https:\/\/api.w.org\/{rel}","templated":true}]}}