{"id":50183,"date":"2025-12-05T22:28:57","date_gmt":"2025-12-05T22:28:57","guid":{"rendered":"https:\/\/historiografija.hr\/?p=50183"},"modified":"2025-12-05T22:29:35","modified_gmt":"2025-12-05T22:29:35","slug":"tribina-od-teorije-do-historije-fasizam-proslost-sadasnjost-buducnost","status":"publish","type":"post","link":"https:\/\/historiografija.hr\/?p=50183","title":{"rendered":"Tribina \u201cOd teorije do historije\u201d: Fa\u0161izam \u2013 pro\u0161lost, sada\u0161njost, budu\u0107nost"},"content":{"rendered":"\n<p>Posljednjih godina sve ve\u0107i broj intelektualaca i istra\u017eiva\u010da ukazuje na rast fa\u0161isti\u010dkih tendencija: diljem svijeta dr\u017eave pribjegavaju autoritarnim metodama vlasti, u\u010destali su napadi na manjinske skupine, neko\u0107 marginalne teorije zavjere ulaze u javni diskurs, a u nekim slu\u010dajevima svjedo\u010dimo izri\u010ditoj rehabilitaciji povijesno fa\u0161isti\u010dkog znakovlja i parola.<\/p>\n\n\n\n<p>Iako svoje porijeklo vu\u010de iz ekstremno desnih europskih ideologija prve polovice 20. stolje\u0107a, pojam fa\u0161izma postao je op\u0107a oznaka za antidemokratske i nacionalisti\u010dke ideologije i prakse koje demoniziraju i isklju\u010duju druge i druga\u010dije. Potaknuti recentnim svjetskim i lokalnim doga\u0111anjima, na ovoj \u0107emo tribini poku\u0161ati utvrditi o \u010demu govorimo kada govorimo o fa\u0161izmu, koje su prednosti i zamke uspostave povijesnih analogija izme\u0111u suvremenih pojava i povijesnih slu\u010dajeva, te na koncu, koji su mo\u017eebitni uzroci dana\u0161njih fa\u0161isti\u010dkih pojava.<\/p>\n\n\n\n<p>Sudionici: Luka Bogdani\u0107, Ankica \u010cakardi\u0107, Stipe \u0106urkovi\u0107<br>Moderira: Nikola Cerovac<\/p>\n\n\n\n<p>Datum i vrijeme odr\u017eavanja: 11. 12. 2025. u 19:30 h<br>Mjesto odr\u017eavanja Filozofski fakultet u Zagrebu, dvorana D1<br>Organizator: Centar za teorijska istra\u017eivanja u humanistici<\/p>\n\n\n\n<hr class=\"wp-block-separator has-alpha-channel-opacity\"\/>\n\n\n\n<figure class=\"wp-block-image size-large is-resized\"><img data-recalc-dims=\"1\" loading=\"lazy\" decoding=\"async\" width=\"670\" height=\"1024\" data-attachment-id=\"50185\" data-permalink=\"https:\/\/historiografija.hr\/?attachment_id=50185\" data-orig-file=\"https:\/\/i0.wp.com\/historiografija.hr\/wp-content\/uploads\/2025\/12\/pozivnica.png?fit=720%2C1100&amp;ssl=1\" data-orig-size=\"720,1100\" data-comments-opened=\"1\" data-image-meta=\"{&quot;aperture&quot;:&quot;0&quot;,&quot;credit&quot;:&quot;&quot;,&quot;camera&quot;:&quot;&quot;,&quot;caption&quot;:&quot;&quot;,&quot;created_timestamp&quot;:&quot;0&quot;,&quot;copyright&quot;:&quot;&quot;,&quot;focal_length&quot;:&quot;0&quot;,&quot;iso&quot;:&quot;0&quot;,&quot;shutter_speed&quot;:&quot;0&quot;,&quot;title&quot;:&quot;&quot;,&quot;orientation&quot;:&quot;0&quot;}\" data-image-title=\"pozivnica\" data-image-description=\"\" data-image-caption=\"\" data-large-file=\"https:\/\/i0.wp.com\/historiografija.hr\/wp-content\/uploads\/2025\/12\/pozivnica.png?fit=670%2C1024&amp;ssl=1\" src=\"https:\/\/i0.wp.com\/historiografija.hr\/wp-content\/uploads\/2025\/12\/pozivnica.png?resize=670%2C1024&#038;ssl=1\" alt=\"\" class=\"wp-image-50185\" style=\"width:514px;height:auto\" srcset=\"https:\/\/i0.wp.com\/historiografija.hr\/wp-content\/uploads\/2025\/12\/pozivnica.png?resize=670%2C1024&amp;ssl=1 670w, https:\/\/i0.wp.com\/historiografija.hr\/wp-content\/uploads\/2025\/12\/pozivnica.png?resize=196%2C300&amp;ssl=1 196w, https:\/\/i0.wp.com\/historiografija.hr\/wp-content\/uploads\/2025\/12\/pozivnica.png?w=720&amp;ssl=1 720w\" sizes=\"auto, (max-width: 670px) 100vw, 670px\" \/><\/figure>\n\n\n\n<hr class=\"wp-block-separator has-alpha-channel-opacity\"\/>\n\n\n\n<p>Izvor:<\/p>\n\n\n\n<figure class=\"wp-block-embed is-type-wp-embed is-provider-centre-for-theoretical-research-in-the-humanities wp-block-embed-centre-for-theoretical-research-in-the-humanities\"><div class=\"wp-block-embed__wrapper\">\n<blockquote class=\"wp-embedded-content\" data-secret=\"d1aJJxqWFq\"><a href=\"https:\/\/ctih.ffzg.unizg.hr\/index.php\/tribina-od-teorije-do-historije-fasizam-proslost-sadasnjost-buducnost\/\">Tribina &#8220;Od teorije do historije&#8221;: Fa\u0161izam &#8211; pro\u0161lost, sada\u0161njost, budu\u0107nost<\/a><\/blockquote><iframe loading=\"lazy\" class=\"wp-embedded-content\" sandbox=\"allow-scripts\" security=\"restricted\" style=\"position: absolute; visibility: hidden;\" title=\"&#8220;Tribina &#8220;Od teorije do historije&#8221;: Fa\u0161izam &#8211; pro\u0161lost, sada\u0161njost, budu\u0107nost&#8221; &#8212; Centre for Theoretical Research in the Humanities\" src=\"https:\/\/ctih.ffzg.unizg.hr\/index.php\/tribina-od-teorije-do-historije-fasizam-proslost-sadasnjost-buducnost\/embed\/#?secret=Tqly85AUxH#?secret=d1aJJxqWFq\" data-secret=\"d1aJJxqWFq\" width=\"600\" height=\"338\" frameborder=\"0\" marginwidth=\"0\" marginheight=\"0\" scrolling=\"no\"><\/iframe>\n<\/div><\/figure>\n\n\n\n<hr class=\"wp-block-separator has-alpha-channel-opacity\"\/>\n","protected":false},"excerpt":{"rendered":"","protected":false},"author":2,"featured_media":50184,"comment_status":"open","ping_status":"open","sticky":false,"template":"","format":"standard","meta":{"_acf_changed":false,"jetpack_post_was_ever_published":false,"_jetpack_newsletter_access":"","_jetpack_dont_email_post_to_subs":false,"_jetpack_newsletter_tier_id":0,"_jetpack_memberships_contains_paywalled_content":false,"_jetpack_memberships_contains_paid_content":false,"footnotes":"","jetpack_publicize_message":"","jetpack_publicize_feature_enabled":true,"jetpack_social_post_already_shared":true,"jetpack_social_options":{"image_generator_settings":{"template":"highway","default_image_id":0,"font":"","enabled":false},"version":2}},"categories":[3],"tags":[],"class_list":["post-50183","post","type-post","status-publish","format-standard","has-post-thumbnail","hentry","category-novosti"],"acf":{"facebook_opis":""},"jetpack_publicize_connections":[],"jetpack_featured_media_url":"https:\/\/i0.wp.com\/historiografija.hr\/wp-content\/uploads\/2025\/12\/Od-teorije-do-historije.jpg?fit=960%2C540&ssl=1","jetpack_sharing_enabled":true,"jetpack-related-posts":[],"_links":{"self":[{"href":"https:\/\/historiografija.hr\/index.php?rest_route=\/wp\/v2\/posts\/50183","targetHints":{"allow":["GET"]}}],"collection":[{"href":"https:\/\/historiografija.hr\/index.php?rest_route=\/wp\/v2\/posts"}],"about":[{"href":"https:\/\/historiografija.hr\/index.php?rest_route=\/wp\/v2\/types\/post"}],"author":[{"embeddable":true,"href":"https:\/\/historiografija.hr\/index.php?rest_route=\/wp\/v2\/users\/2"}],"replies":[{"embeddable":true,"href":"https:\/\/historiografija.hr\/index.php?rest_route=%2Fwp%2Fv2%2Fcomments&post=50183"}],"version-history":[{"count":3,"href":"https:\/\/historiografija.hr\/index.php?rest_route=\/wp\/v2\/posts\/50183\/revisions"}],"predecessor-version":[{"id":50188,"href":"https:\/\/historiografija.hr\/index.php?rest_route=\/wp\/v2\/posts\/50183\/revisions\/50188"}],"wp:featuredmedia":[{"embeddable":true,"href":"https:\/\/historiografija.hr\/index.php?rest_route=\/wp\/v2\/media\/50184"}],"wp:attachment":[{"href":"https:\/\/historiografija.hr\/index.php?rest_route=%2Fwp%2Fv2%2Fmedia&parent=50183"}],"wp:term":[{"taxonomy":"category","embeddable":true,"href":"https:\/\/historiografija.hr\/index.php?rest_route=%2Fwp%2Fv2%2Fcategories&post=50183"},{"taxonomy":"post_tag","embeddable":true,"href":"https:\/\/historiografija.hr\/index.php?rest_route=%2Fwp%2Fv2%2Ftags&post=50183"}],"curies":[{"name":"wp","href":"https:\/\/api.w.org\/{rel}","templated":true}]}}