{"id":50174,"date":"2025-12-05T22:17:02","date_gmt":"2025-12-05T22:17:02","guid":{"rendered":"https:\/\/historiografija.hr\/?p=50174"},"modified":"2025-12-05T22:17:02","modified_gmt":"2025-12-05T22:17:02","slug":"okrugli-stol-nenaucene-lekcije-iz-savremene-historije-u-sarajevu","status":"publish","type":"post","link":"https:\/\/historiografija.hr\/?p=50174","title":{"rendered":"Okrugli stol \u201cNenau\u010dene lekcije iz savremene historije\u201c u Sarajevu"},"content":{"rendered":"\n<p>Univerzitet u Sarajevu \u2013 Institut za istra\u017eivanje zlo\u010dina protiv \u010dovje\u010dnosti i me\u0111unarodnog prava organizira okrugli sto pod nazivom \u201cNenau\u010dene lekcije iz savremene historije\u201d, koji \u0107e biti odr\u017ean 9. decembra 2025. godine u sali Rektorata Univerziteta u Sarajevu, s po\u010detkom u 10.00 sati.<\/p>\n\n\n\n<p>Okrugli sto organizira se povodom 77. godi\u0161njice usvajanja Konvencije o spre\u010davanju i ka\u017enjavanju zlo\u010dina genocida i 30. godi\u0161njice genocida u Srebrenici. Usvajanje Konvencije, 9. decembra 1948. godine, predstavlja jedan od najzna\u010dajnijih me\u0111unarodnopravnih instrumenata za za\u0161titu ljudskih prava i spre\u010davanje najte\u017eih oblika masovnih zlo\u010dina.<\/p>\n\n\n\n<p>Na okruglom stolu u\u010destvovat \u0107e nau\u010dnici, istra\u017eiva\u010di, profesori i stru\u010dnjaci iz oblasti me\u0111unarodnog prava, historije i studija genocida. U\u010desnici skupa raspravljat \u0107e o razli\u010ditim aspektima genocida, od njegove historijske i pravne geneze do savremenih izazova u primjeni Konvencije o spre\u010davanju i ka\u017enjavanju zlo\u010dina genocida. Poseban fokus bit \u0107e na zna\u010denju Konvencije, njenom tuma\u010denju i utjecaju na me\u0111unarodni pravni poredak i sudsku praksu, uklju\u010duju\u0107i na\u010din na koji postavlja temelje normativne arhitekture savremenog me\u0111unarodnog prava i standarde koji oblikuju rad me\u0111unarodnih i nacionalnih sudova. Analizirat \u0107e se, izme\u0111u ostalog, antropolo\u0161ki i etnografski uvidi u razaranje zajednica, primjeri genocida po\u010dinjenog u Bosni i Hercegovini, Ruandi, kao i aktuelna pitanja primjene Konvencije na palestinske teritorije i rat u Ukrajini. Mehanizmi propagande i dehumanizacije koji prethode masovnim zlo\u010dinima, te ideologija koja je prisutna u svim fazama po\u010dinjenja zlo\u010dina genocida \u010dinit \u0107e integralni dio pitanja koja \u0107e se razmatrati. Dodatno, razmotrit \u0107e se pitanje sankcioniranja negiranja genocida i uloga pravosudnih sistema u utvr\u0111ivanju \u010dinjenica, s ciljem ja\u010danja kulture pam\u0107enja, pravde i odgovornosti u savremenom dru\u0161tvu.<\/p>\n\n\n\n<p>Program skupa pogledajte na <a href=\"https:\/\/iziz.unsa.ba\/userfiles\/file\/Program_final.pdf\">ovom linku<\/a>.<\/p>\n\n\n\n<p>Izvor: <a href=\"https:\/\/iziz.unsa.ba\/bs\/vijest.php?akt_id=707\">IZIZ<\/a><\/p>\n\n\n\n<hr class=\"wp-block-separator has-alpha-channel-opacity\"\/>\n\n\n\n<p>Preneseno s portala <strong>Historiografija.ba<\/strong>:<\/p>\n\n\n\n<p><a href=\"https:\/\/historiografija.ba\/historija-u-javnosti\/naucne-manifestacije\/nenaucene-lekcije-iz-savremene-historije\">https:\/\/historiografija.ba\/historija-u-javnosti\/naucne-manifestacije\/nenaucene-lekcije-iz-savremene-historije<\/a><\/p>\n\n\n\n<hr class=\"wp-block-separator has-alpha-channel-opacity\"\/>\n","protected":false},"excerpt":{"rendered":"","protected":false},"author":2,"featured_media":50176,"comment_status":"open","ping_status":"open","sticky":false,"template":"","format":"standard","meta":{"_acf_changed":false,"jetpack_post_was_ever_published":false,"_jetpack_newsletter_access":"","_jetpack_dont_email_post_to_subs":false,"_jetpack_newsletter_tier_id":0,"_jetpack_memberships_contains_paywalled_content":false,"_jetpack_memberships_contains_paid_content":false,"footnotes":"","jetpack_publicize_message":"","jetpack_publicize_feature_enabled":true,"jetpack_social_post_already_shared":true,"jetpack_social_options":{"image_generator_settings":{"template":"highway","default_image_id":0,"font":"","enabled":false},"version":2}},"categories":[3],"tags":[],"class_list":["post-50174","post","type-post","status-publish","format-standard","has-post-thumbnail","hentry","category-novosti"],"acf":{"facebook_opis":""},"jetpack_publicize_connections":[],"jetpack_featured_media_url":"https:\/\/i0.wp.com\/historiografija.hr\/wp-content\/uploads\/2025\/12\/nenaucene-lekcije.jpg?fit=550%2C290&ssl=1","jetpack_sharing_enabled":true,"jetpack-related-posts":[],"_links":{"self":[{"href":"https:\/\/historiografija.hr\/index.php?rest_route=\/wp\/v2\/posts\/50174","targetHints":{"allow":["GET"]}}],"collection":[{"href":"https:\/\/historiografija.hr\/index.php?rest_route=\/wp\/v2\/posts"}],"about":[{"href":"https:\/\/historiografija.hr\/index.php?rest_route=\/wp\/v2\/types\/post"}],"author":[{"embeddable":true,"href":"https:\/\/historiografija.hr\/index.php?rest_route=\/wp\/v2\/users\/2"}],"replies":[{"embeddable":true,"href":"https:\/\/historiografija.hr\/index.php?rest_route=%2Fwp%2Fv2%2Fcomments&post=50174"}],"version-history":[{"count":1,"href":"https:\/\/historiografija.hr\/index.php?rest_route=\/wp\/v2\/posts\/50174\/revisions"}],"predecessor-version":[{"id":50175,"href":"https:\/\/historiografija.hr\/index.php?rest_route=\/wp\/v2\/posts\/50174\/revisions\/50175"}],"wp:featuredmedia":[{"embeddable":true,"href":"https:\/\/historiografija.hr\/index.php?rest_route=\/wp\/v2\/media\/50176"}],"wp:attachment":[{"href":"https:\/\/historiografija.hr\/index.php?rest_route=%2Fwp%2Fv2%2Fmedia&parent=50174"}],"wp:term":[{"taxonomy":"category","embeddable":true,"href":"https:\/\/historiografija.hr\/index.php?rest_route=%2Fwp%2Fv2%2Fcategories&post=50174"},{"taxonomy":"post_tag","embeddable":true,"href":"https:\/\/historiografija.hr\/index.php?rest_route=%2Fwp%2Fv2%2Ftags&post=50174"}],"curies":[{"name":"wp","href":"https:\/\/api.w.org\/{rel}","templated":true}]}}