{"id":50170,"date":"2025-12-05T22:10:16","date_gmt":"2025-12-05T22:10:16","guid":{"rendered":"https:\/\/historiografija.hr\/?p=50170"},"modified":"2025-12-05T22:10:50","modified_gmt":"2025-12-05T22:10:50","slug":"izlozba-fotografija-sarajevo-1992-1996-najduza-opsada","status":"publish","type":"post","link":"https:\/\/historiografija.hr\/?p=50170","title":{"rendered":"Izlo\u017eba fotografija \u201eSarajevo 1992-1996 \/ Najdu\u017ea opsada\u201c u Beogradu"},"content":{"rendered":"\n<p>Museo Storico Italiano della Guerra i Osservatorio Balcani Caucaso Transeuropa, u saradnji sa inicijativom M90, predstavljaju izlo\u017ebu fotografija italijanskog fotoreportera&nbsp;Maria Bo\u010de (Mario Boccia), snimljenih tokom opsade Sarajeva devedesetih godina. Njegove crno-bele fotografije \u010dine sna\u017enu vizuelnu arhivu jednog traumati\u010dnog perioda \u2014 surove svakodnevice ispunjene strahom, neizvesno\u0161\u0107u i borbom za opstanak koju su stanovnici Sarajeva \u017eiveli iz dana u dan. Ovi prizori nisu samo svedo\u010danstvo o razaranju i gubitku, ve\u0107 i o nadi, dostojanstvu i nevidljivim gestovima solidarnosti koji su odr\u017eavali zajednicu uprkos godinama opsade.<\/p>\n\n\n\n<p>Mario Bo\u010da (Mario Boccia) je&nbsp;fotoreporter, autor reporta\u017ea o globalnim pitanjima kao i \u010dlanaka i fotografija objavljenih u brojnim italijanskim medijima. Dvadeset godina je radio u podru\u010djima zahva\u0107enim ratom i siroma\u0161tvom u Evropi, Africi, Latinskoj Americi i na Bliskom istoku, trude\u0107i se da prona\u0111e znakove nade i u najbeznade\u017enijim situacijama. Bio je dopisnik i reporter italijanskog dnevnog lista&nbsp;<em>\u201cil Manifesto\u201c<\/em>&nbsp;iz Sarajeva, Beograda, Pri\u0161tine, Skoplja, Dijarbakira i Bagdada. Njegove fotografije su kori\u0161\u0107ene za promocije kampanja solidarnosti mnogih nevladinih i neprofitnih organizacija, kao i Ujedinjenih nacija.<\/p>\n\n\n\n<p>Izlo\u017ebu su priredili Museo Storico Italiano della Guerra i Osservatorio Balcani Caucaso&nbsp;&nbsp;Transeuropa.<\/p>\n\n\n\n<p>Izlo\u017eba \u201cSarajevo&nbsp;1992-1996 \/&nbsp;Najdu\u017ea opsada\u201d&nbsp;otvara se 8. decembra u 19 \u010dasova u prostoru M90, a traja\u0107e do 8. februara 2026. svakodnevno od 10 do 20h. Ulaz je besplatan.&nbsp;<\/p>\n\n\n\n<p>Gostovanje izlo\u017ebe je organizovano u okviru projekta \u201eTrancityons\u201d, sufinansiranog od strane Evropske Unije (CERV-2024-CITIZENS-REM)<\/p>\n\n\n\n<hr class=\"wp-block-separator has-alpha-channel-opacity\"\/>\n\n\n\n<p>Izvori:<\/p>\n\n\n\n<p><a href=\"https:\/\/museum90.com\/event\/izlozba-fotografija-sarajevo-1992-1996-najduza-opsada-maria-boce\">https:\/\/museum90.com\/event\/izlozba-fotografija-sarajevo-1992-1996-najduza-opsada-maria-boce<\/a><\/p>\n\n\n\n<p><a href=\"https:\/\/historiografija.ba\/historija-u-javnosti\/dogadjaji\/u-beogradu-izlozba-fotografija-o-opsadi-sarajeva-1992-1996\">https:\/\/historiografija.ba\/historija-u-javnosti\/dogadjaji\/u-beogradu-izlozba-fotografija-o-opsadi-sarajeva-1992-1996<\/a><\/p>\n\n\n\n<hr class=\"wp-block-separator has-alpha-channel-opacity\"\/>\n","protected":false},"excerpt":{"rendered":"","protected":false},"author":2,"featured_media":50171,"comment_status":"open","ping_status":"open","sticky":false,"template":"","format":"standard","meta":{"_acf_changed":false,"jetpack_post_was_ever_published":false,"_jetpack_newsletter_access":"","_jetpack_dont_email_post_to_subs":false,"_jetpack_newsletter_tier_id":0,"_jetpack_memberships_contains_paywalled_content":false,"_jetpack_memberships_contains_paid_content":false,"footnotes":"","jetpack_publicize_message":"","jetpack_publicize_feature_enabled":true,"jetpack_social_post_already_shared":true,"jetpack_social_options":{"image_generator_settings":{"template":"highway","default_image_id":0,"font":"","enabled":false},"version":2}},"categories":[10,3],"tags":[],"class_list":["post-50170","post","type-post","status-publish","format-standard","has-post-thumbnail","hentry","category-izlozbe","category-novosti"],"acf":{"facebook_opis":""},"jetpack_publicize_connections":[],"jetpack_featured_media_url":"https:\/\/i0.wp.com\/historiografija.hr\/wp-content\/uploads\/2025\/12\/Izlozba-Boccia.png?fit=1200%2C700&ssl=1","jetpack_sharing_enabled":true,"jetpack-related-posts":[],"_links":{"self":[{"href":"https:\/\/historiografija.hr\/index.php?rest_route=\/wp\/v2\/posts\/50170","targetHints":{"allow":["GET"]}}],"collection":[{"href":"https:\/\/historiografija.hr\/index.php?rest_route=\/wp\/v2\/posts"}],"about":[{"href":"https:\/\/historiografija.hr\/index.php?rest_route=\/wp\/v2\/types\/post"}],"author":[{"embeddable":true,"href":"https:\/\/historiografija.hr\/index.php?rest_route=\/wp\/v2\/users\/2"}],"replies":[{"embeddable":true,"href":"https:\/\/historiografija.hr\/index.php?rest_route=%2Fwp%2Fv2%2Fcomments&post=50170"}],"version-history":[{"count":2,"href":"https:\/\/historiografija.hr\/index.php?rest_route=\/wp\/v2\/posts\/50170\/revisions"}],"predecessor-version":[{"id":50173,"href":"https:\/\/historiografija.hr\/index.php?rest_route=\/wp\/v2\/posts\/50170\/revisions\/50173"}],"wp:featuredmedia":[{"embeddable":true,"href":"https:\/\/historiografija.hr\/index.php?rest_route=\/wp\/v2\/media\/50171"}],"wp:attachment":[{"href":"https:\/\/historiografija.hr\/index.php?rest_route=%2Fwp%2Fv2%2Fmedia&parent=50170"}],"wp:term":[{"taxonomy":"category","embeddable":true,"href":"https:\/\/historiografija.hr\/index.php?rest_route=%2Fwp%2Fv2%2Fcategories&post=50170"},{"taxonomy":"post_tag","embeddable":true,"href":"https:\/\/historiografija.hr\/index.php?rest_route=%2Fwp%2Fv2%2Ftags&post=50170"}],"curies":[{"name":"wp","href":"https:\/\/api.w.org\/{rel}","templated":true}]}}