{"id":50157,"date":"2025-12-05T20:58:32","date_gmt":"2025-12-05T20:58:32","guid":{"rendered":"https:\/\/historiografija.hr\/?p=50157"},"modified":"2025-12-05T20:59:51","modified_gmt":"2025-12-05T20:59:51","slug":"predstavljanje-zbornika-radova-o-eugenu-i-mariji-kumicic","status":"publish","type":"post","link":"https:\/\/historiografija.hr\/?p=50157","title":{"rendered":"Predstavljanje zbornika radova o Eugenu i Mariji Kumi\u010di\u0107"},"content":{"rendered":"\n<p>U Knji\u017enici Hrvatske akademije znanosti i umjetnosti, Trg Josipa Jurja Strossmayera 14, Zagreb, u ponedjeljak 8. prosinca 2025. u 12 sati odr\u017eat \u0107e se predstavljanje Zbornika radova o Eugenu i Mariji Kumi\u010di\u0107.&nbsp;Zbornik je objavljen u sunakladni\u0161tvu Razreda za knji\u017eevnost HAZU i Udruge Jenio Sisolski Brse\u010d, a predstavit \u0107e ga <strong>prof. dr. sc. Bernard Frankovi\u0107<\/strong> u ime suizdava\u010da, potom urednice <strong>dr. sc. Maja Poli\u0107 <\/strong>i<strong> dr. sc. Ana Batini\u0107<\/strong> te suradnica <strong>dr. sc. Tihana Lueti\u0107<\/strong>. Pozdravnu rije\u010d izre\u0107i \u0107e <strong>Rikardo Staraj<\/strong>, na\u010delnik Op\u0107ine Mo\u0161\u0107eni\u010dka Draga.<\/p>\n\n\n\n<p><a href=\"https:\/\/www.info.hazu.hr\/wp-content\/uploads\/2025\/12\/LETAK-Zbornik-E-i-M-Kumicic-obljetnice-EK-i-MK-Zg.pdf\">Program<\/a><\/p>\n\n\n\n<hr class=\"wp-block-separator has-alpha-channel-opacity\"\/>\n\n\n\n<div data-wp-interactive=\"core\/file\" class=\"wp-block-file\"><object data-wp-bind--hidden=\"!state.hasPdfPreview\" hidden class=\"wp-block-file__embed\" data=\"https:\/\/historiografija.hr\/wp-content\/uploads\/2025\/12\/Zbornik-o-Eugenu-i-Mariji-Kumicic.pdf\" type=\"application\/pdf\" style=\"width:100%;height:600px\" aria-label=\"Ugra\u0111eno Zbornik o Eugenu i Mariji Kumi\u010di\u0107.\"><\/object><a id=\"wp-block-file--media-0bb84e41-4a9d-4b36-8f9a-be18af611b76\" href=\"https:\/\/historiografija.hr\/wp-content\/uploads\/2025\/12\/Zbornik-o-Eugenu-i-Mariji-Kumicic.pdf\">Zbornik o Eugenu i Mariji Kumi\u010di\u0107<\/a><a href=\"https:\/\/historiografija.hr\/wp-content\/uploads\/2025\/12\/Zbornik-o-Eugenu-i-Mariji-Kumicic.pdf\" class=\"wp-block-file__button wp-element-button\" download aria-describedby=\"wp-block-file--media-0bb84e41-4a9d-4b36-8f9a-be18af611b76\">Preuzmi<\/a><\/div>\n\n\n\n<hr class=\"wp-block-separator has-alpha-channel-opacity\"\/>\n\n\n\n<p>Izvor:<\/p>\n\n\n\n<figure class=\"wp-block-embed is-type-wp-embed is-provider-hazu wp-block-embed-hazu\"><div class=\"wp-block-embed__wrapper\">\n<blockquote class=\"wp-embedded-content\" data-secret=\"zfPmtSF6XW\"><a href=\"https:\/\/www.info.hazu.hr\/events\/predstavljanje-zbornika-radova-o-eugenu-i-mariji-kumicic\/\">U HAZU predstavljanje Zbornika radova o Eugenu i Mariji Kumi\u010di\u0107<\/a><\/blockquote><iframe loading=\"lazy\" class=\"wp-embedded-content\" sandbox=\"allow-scripts\" security=\"restricted\" style=\"position: absolute; visibility: hidden;\" title=\"&#8220;U HAZU predstavljanje Zbornika radova o Eugenu i Mariji Kumi\u010di\u0107&#8221; &#8212; HAZU\" src=\"https:\/\/www.info.hazu.hr\/events\/predstavljanje-zbornika-radova-o-eugenu-i-mariji-kumicic\/embed\/#?secret=zfPmtSF6XW\" data-secret=\"zfPmtSF6XW\" width=\"600\" height=\"338\" frameborder=\"0\" marginwidth=\"0\" marginheight=\"0\" scrolling=\"no\"><\/iframe>\n<\/div><\/figure>\n\n\n\n<hr class=\"wp-block-separator has-alpha-channel-opacity\"\/>\n","protected":false},"excerpt":{"rendered":"","protected":false},"author":2,"featured_media":50159,"comment_status":"open","ping_status":"open","sticky":false,"template":"","format":"standard","meta":{"_acf_changed":false,"jetpack_post_was_ever_published":false,"_jetpack_newsletter_access":"","_jetpack_dont_email_post_to_subs":false,"_jetpack_newsletter_tier_id":0,"_jetpack_memberships_contains_paywalled_content":false,"_jetpack_memberships_contains_paid_content":false,"footnotes":"","jetpack_publicize_message":"","jetpack_publicize_feature_enabled":true,"jetpack_social_post_already_shared":true,"jetpack_social_options":{"image_generator_settings":{"template":"highway","default_image_id":0,"font":"","enabled":false},"version":2}},"categories":[3],"tags":[],"class_list":["post-50157","post","type-post","status-publish","format-standard","has-post-thumbnail","hentry","category-novosti"],"acf":{"facebook_opis":""},"jetpack_publicize_connections":[],"jetpack_featured_media_url":"https:\/\/i0.wp.com\/historiografija.hr\/wp-content\/uploads\/2025\/12\/kumicici.jpg?fit=651%2C904&ssl=1","jetpack_sharing_enabled":true,"jetpack-related-posts":[],"_links":{"self":[{"href":"https:\/\/historiografija.hr\/index.php?rest_route=\/wp\/v2\/posts\/50157","targetHints":{"allow":["GET"]}}],"collection":[{"href":"https:\/\/historiografija.hr\/index.php?rest_route=\/wp\/v2\/posts"}],"about":[{"href":"https:\/\/historiografija.hr\/index.php?rest_route=\/wp\/v2\/types\/post"}],"author":[{"embeddable":true,"href":"https:\/\/historiografija.hr\/index.php?rest_route=\/wp\/v2\/users\/2"}],"replies":[{"embeddable":true,"href":"https:\/\/historiografija.hr\/index.php?rest_route=%2Fwp%2Fv2%2Fcomments&post=50157"}],"version-history":[{"count":3,"href":"https:\/\/historiografija.hr\/index.php?rest_route=\/wp\/v2\/posts\/50157\/revisions"}],"predecessor-version":[{"id":50162,"href":"https:\/\/historiografija.hr\/index.php?rest_route=\/wp\/v2\/posts\/50157\/revisions\/50162"}],"wp:featuredmedia":[{"embeddable":true,"href":"https:\/\/historiografija.hr\/index.php?rest_route=\/wp\/v2\/media\/50159"}],"wp:attachment":[{"href":"https:\/\/historiografija.hr\/index.php?rest_route=%2Fwp%2Fv2%2Fmedia&parent=50157"}],"wp:term":[{"taxonomy":"category","embeddable":true,"href":"https:\/\/historiografija.hr\/index.php?rest_route=%2Fwp%2Fv2%2Fcategories&post=50157"},{"taxonomy":"post_tag","embeddable":true,"href":"https:\/\/historiografija.hr\/index.php?rest_route=%2Fwp%2Fv2%2Ftags&post=50157"}],"curies":[{"name":"wp","href":"https:\/\/api.w.org\/{rel}","templated":true}]}}