{"id":50144,"date":"2025-12-04T22:48:27","date_gmt":"2025-12-04T22:48:27","guid":{"rendered":"https:\/\/historiografija.hr\/?p=50144"},"modified":"2025-12-04T22:48:27","modified_gmt":"2025-12-04T22:48:27","slug":"panel-discussion-the-gaza-genocide-as-seen-from-east-central-and-south-eastern-europe-between-complicity-silence-and-solidarity","status":"publish","type":"post","link":"https:\/\/historiografija.hr\/?p=50144","title":{"rendered":"Panel Discussion: The Gaza Genocide as Seen from East-Central and South-Eastern Europe: Between Complicity, Silence and Solidarity"},"content":{"rendered":"\n<p>Panel discussion organised by Pavel Kolar (Konstanz) and Milica Popovic (Vienna)<\/p>\n\n\n\n<p>In cooperation with the lecture series \u2018Talking about Israel &amp; Palestine\u2014Interdisciplinary Approaches\u2019 at the University of Konstanz<\/p>\n\n\n\n<p>10.12. 2025, 15.15\u201319.15, digital:<br><a href=\"https:\/\/uni-konstanz-de.zoom.us\/j\/68392267654?pwd=MB0upSUh37rDhNLkO7bPVMvDniPxFg.1\">https:\/\/uni-konstanz-de.zoom.us\/j\/68392267654?pwd=MB0upSUh37rDhNLkO7bPVMvDniPxFg.1<\/a><\/p>\n\n\n\n<p>The panel discussion explores East-Central and South-Eastern European responses to the genocide in Gaza, considering them within their broader historical and societal contexts. We will examine the wide-ranging reactions within the region, first, in spatial terms, looking at how domestic agendas interact with global influence. In temporal terms, we will explore how current dynamics draw on the region\u2019s long-term histories of mass violence, authoritarianism, colonialism and racism.<\/p>\n\n\n\n<p>Contributions will focus on the following aspects, among others:<\/p>\n\n\n\n<p>&#8211; the legacy of the pre-1989 state socialist policies towards the Middle East conflict, ranging from an official &#8216;anti-Zionist&#8217; doctrine to popular pro-Palestinian support and a dissenting pro-Israel stance<\/p>\n\n\n\n<p>&#8211; the instrumentalisation of memory cultures, particularly with regard to fascism, the Holocaust, occupation and state socialism<\/p>\n\n\n\n<p>&#8211; the role of racism and xenophobia, including anti-Semitism, anti-Gypsyism, anti-Arabism and Islamophobia in local contexts<\/p>\n\n\n\n<p>&#8211; the role of neoliberal populism as a driver of ethno-nationalism, welfare racism and anti-refugee attitudes in responses to the Gaza War and the Israeli occupation of Palestine<\/p>\n\n\n\n<p>&#8211; the importance of economic dependencies, such as weapon exports, financial flows and supply chains<\/p>\n\n\n\n<p>&#8211; the weaponisation of anti-Semitism as a tool for authoritarian crackdowns on academia, critical media and the cultural sphere<\/p>\n\n\n\n<p>&#8211; the role of the Russo-Ukrainian War in shaping perspectives on the Gaza genocide and the Middle East conflict, particularly with regard to accusations of war crimes and genocide<\/p>\n\n\n\n<p>&#8211; the emergence of critical and solidarity voices within local academia and social movements<\/p>\n\n\n\n<p><strong>Programm<\/strong><\/p>\n\n\n\n<p>15.15-17.00: Session I<br>Introduction by Pavel Kol\u00e1\u0159 (University of Konstanz) and Milica Popovi\u0107 (Austrian Academy of Sciences)<\/p>\n\n\n\n<p>Nina Paulovicova (Athabasca University): Mnemonic Regimes: Epistemic violence and the Erasure of Palestine in Post-communist Slovakia<\/p>\n\n\n\n<p>Yasar Abu Ghosh (Charles University in Prague): Magic and Unthought: Genocide Denial and the Weaponisation of Antisemitism in Czechia<\/p>\n\n\n\n<p>Mihai S. Rusu (Lucian Blaga University of Sibiu): All Quiet on the Eastern Flank: Silencing a See-through Genocide in Romania<\/p>\n\n\n\n<p>17.00-17.15: Break<\/p>\n\n\n\n<p>17.15-19.00: Session II<\/p>\n\n\n\n<p>Monika Bobako (Adam Mickiewicz University in Pozna\u0144): The Politics and Epistemology of (Not) Seeing the Gaza Genocide. The Case of Poland<\/p>\n\n\n\n<p>Francesco Trupia (Nicolaus Copernicus University in Toru\u0144 &amp; CEU Democracy Institute): The Balkan Gaze on Gaza: Post-Memories and Solidarities<\/p>\n\n\n\n<p>Barbara Rajgelj (University of Ljubljana &amp; The Legal Network for the Protection of Democracy &amp; Grounded Festival): The Role of Civil Society and Academia in Shaping the Pro-Palestinian Stance of Slovenian Authorities<\/p>\n\n\n\n<p>Sanja Horvatin\u010di\u0107 (Institute of Art History in Zagreb): Breaking silence, unveiling complicity: Initiative for Academia of Solidarity and Epistemic Justice in Croatia<\/p>\n\n\n\n<p>Concluding Remarks and Discussion<\/p>\n\n\n\n<hr class=\"wp-block-separator has-alpha-channel-opacity\"\/>\n\n\n\n<p><em>The &#8216;Gaza Genocide&#8217; as Seen from East-Central and South-Eastern Europe. Between Complicity, Silence and Solidarity<\/em>, in: H-Soz-Kult, 02.12.2025, <a href=\"https:\/\/www.hsozkult.de\/event\/id\/event-159000\">https:\/\/www.hsozkult.de\/event\/id\/event-159000<\/a>.<\/p>\n\n\n\n<hr class=\"wp-block-separator has-alpha-channel-opacity\"\/>\n\n\n\n<p><a href=\"https:\/\/www.geschichte.uni-konstanz.de\/en\/research\/kolar\/panel-discussion-the-gaza-genocide-as-seen-from-east-central-and-south-eastern-europe-between-complicity-silence-and-solidarity\">https:\/\/www.geschichte.uni-konstanz.de\/en\/research\/kolar\/panel-discussion-the-gaza-genocide-as-seen-from-east-central-and-south-eastern-europe-between-complicity-silence-and-solidarity<\/a><\/p>\n\n\n\n<hr class=\"wp-block-separator has-alpha-channel-opacity\"\/>\n","protected":false},"excerpt":{"rendered":"","protected":false},"author":2,"featured_media":50145,"comment_status":"open","ping_status":"open","sticky":false,"template":"","format":"standard","meta":{"_acf_changed":false,"jetpack_post_was_ever_published":false,"_jetpack_newsletter_access":"","_jetpack_dont_email_post_to_subs":false,"_jetpack_newsletter_tier_id":0,"_jetpack_memberships_contains_paywalled_content":false,"_jetpack_memberships_contains_paid_content":false,"footnotes":"","jetpack_publicize_message":"","jetpack_publicize_feature_enabled":true,"jetpack_social_post_already_shared":true,"jetpack_social_options":{"image_generator_settings":{"template":"highway","default_image_id":0,"font":"","enabled":false},"version":2}},"categories":[3],"tags":[],"class_list":["post-50144","post","type-post","status-publish","format-standard","has-post-thumbnail","hentry","category-novosti"],"acf":{"facebook_opis":""},"jetpack_publicize_connections":[],"jetpack_featured_media_url":"https:\/\/i0.wp.com\/historiografija.hr\/wp-content\/uploads\/2025\/12\/Poster_Podium-scaled.jpg?fit=1811%2C2560&ssl=1","jetpack_sharing_enabled":true,"jetpack-related-posts":[],"_links":{"self":[{"href":"https:\/\/historiografija.hr\/index.php?rest_route=\/wp\/v2\/posts\/50144","targetHints":{"allow":["GET"]}}],"collection":[{"href":"https:\/\/historiografija.hr\/index.php?rest_route=\/wp\/v2\/posts"}],"about":[{"href":"https:\/\/historiografija.hr\/index.php?rest_route=\/wp\/v2\/types\/post"}],"author":[{"embeddable":true,"href":"https:\/\/historiografija.hr\/index.php?rest_route=\/wp\/v2\/users\/2"}],"replies":[{"embeddable":true,"href":"https:\/\/historiografija.hr\/index.php?rest_route=%2Fwp%2Fv2%2Fcomments&post=50144"}],"version-history":[{"count":1,"href":"https:\/\/historiografija.hr\/index.php?rest_route=\/wp\/v2\/posts\/50144\/revisions"}],"predecessor-version":[{"id":50146,"href":"https:\/\/historiografija.hr\/index.php?rest_route=\/wp\/v2\/posts\/50144\/revisions\/50146"}],"wp:featuredmedia":[{"embeddable":true,"href":"https:\/\/historiografija.hr\/index.php?rest_route=\/wp\/v2\/media\/50145"}],"wp:attachment":[{"href":"https:\/\/historiografija.hr\/index.php?rest_route=%2Fwp%2Fv2%2Fmedia&parent=50144"}],"wp:term":[{"taxonomy":"category","embeddable":true,"href":"https:\/\/historiografija.hr\/index.php?rest_route=%2Fwp%2Fv2%2Fcategories&post=50144"},{"taxonomy":"post_tag","embeddable":true,"href":"https:\/\/historiografija.hr\/index.php?rest_route=%2Fwp%2Fv2%2Ftags&post=50144"}],"curies":[{"name":"wp","href":"https:\/\/api.w.org\/{rel}","templated":true}]}}